{"id":39715,"date":"2020-11-06T13:06:59","date_gmt":"2020-11-06T13:06:59","guid":{"rendered":"http:\/\/earnado.com\/tr\/?p=39715"},"modified":"2023-01-06T10:37:02","modified_gmt":"2023-01-06T07:37:02","slug":"marka-kimligi-nedir-nasil-olusturulur-10-harika-ornek","status":"publish","type":"post","link":"https:\/\/earnado.com\/tr\/marka-kimligi-nedir-nasil-olusturulur-10-harika-ornek\/","title":{"rendered":"Marka Kimli\u011fi Nedir, Nas\u0131l Olu\u015fturulur 10 Harika \u00d6rnek"},"content":{"rendered":"<p>G\u00f6zlerinizi \u015f\u00f6yle bir kapat\u0131n ve akl\u0131n\u0131za gelen ilk markay\u0131 d\u00fc\u015f\u00fcn\u00fcn. Akl\u0131n\u0131zda neler canland\u0131? Akl\u0131n\u0131za gelen\u00a0 bu marka size neler hissettirdi? Belki logosu, belki harika tasarlanm\u0131\u015f ambalaj\u0131 belki de size hissettirdi\u011fi mutluluk ya da korku. \u0130\u015fte zihninizde canlanan t\u00fcm bunlar marka kimli\u011fini olu\u015fturur.<\/p>\n<p><a href=\"tel:\/\/08503601288\"><img fetchpriority=\"high\" decoding=\"async\" class=\"alignnone size-full wp-image-40361\" src=\"https:\/\/earnado.com\/tr\/wp-content\/uploads\/2020\/12\/isbuyutenbanner.jpg\" alt=\"isbuyutenbanner\" width=\"700\" height=\"233\" srcset=\"https:\/\/earnado.com\/tr\/wp-content\/uploads\/2020\/12\/isbuyutenbanner.jpg 700w, https:\/\/earnado.com\/tr\/wp-content\/uploads\/2020\/12\/isbuyutenbanner-600x200.jpg 600w, https:\/\/earnado.com\/tr\/wp-content\/uploads\/2020\/12\/isbuyutenbanner-300x100.jpg 300w\" sizes=\"(max-width: 700px) 100vw, 700px\" \/><\/a><\/p>\n<p>Bu yaz\u0131da<strong>, <a href=\"https:\/\/earnado.com\/tr\/sirket-marka-firma-isim-bulma-yontemleri\/\">marka kimli\u011fi<\/a><\/strong> nedir<strong>, marka kimli\u011fi nas\u0131l olu\u015fturulur<\/strong>, marka kimli\u011fini g\u00fc\u00e7l\u00fc olu\u015fturan markalar nelerdir bunlar\u0131 \u00f6\u011freneceksiniz.<\/p>\n<p>\u0130lginizi \u00c7ekebilir: <a href=\"https:\/\/earnado.com\/tr\/tuketici-satin-alma-karar-tipleri-nelerdir-satin-alma-karar-sureci-nasil-isler\/\">T\u00fcketicinin Sat\u0131n Alma Karar Tipleri Nelerdir?<\/a><\/p>\n<p><img decoding=\"async\" class=\"alignnone wp-image-39717 size-full\" src=\"https:\/\/earnado.com\/tr\/wp-content\/uploads\/2020\/11\/markakimliginasilolusturulur.jpg\" alt=\"markakimliginasilolusturulur\" width=\"700\" height=\"350\" srcset=\"https:\/\/earnado.com\/tr\/wp-content\/uploads\/2020\/11\/markakimliginasilolusturulur.jpg 700w, https:\/\/earnado.com\/tr\/wp-content\/uploads\/2020\/11\/markakimliginasilolusturulur-600x300.jpg 600w, https:\/\/earnado.com\/tr\/wp-content\/uploads\/2020\/11\/markakimliginasilolusturulur-300x150.jpg 300w\" sizes=\"(max-width: 700px) 100vw, 700px\" \/><\/p>\n<h2>Marka Kimli\u011fi Nedir?<\/h2>\n<p>Markala\u015fman\u0131n \u00f6nemli oldu\u011funu d\u00fc\u015f\u00fcn\u00fcyorsan\u0131z, hakl\u0131s\u0131n\u0131z. Markala\u015fmaya para harcaman\u0131z gerekti\u011fini d\u00fc\u015f\u00fcn\u00fcyorsan\u0131z, hakl\u0131s\u0131n\u0131z. Ancak markan\u0131z\u0131n g\u00f6rsel kimli\u011finiz oldu\u011funu d\u00fc\u015f\u00fcn\u00fcyorsan\u0131z( logo, web sitesi, \u00fcr\u00fcn ambalaj\u0131 vb.) o zaman tamamen yan\u0131l\u0131yorsunuz ve b\u00fcy\u00fck olas\u0131l\u0131kla \u00e7ok fazla para harc\u0131yorsunuz. &#8220;Marka&#8221; ve &#8220;logo&#8221; terimleri genellikle birbirinin yerine kullan\u0131l\u0131r. Ancak bir logo bir i\u015fletmenin sembol\u00fc olabilse de, bir markan\u0131n tamam\u0131 de\u011fildir. Asl\u0131nda, bir logo olu\u015fturmak, g\u00fc\u00e7l\u00fc bir marka geli\u015ftirmeye y\u00f6nelik k\u00fc\u00e7\u00fck bir ad\u0131md\u0131r.<\/p>\n<p>Muhtemelen bir markan\u0131n Nike, Apple, Google ve Coca Cola gibi b\u00fcy\u00fck markalar nedeniyle g\u00f6rsel bir kimlik oldu\u011funu d\u00fc\u015f\u00fcn\u00fcyorsunuz. Bu \u015firketleri logolar\u0131yla, ambalajlar\u0131yla, \u00fcr\u00fcnlerinin ve web sitelerinin benzersiz g\u00f6rsel stiliyle tan\u0131ml\u0131yoruz. Fakat\u2026<\/p>\n<p><strong>\u201cMarkala\u015fma G\u00f6rsel kimlikten daha g\u00fc\u00e7l\u00fcd\u00fcr.\u201d<\/strong><\/p>\n<p><img decoding=\"async\" class=\"alignnone wp-image-39755 size-full\" src=\"https:\/\/earnado.com\/tr\/wp-content\/uploads\/2020\/11\/marka-1.jpg\" alt=\"marka\" width=\"700\" height=\"350\" \/><\/p>\n<p>&nbsp;<\/p>\n<p>Milyonlarca, hatta milyarlarca i\u015fletmenin\u00a0kendilerine bir isim vermeye \u00e7al\u0131\u015ft\u0131\u011f\u0131 bir ortamda, g\u00fc\u00e7l\u00fc bir markaya sahip olmak, i\u015fletmelerin kendilerini rakiplerinden farkl\u0131la\u015ft\u0131rmalar\u0131 i\u00e7in \u00e7ok \u00f6nemli hale geldi.<\/p>\n<p>Marka kimli\u011fi, bir \u015firket taraf\u0131ndan marka imaj\u0131 olu\u015fturmak i\u00e7in kullan\u0131lan bir dizi ara\u00e7 veya unsurdur. Marka imaj\u0131, m\u00fc\u015fterilerin markayla ilgili \u00e7e\u015fitli ili\u015fkilendirmelerden olu\u015fan alg\u0131s\u0131 ve onunla etkile\u015fimle ilgili an\u0131lard\u0131r. Marka kimli\u011fi, markan\u0131z\u0131n s\u00f6ylediklerinden, de\u011ferlerinizin neler oldu\u011fundan, \u00fcr\u00fcn\u00fcn\u00fcz\u00fc nas\u0131l iletti\u011finizden ve insanlar\u0131n onunla etkile\u015fime girdiklerinde ne hissetmelerini istedi\u011finizden olu\u015fur. Esasen marka kimli\u011finiz, i\u015fletmenizin ki\u015fili\u011fi ve m\u00fc\u015fterilerinize verece\u011finiz bir s\u00f6zd\u00fcr. Bir b\u00fct\u00fcn olarak marka kimli\u011fi olu\u015ftururken kullan\u0131lan baz\u0131 ara\u00e7lar\u00a0vard\u0131r. Bunlar; marka ad\u0131, logo, slogan, markada kullan\u0131lan renkler ve grafik stilleri, ambalaj, ses ve ton, bir stil ve bir yaz\u0131 tipi gibi. Tabi ki bu ara\u00e7lar\u0131 \u00e7o\u011faltmak m\u00fcmk\u00fcnd\u00fcr.<\/p>\n<p>Jeff Bezos&#8217;un dedi\u011fi gibi, <strong>&#8220;Markala\u015fma<\/strong>, siz odada de\u011filken insanlar\u0131n sizin hakk\u0131n\u0131zda s\u00f6yledikleridir.&#8221;<\/p>\n<p>\u00dcr\u00fcn\u00fcn\u00fcz, siz sat\u0131\u015f\u0131 yapt\u0131ktan sonra m\u00fc\u015fterileriniz \u00fczerinde bir izlenim b\u0131rak\u0131r. Marka kimli\u011fi, bu izlenimi \u015fekillendirme s\u00fcrecidir. G\u00fc\u00e7l\u00fc bir marka kimli\u011fi bir gecede olu\u015famaz. Birka\u00e7 renk se\u00e7ip bir logoyu bir araya getiremezsiniz. Tasar\u0131m\u0131n\u0131za stratejik olarak yakla\u015fman\u0131z gerekiyor. Bu, derin d\u00fc\u015f\u00fcnme, g\u00fc\u00e7l\u00fc ileti\u015fim ve tasar\u0131m becerilerine sahip bir ekip ve markan\u0131z hakk\u0131nda samimi bir anlay\u0131\u015f gerektirir.<\/p>\n<p>Nihayetinde marka kimli\u011fi, d\u00fcnyayla ileti\u015fim kurman\u0131n, kendinizi rakiplerinizden ay\u0131rman\u0131n ve insanlar\u0131 sizinle etkile\u015fim kurmaya te\u015fvik eden bir marka deneyimi yaratman\u0131n bir yoludur. Kim oldu\u011funuzu ba\u015far\u0131l\u0131 bir \u015fekilde iletebildi\u011finizde, insanlarla daha iyi ileti\u015fim kurabilir ve uzun vadeli ba\u015far\u0131 i\u00e7in ihtiyac\u0131n\u0131z olan g\u00fc\u00e7l\u00fc ili\u015fkileri kurabilirsiniz.<\/p>\n<p>\u00d6neri i\u00e7erik: <a href=\"https:\/\/earnado.com\/tr\/swot-analizi-nedir-nasil-yapilir-5-swot-ornegi\/\">Swot analizi<\/a><\/p>\n<h3>Marka Kimli\u011fi Neleri \u0130\u00e7erir?<\/h3>\n<p>Bir logo ve bir renk paleti tek ba\u015f\u0131na bir marka kimli\u011fi olu\u015fturmaz. Kimli\u011finizi tasarlarken, web sitenizden ambalaj\u0131n\u0131za kadar her \u015feye uygulanabilecek kapsaml\u0131 bir g\u00f6rsel dil olu\u015fturman\u0131z gerekir. Markan\u0131za (ve olu\u015fturmay\u0131 planlad\u0131\u011f\u0131n\u0131z i\u00e7eri\u011fin t\u00fcr\u00fcne) ba\u011fl\u0131 olarak ihtiya\u00e7lar\u0131n\u0131z daha kapsaml\u0131 olabilir, ancak temel bir marka kimli\u011fi \u015funlar\u0131 i\u00e7erir:<\/p>\n<ul>\n<li>Logo<\/li>\n<li>Renkler<\/li>\n<li>Tipografi<\/li>\n<li>Tasar\u0131m<\/li>\n<li>Foto\u011fraf<\/li>\n<li>\u0130ll\u00fcstrasyon<\/li>\n<li>\u0130nfografik<\/li>\n<li>Video<\/li>\n<li>Web Tasar\u0131m<\/li>\n<\/ul>\n<h3>G\u00fc\u00e7l\u00fc Bir Marka Kimli\u011finin Anahtarlar\u0131<\/h3>\n<p>G\u00fc\u00e7l\u00fc bir marka kimli\u011finin, hem dahili ekibiniz (\u00f6r. Marka el\u00e7ileri, i\u00e7erik yarat\u0131c\u0131lar\u0131) hem de onunla etkile\u015fime girecek ki\u015filer (\u00f6r. M\u00fc\u015fteriler) i\u00e7in herkes i\u00e7in \u00e7al\u0131\u015fmas\u0131 gerekir. Tasar\u0131m s\u00fcrecine ba\u015flarken marka kimli\u011finizin \u015fu \u00f6zelliklere sahip oldu\u011fundan emin olun:<\/p>\n<ul>\n<li>Farkl\u0131: Rakipler aras\u0131nda \u00f6ne \u00e7\u0131k\u0131n ve insanlar\u0131n dikkatini \u00e7ekin.<\/li>\n<li>Ak\u0131lda Kal\u0131c\u0131: G\u00f6rsel bir etki yarat\u0131n. (Apple&#8217;\u0131 d\u00fc\u015f\u00fcn\u00fcn: Logo o kadar ak\u0131lda kal\u0131c\u0131 ki, \u00fcr\u00fcnlerinde isimlerini de\u011fil, sadece logoyu i\u00e7eriyor.)<\/li>\n<li>\u00d6l\u00e7eklenebilir ve esnek: Marka ile b\u00fcy\u00fcyebilir ve geli\u015febilir.<\/li>\n<li>B\u00fct\u00fcnl\u00fck: Her par\u00e7a marka kimli\u011fini tamamlar.<\/li>\n<\/ul>\n<p>Bu unsurlardan herhangi biri eksikse, marka ekibinizin i\u015fini iyi yapmas\u0131 zor olabilir.<\/p>\n<p>Mutlaka Okuyun!: <a href=\"https:\/\/earnado.com\/tr\/startuplar-icin-marka-ismi-bulma-yontemleri-12-onemli-adim\/\">Startuplar i\u00e7in Marka \u0130s<\/a><a href=\"https:\/\/earnado.com\/tr\/startuplar-icin-marka-ismi-bulma-yontemleri-12-onemli-adim\/\">mi Bulma Y\u00f6ntemleri<\/a><\/p>\n<h3><img loading=\"lazy\" decoding=\"async\" class=\"alignnone wp-image-53948\" style=\"font-size: 16px;\" src=\"https:\/\/earnado.com\/tr\/wp-content\/uploads\/2020\/11\/images.png\" alt=\"images\" width=\"700\" height=\"350\" srcset=\"https:\/\/earnado.com\/tr\/wp-content\/uploads\/2020\/11\/images.png 700w, https:\/\/earnado.com\/tr\/wp-content\/uploads\/2020\/11\/images-300x150.png 300w, https:\/\/earnado.com\/tr\/wp-content\/uploads\/2020\/11\/images-600x300.png 600w\" sizes=\"(max-width: 700px) 100vw, 700px\" \/><\/h3>\n<p>&nbsp;<\/p>\n<h2>Marka Kimli\u011fi Nas\u0131l Olu\u015fturulur?<\/h2>\n<p>S\u00fcreci sizin i\u00e7in\u00a0ayd\u0131nlatmak amac\u0131yla, bir marka kimli\u011fi olu\u015fturmak i\u00e7in bu ad\u0131m ad\u0131m k\u0131lavuzu haz\u0131rlad\u0131k. Markan\u0131z ilk a\u015famalar\u0131ndaysa veya yeniden markala\u015fmaya haz\u0131rlan\u0131yorsa ve nereden ba\u015flayaca\u011f\u0131n\u0131zdan emin de\u011filseniz, s\u00fcre\u00e7te sorunsuz bir \u015fekilde ilerlemek ve sizi ba\u015far\u0131ya haz\u0131rlayan daha g\u00fc\u00e7l\u00fc bir marka kimli\u011fi olu\u015fturmak i\u00e7i<\/p>\n<p>n bu ipu\u00e7lar\u0131n\u0131 izleyin.<\/p>\n<h3>1.Marka Stratejinizi Tan\u0131mlay\u0131n<\/h3>\n<p>Marka stratejiniz, tam olarak neyi ba\u015farmaya \u00e7al\u0131\u015ft\u0131\u011f\u0131n\u0131z\u0131 ve bunu nas\u0131l ba\u015faraca\u011f\u0131n\u0131z\u0131 \u00f6zetleyen ayr\u0131nt\u0131l\u0131 bir pland\u0131r. \u015eunlardan olu\u015fur:<\/p>\n<ul>\n<li>Marka Kalbi(ama\u00e7, vizyon, misyon, de\u011ferler)<\/li>\n<li>Marka Mesaj\u0131(marka sesi, marka ki\u015fili\u011fi, slogan vb.)<\/li>\n<li>Marka Kimli\u011fi(logo, renk, tipografi vb.)<\/li>\n<\/ul>\n<p>Marka kimli\u011finiz, markan\u0131z\u0131 g\u00f6rsel olarak iletmenize yard\u0131mc\u0131 olacak ve dolay\u0131s\u0131yla marka stratejinizi destekleyen bir ara\u00e7t\u0131r. Bu nedenle, marka kimli\u011finize dalmadan \u00f6nce, tamamen ayr\u0131nt\u0131l\u0131 bir stratejiye sahip olmak \u00f6nemlidir.<\/p>\n<p>G\u00fc\u00e7l\u00fc bir marka kimli\u011fi tasarlamak i\u00e7in marka stratejinizin temel \u00e7al\u0131\u015fmas\u0131n\u0131, \u00f6zellikle Marka Kalbinizi ve Marka Mesaj\u0131n\u0131z\u0131 tamamlaman\u0131z gerekir. Bunlar, neyle ileti\u015fim kurmaya \u00e7al\u0131\u015ft\u0131\u011f\u0131n\u0131z\u0131 anlaman\u0131za yard\u0131mc\u0131 olur, b\u00f6ylece bunu ba\u015far\u0131l\u0131 bir \u015fekilde yapan bir marka kimli\u011fi tasarlayabilirsiniz.<\/p>\n<h3>2.Mevcut Marka Kimli\u011finizi Ke\u015ffedin<\/h3>\n<p>Bir markala\u015fma projesine ba\u015flad\u0131\u011f\u0131n\u0131zda, her a\u015famaya felsefi ve son derece kritik bir bak\u0131\u015f a\u00e7\u0131s\u0131yla yakla\u015fmak istersiniz &#8211; markan\u0131z\u0131n \u00f6z\u00fcne ula\u015fana kadar inceleyin, d\u00fcrt\u00fcn ve \u00fcretin. Marka kimli\u011finizi tamamen s\u0131f\u0131rdan olu\u015fturuyor veya eski bir kimli\u011fi g\u00fcncelliyor olun, a\u015fa\u011f\u0131dakilerin tam bir de\u011ferlendirmesine ihtiyac\u0131n\u0131z var:<\/p>\n<ul>\n<li>Markan\u0131z\u0131n kimli\u011finin mevcut durumu<\/li>\n<li>Bu marka kimli\u011fi, ilerideki hedeflerinizle uyumlu olacak \u015fekilde nas\u0131l olu\u015fturulabilir veya de\u011fi\u015ftirilebilir?<\/li>\n<\/ul>\n<p>Ama\u00e7, markan\u0131z\u0131n hem i\u00e7eride hem de d\u0131\u015far\u0131da nas\u0131l alg\u0131land\u0131\u011f\u0131n\u0131 anlamakt\u0131r. Nas\u0131l ve nerede ba\u015far\u0131l\u0131 oldu\u011funuzu ya da nas\u0131l do\u011fru yola \u00e7\u0131kman\u0131z gerekti\u011fini anlaman\u0131n tek yolu d\u00fcr\u00fcst ve do\u011fru bir \u015fekilde d\u00fc\u015f\u00fcnmektir.<\/p>\n<h3>3.Ki\u015fili\u011finizi Tan\u0131y\u0131n<\/h3>\n<p>Marka kimli\u011finiz, t\u00fcm d\u00fcnya ile etkile\u015fime giren &#8220;y\u00fcz&#8221; d\u00fcr. Ne yarat\u0131rsan\u0131z yarat\u0131n, kim oldu\u011funuzu do\u011fru bir \u015fekilde iletmelidir. Bununla birlikte, yayg\u0131n bir yan\u0131lg\u0131, marka kimli\u011finin yaln\u0131zca markan\u0131z\u0131n sunmak istedi\u011fi \u015fey taraf\u0131ndan bilgilendirildi\u011fidir. Bu tamamen do\u011fru de\u011fil. Ayr\u0131ca, markan\u0131z\u0131n m\u00fc\u015fterilerinin neyle etkile\u015fimde bulunmak istedikleri veya etkile\u015fime ge\u00e7meye al\u0131\u015ft\u0131klar\u0131 \u015feylerle de bilgilendirilir. Kimli\u011finiz onlarda yank\u0131 uyand\u0131rmazsa, etkili olmayacakt\u0131r. Marka ki\u015fili\u011fi, marka hedef kitlesi ile uyumlu oldu\u011fu kadar i\u00e7ine do\u011fdu\u011fu kurumun de\u011ferleri ile de \u00f6zde\u015fmelidir. \u00c7\u00fcnk\u00fc; markalar t\u00fcketicilerin zihninde ki\u015filikleri arac\u0131l\u0131\u011f\u0131yla kendilerini yans\u0131t\u0131p, anlatabilirler. T\u00fcketiciler, kendi ki\u015filik \u00f6zellikleri ile \u00f6rt\u00fc\u015fen markalar\u0131\u00a0 kendilerine daha yak\u0131n bulmaktad\u0131rlar.<\/p>\n<p>Bu, markan\u0131z\u0131n m\u00fc\u015fterilerinin logo renginizi se\u00e7ece\u011fi anlam\u0131na gelmez; ihtiya\u00e7lar\u0131n\u0131, isteklerini ve de\u011ferlerini anlad\u0131ktan sonra daha etkili tasar\u0131m se\u00e7imleri yapaca\u011f\u0131n\u0131z anlam\u0131na gelir.<\/p>\n<h3>4.Rekabetinizi Belirleyin<\/h3>\n<p>Bir marka kimli\u011fi olu\u015fturmak tamamen farkl\u0131la\u015fma ile ilgilidir; markan\u0131z\u0131 g\u00f6r\u00fcn\u00fcr, alakal\u0131 ve benzersiz k\u0131lmak. Bununla birlikte, rekabet ortam\u0131n\u0131z\u0131 sa\u011flam bir \u015fekilde anlarsan\u0131z, uyum sa\u011flamak kolayd\u0131r. Bu nedenle, yaln\u0131zca rakiplerinizin\u00a0 kim oldu\u011funu de\u011fil, markan\u0131z\u0131n alg\u0131 ve sunum a\u00e7\u0131s\u0131ndan nas\u0131l kar\u015f\u0131land\u0131\u011f\u0131n\u0131 anlamak \u00e7ok \u00f6nemlidir. Markan\u0131z\u0131n\u00a0 rekabet ko\u015fullar\u0131n\u0131 belirleyip, \u00fcst\u00a0 safhalarda\u00a0 yer almal\u0131s\u0131n\u0131z.<\/p>\n<h3>5.\u00d6\u011felerinizi Tasarlay\u0131n<\/h3>\n<p>\u0130\u015fte e\u011flenceli (ve zorlu) k\u0131s\u0131m geliyor. Her bir \u00f6\u011fe di\u011ferini etkiledi\u011fi i\u00e7in, her bir \u00f6\u011feyi burada belirtilen s\u0131rayla tasarlamak istiyorsunuz.<\/p>\n<h4>Logo<\/h4>\n<p>Marka kimli\u011fi, karma\u015f\u0131k bir tasar\u0131m sistemidir. Her \u00f6\u011fe di\u011ferini etkiler, ancak logonuzla ba\u015flar. Logo; markan\u0131z\u0131 temsil eden \u015fekildir. Kimli\u011finize uygun bir logo se\u00e7in. Marka logonuz ak\u0131lda kal\u0131c\u0131\u00a0 ve hedef\u00a0 kitlenizi\u00a0 g\u00f6z \u00f6n\u00fcnde bulundurarak\u00a0 tasarlamal\u0131s\u0131n\u0131z. Marka logonuz di\u011fer markalardan ayr\u0131\u015fan sizi\u00a0 ve hizmetlerinizi\u00a0 yans\u0131tan nitelikte olmal\u0131d\u0131r.<\/p>\n<h4>Renkler<\/h4>\n<p>Sa\u011flam bir logoya sahip oldu\u011funuzda, renk paletinizi ke\u015ffedebilirsiniz. Renk, markan\u0131z\u0131 rakiplerinizden ay\u0131rmak i\u00e7in harika bir ara\u00e7t\u0131r, ancak rengin de g\u00fc\u00e7l\u00fc duygular uyand\u0131rabilece\u011fini bilin, bu nedenle ak\u0131ll\u0131ca se\u00e7in. \u0130deal olan 2-3\u00a0 renk kullan\u0131lmas\u0131d\u0131r. Dikkat edilmesi gereken en \u00f6nemli unsur \u00f6zg\u00fcnl\u00fckt\u00fcr.<\/p>\n<h4>Tipografi<\/h4>\n<p>Kimli\u011finizdeki her g\u00f6rsel unsur, tutarl\u0131 bir g\u00f6rsel dile katk\u0131da bulunmal\u0131 ve dolay\u0131s\u0131yla her biri di\u011ferini tamamlamal\u0131d\u0131r. Bu \u00f6zellikle logonuzun \u015fekline g\u00f6re bilgilendirilmesi gereken tipografi i\u00e7in ge\u00e7erlidir. Tipografi\u00a0 \u00e7al\u0131\u015fmalar\u0131\u00a0 ile son derece dikkat \u00e7eken, estetik sonu\u00e7lar elde edilebilir. \u0130sterseniz \u00f6rne\u011fimizi inceleyelim.<\/p>\n<h4><img loading=\"lazy\" decoding=\"async\" class=\"alignnone size-full wp-image-53946\" src=\"https:\/\/earnado.com\/tr\/wp-content\/uploads\/2020\/11\/typo2.jpg\" alt=\"typo2\" width=\"700\" height=\"350\" srcset=\"https:\/\/earnado.com\/tr\/wp-content\/uploads\/2020\/11\/typo2.jpg 700w, https:\/\/earnado.com\/tr\/wp-content\/uploads\/2020\/11\/typo2-300x150.jpg 300w, https:\/\/earnado.com\/tr\/wp-content\/uploads\/2020\/11\/typo2-600x300.jpg 600w\" sizes=\"(max-width: 700px) 100vw, 700px\" \/><\/h4>\n<p>&nbsp;<\/p>\n<h4>Foto\u011fraflar<\/h4>\n<p>Foto\u011fraf, \u00fcr\u00fcn resimlerinizden reklamlar\u0131n\u0131za kadar marka kimli\u011finizde b\u00fcy\u00fck rol oynar. Uygun olan ve olmayan g\u00f6r\u00fcnt\u00fc t\u00fcrleri (ve g\u00f6rsel tedaviler) hakk\u0131nda net y\u00f6nergeler belirlemek \u00f6nemlidir.<\/p>\n<p>&nbsp;<\/p>\n<h2>10 Harika Marka Kimli\u011fi \u00d6rne\u011fi<\/h2>\n<p><img loading=\"lazy\" decoding=\"async\" class=\"alignnone wp-image-39756 size-full\" src=\"https:\/\/earnado.com\/tr\/wp-content\/uploads\/2020\/11\/marka-2.jpg\" alt=\"cocacola\" width=\"700\" height=\"350\" srcset=\"https:\/\/earnado.com\/tr\/wp-content\/uploads\/2020\/11\/marka-2.jpg 700w, https:\/\/earnado.com\/tr\/wp-content\/uploads\/2020\/11\/marka-2-600x300.jpg 600w, https:\/\/earnado.com\/tr\/wp-content\/uploads\/2020\/11\/marka-2-300x150.jpg 300w\" sizes=\"(max-width: 700px) 100vw, 700px\" \/><\/p>\n<h4>1. Coca Cola<\/h4>\n<p>Coca-Cola ad\u0131n\u0131 duydu\u011funuzda, muhtemelen yukar\u0131da g\u00f6sterilen tan\u0131nm\u0131\u015f logosunu hayal etmi\u015fsinizdir. Ama ayn\u0131 zamanda kutup ay\u0131s\u0131n\u0131, k\u0131rm\u0131z\u0131 rengi, &#8220;Kola Payla\u015f&#8221; kampanyas\u0131n\u0131 veya kutular\u0131n\u0131n \u00fczerinde yer alan \u015ferit benzeri klasik g\u00f6r\u00fcnt\u00fcleri de d\u00fc\u015f\u00fcnebilirsiniz. \u0130\u015fte Coca-Cola&#8217;n\u0131n marka kimli\u011fini olu\u015fturan iki \u015fey:<\/p>\n<ul>\n<li>Coca-Cola&#8217;n\u0131n marka kimli\u011fi, senaryo metninde k\u0131rm\u0131z\u0131 bir logo ile ba\u015flar. K\u0131rm\u0131z\u0131 renk, kola i\u00e7en ki\u015fiye g\u00fcven verirken, komut dosyas\u0131 yaz\u0131 tipi tamamen keyifle ilgilidir. \u00d6rne\u011fin kahve, sabah i\u015ften \u00f6nce i\u00e7ti\u011finiz bir i\u00e7ecektir. Coca-Cola, \u00f6\u011fleden sonra i\u015finiz bitti\u011finde keyif ald\u0131\u011f\u0131n\u0131z bir i\u00e7ecektir. Bu, markan\u0131n &#8220;y\u00fcz\u00fc&#8221; d\u00fcr.<\/li>\n<li>Coca-Cola, logosunu benzersiz \u015fekilli bir \u015fi\u015feye basar (do\u011frudur, ba\u015fka hi\u00e7bir i\u00e7ecekte tam olarak buna benzer \u015fi\u015feler yoktur). Bu, m\u00fc\u015fterilere bir taklit almad\u0131klar\u0131n\u0131 s\u00f6yl\u00fcyor &#8211; bu ger\u00e7ek. Marka bu \u015fekilde itibar ve g\u00fcven geli\u015ftirir.<\/li>\n<\/ul>\n<h4><img loading=\"lazy\" decoding=\"async\" class=\"alignnone wp-image-39757 size-full\" src=\"https:\/\/earnado.com\/tr\/wp-content\/uploads\/2020\/11\/mavi-1.jpg\" alt=\"mavi\" width=\"700\" height=\"350\" \/><\/h4>\n<h4>2. Mavi Jeans<\/h4>\n<p>Mavi \u00fcr\u00fcn itici g\u00fcc\u00fc olarak verdi\u011fi mesaj itibariyle her bedene uygun rahatl\u0131k, kullan\u0131c\u0131 profili olarak gen\u00e7ler ve kendini gen\u00e7 hissedenler, akdeniz k\u00fclt\u00fcr\u00fc etraf\u0131nda t\u00fcketicileri birle\u015ftirmek, gizemli, ilham verici, samimi, s\u0131cak, ne\u015feli ve egzotik bir marka kimli\u011fi olu\u015fturmu\u015ftur.<\/p>\n<h4><img loading=\"lazy\" decoding=\"async\" class=\"alignnone wp-image-39758 size-full\" src=\"https:\/\/earnado.com\/tr\/wp-content\/uploads\/2020\/11\/turkcell.jpg\" alt=\"turkcell\" width=\"700\" height=\"350\" srcset=\"https:\/\/earnado.com\/tr\/wp-content\/uploads\/2020\/11\/turkcell.jpg 700w, https:\/\/earnado.com\/tr\/wp-content\/uploads\/2020\/11\/turkcell-600x300.jpg 600w, https:\/\/earnado.com\/tr\/wp-content\/uploads\/2020\/11\/turkcell-300x150.jpg 300w\" sizes=\"(max-width: 700px) 100vw, 700px\" \/><\/h4>\n<h4>3. Turkcell<\/h4>\n<p>\u0130tiraf edin Turkcell deyince akl\u0131n\u0131za ilk gelen selocanlar, emocanlar oluyor. T\u00fcketicinin alg\u0131s\u0131nda sekt\u00f6rdeki dengesizliklere ra\u011fmen kaliteli ve her yerde \u00e7eken operat\u00f6r imaj\u0131 ile yer etmi\u015ftir.<\/p>\n<h4><img loading=\"lazy\" decoding=\"async\" class=\"alignnone wp-image-39760 size-full\" src=\"https:\/\/earnado.com\/tr\/wp-content\/uploads\/2020\/11\/apple.jpg\" alt=\"apple\" width=\"700\" height=\"350\" srcset=\"https:\/\/earnado.com\/tr\/wp-content\/uploads\/2020\/11\/apple.jpg 700w, https:\/\/earnado.com\/tr\/wp-content\/uploads\/2020\/11\/apple-600x300.jpg 600w, https:\/\/earnado.com\/tr\/wp-content\/uploads\/2020\/11\/apple-300x150.jpg 300w\" sizes=\"(max-width: 700px) 100vw, 700px\" \/><\/h4>\n<h4>4. Apple<\/h4>\n<p>Sade ve \u015f\u0131k tasar\u0131mlar\u0131yla arkada\u015f canl\u0131s\u0131, yarat\u0131c\u0131, sezgisel mesajlar\u0131 vermektedir.<\/p>\n<h4><img loading=\"lazy\" decoding=\"async\" class=\"alignnone wp-image-39762 size-full\" src=\"https:\/\/earnado.com\/tr\/wp-content\/uploads\/2020\/11\/asana.jpg\" alt=\"asana\" width=\"700\" height=\"350\" srcset=\"https:\/\/earnado.com\/tr\/wp-content\/uploads\/2020\/11\/asana.jpg 700w, https:\/\/earnado.com\/tr\/wp-content\/uploads\/2020\/11\/asana-600x300.jpg 600w, https:\/\/earnado.com\/tr\/wp-content\/uploads\/2020\/11\/asana-300x150.jpg 300w\" sizes=\"(max-width: 700px) 100vw, 700px\" \/><\/h4>\n<h4>5. Asana<\/h4>\n<p>Asana&#8217;n\u0131n misyonu, &#8220;d\u00fcnya ekiplerinin zahmetsizce birlikte \u00e7al\u0131\u015fmas\u0131n\u0131 sa\u011flayarak insanl\u0131\u011f\u0131n geli\u015fmesine yard\u0131mc\u0131 olmakt\u0131r.&#8221; Logodaki \u00fc\u00e7 nokta, denge ve i\u015fbirli\u011fini ifade edecek \u015fekilde birlikte d\u00fczenlenmi\u015ftir.<\/p>\n<h4><img loading=\"lazy\" decoding=\"async\" class=\"alignnone wp-image-39763 size-full\" src=\"https:\/\/earnado.com\/tr\/wp-content\/uploads\/2020\/11\/starbucks.jpg\" alt=\"starbucks\" width=\"700\" height=\"350\" srcset=\"https:\/\/earnado.com\/tr\/wp-content\/uploads\/2020\/11\/starbucks.jpg 700w, https:\/\/earnado.com\/tr\/wp-content\/uploads\/2020\/11\/starbucks-600x300.jpg 600w, https:\/\/earnado.com\/tr\/wp-content\/uploads\/2020\/11\/starbucks-300x150.jpg 300w\" sizes=\"(max-width: 700px) 100vw, 700px\" \/><\/h4>\n<h4>6. Starbucks<\/h4>\n<p>Starbucks her zaman prosed\u00fcr d\u0131\u015f\u0131na \u00e7\u0131kan bir marka olmu\u015ftur. Herkesin gitti\u011fi yoldan de\u011fil kendi \u00e7izdi\u011fi yoldan gitmeyi tercih etmi\u015f ve bu yap\u0131s\u0131yla da m\u00fc\u015fterilerinin kalbinde yer edinmi\u015ftir.<\/p>\n<h4><img loading=\"lazy\" decoding=\"async\" class=\"alignnone wp-image-39768 size-full\" src=\"https:\/\/earnado.com\/tr\/wp-content\/uploads\/2020\/11\/harleydavidson.jpg\" alt=\"harleydavidson\" width=\"700\" height=\"350\" srcset=\"https:\/\/earnado.com\/tr\/wp-content\/uploads\/2020\/11\/harleydavidson.jpg 700w, https:\/\/earnado.com\/tr\/wp-content\/uploads\/2020\/11\/harleydavidson-600x300.jpg 600w, https:\/\/earnado.com\/tr\/wp-content\/uploads\/2020\/11\/harleydavidson-300x150.jpg 300w\" sizes=\"(max-width: 700px) 100vw, 700px\" \/><\/h4>\n<h4>7. Harley Davidson<\/h4>\n<p>Kendilerini \u201cbir motosiklet organizasyonundan \u00e7ok daha fazlas\u0131\u201d olarak tan\u0131mlayan Harley Davidson kullan\u0131c\u0131lar\u0131, ortak tutkular\u0131yla Harley-Davidson hayalini bir hayat tarz\u0131 haline getirme iddias\u0131n\u0131 ta\u015f\u0131maktad\u0131r.<\/p>\n<h4><img loading=\"lazy\" decoding=\"async\" class=\"alignnone wp-image-39775 size-full\" src=\"https:\/\/earnado.com\/tr\/wp-content\/uploads\/2020\/11\/nike.jpg\" alt=\"nike\" width=\"700\" height=\"350\" srcset=\"https:\/\/earnado.com\/tr\/wp-content\/uploads\/2020\/11\/nike.jpg 700w, https:\/\/earnado.com\/tr\/wp-content\/uploads\/2020\/11\/nike-600x300.jpg 600w, https:\/\/earnado.com\/tr\/wp-content\/uploads\/2020\/11\/nike-300x150.jpg 300w\" sizes=\"(max-width: 700px) 100vw, 700px\" \/><\/h4>\n<h4>8. Nike<\/h4>\n<p>Nike\u2019\u0131n en \u00f6nemli \u00fcr\u00fcn \u00f6zelli\u011fi, ba\u015fta ko\u015fu olmak \u00fczere tenis ve basketbol gibi spesifik \u00f6zellikler gerektiren ayakkab\u0131 tasar\u0131mlar\u0131na cevap verebiliyor olmas\u0131. Yeni, ayk\u0131r\u0131, geli\u015ftirilmeye a\u00e7\u0131k fikirler her zaman markan\u0131n radar\u0131nda tutuluyor.<\/p>\n<h4><img loading=\"lazy\" decoding=\"async\" class=\"alignnone wp-image-39772 size-full\" src=\"https:\/\/earnado.com\/tr\/wp-content\/uploads\/2020\/11\/dove.jpg\" alt=\"dove\" width=\"700\" height=\"350\" srcset=\"https:\/\/earnado.com\/tr\/wp-content\/uploads\/2020\/11\/dove.jpg 700w, https:\/\/earnado.com\/tr\/wp-content\/uploads\/2020\/11\/dove-600x300.jpg 600w, https:\/\/earnado.com\/tr\/wp-content\/uploads\/2020\/11\/dove-300x150.jpg 300w\" sizes=\"(max-width: 700px) 100vw, 700px\" \/><\/h4>\n<h4>9. Dove<\/h4>\n<p>Logo ve marka renklerinde mavi ve beyaz\u0131 kullanan Dove, do\u011fal, yumu\u015fak ve arkada\u015f canl\u0131s\u0131 imaj\u0131yla g\u00fczelli\u011fi yeniden tan\u0131ml\u0131yor.<\/p>\n<h4><img loading=\"lazy\" decoding=\"async\" class=\"alignnone wp-image-39774 size-full\" src=\"https:\/\/earnado.com\/tr\/wp-content\/uploads\/2020\/11\/popfit.jpg\" alt=\"popfit\" width=\"700\" height=\"350\" srcset=\"https:\/\/earnado.com\/tr\/wp-content\/uploads\/2020\/11\/popfit.jpg 700w, https:\/\/earnado.com\/tr\/wp-content\/uploads\/2020\/11\/popfit-600x300.jpg 600w, https:\/\/earnado.com\/tr\/wp-content\/uploads\/2020\/11\/popfit-300x150.jpg 300w\" sizes=\"(max-width: 700px) 100vw, 700px\" \/><\/h4>\n<h4>10. POP Fit<\/h4>\n<p>POP Fit, pembeler, morlar, sar\u0131lar ile g\u00fczel bir markaya sahiptir ancak onu ilgi \u00e7ekici yapan bu de\u011fildir. POP Fit, v\u00fccut pozitifli\u011finin \u00f6nemli oldu\u011fu fikri \u00fczerine in\u015fa edildi. Bu y\u00fczden boyutlar\u0131 XXS ile 4XL aras\u0131nda de\u011fi\u015fiyor ve d\u00f6rt y\u00f6nl\u00fc esnemeye sahip imza kuma\u015f\u0131na sahip.<\/p>\n<p>&nbsp;<\/p>\n<p>Burada bahsedilmeyen milyonlarca hatta milyarlarca marka kimli\u011fi \u00f6rnekleri vard\u0131r. O zaman siz de marka kimli\u011finizi in\u015fa etmek i\u00e7in s\u0131k\u0131 \u00e7al\u0131\u015fmaya haz\u0131rlan\u0131n. Yukar\u0131da vermi\u015f oldu\u011fumuz maddeleri inceleyip uygularsan\u0131z ba\u015far\u0131 ka\u00e7\u0131n\u0131lmazd\u0131r.<\/p>\n","protected":false},"excerpt":{"rendered":"<p>G\u00f6zlerinizi \u015f\u00f6yle bir kapat\u0131n ve akl\u0131n\u0131za gelen ilk markay\u0131 d\u00fc\u015f\u00fcn\u00fcn. Akl\u0131n\u0131zda neler canland\u0131? Akl\u0131n\u0131za gelen\u00a0 bu marka size neler hissettirdi? Belki logosu, belki harika tasarlanm\u0131\u015f ambalaj\u0131 belki de size hissettirdi\u011fi mutluluk ya da korku. \u0130\u015fte zihninizde canlanan t\u00fcm bunlar marka&#8230;<\/p>\n","protected":false},"author":97,"featured_media":39789,"comment_status":"open","ping_status":"closed","sticky":false,"template":"","format":"standard","meta":{"footnotes":""},"categories":[102,64,244],"tags":[],"class_list":["post-39715","post","type-post","status-publish","format-standard","has-post-thumbnail","hentry","category-girisimcilik","category-is-gelistirme","category-markalasma"],"yoast_head":"<!-- This site is optimized with the Yoast SEO plugin v22.7 - https:\/\/yoast.com\/wordpress\/plugins\/seo\/ -->\n<title>Marka Kimli\u011fi Nedir, Nas\u0131l Olu\u015fturulur 10 Harika \u00d6rnek - Earnado<\/title>\n<meta name=\"description\" content=\"Marka kimli\u011fi, markan\u0131z\u0131n s\u00f6ylediklerinden, de\u011ferlerinizin neler s\u00f6yledi\u011finden ve haf\u0131zalarda nas\u0131l yer etti\u011finden olu\u015fur.\" \/>\n<meta name=\"robots\" content=\"index, follow, max-snippet:-1, max-image-preview:large, max-video-preview:-1\" \/>\n<link rel=\"canonical\" href=\"https:\/\/earnado.com\/tr\/marka-kimligi-nedir-nasil-olusturulur-10-harika-ornek\/\" \/>\n<meta property=\"og:locale\" content=\"tr_TR\" \/>\n<meta property=\"og:type\" content=\"article\" \/>\n<meta property=\"og:title\" content=\"Marka Kimli\u011fi Nedir, Nas\u0131l Olu\u015fturulur 10 Harika \u00d6rnek - Earnado\" \/>\n<meta property=\"og:description\" content=\"Marka kimli\u011fi, markan\u0131z\u0131n s\u00f6ylediklerinden, de\u011ferlerinizin neler s\u00f6yledi\u011finden ve haf\u0131zalarda nas\u0131l yer etti\u011finden olu\u015fur.\" \/>\n<meta property=\"og:url\" content=\"https:\/\/earnado.com\/tr\/marka-kimligi-nedir-nasil-olusturulur-10-harika-ornek\/\" \/>\n<meta property=\"og:site_name\" content=\"Earnado\" \/>\n<meta property=\"article:published_time\" content=\"2020-11-06T13:06:59+00:00\" \/>\n<meta property=\"article:modified_time\" content=\"2023-01-06T07:37:02+00:00\" \/>\n<meta property=\"og:image\" content=\"https:\/\/earnado.com\/tr\/wp-content\/uploads\/2020\/11\/Marka-kimligi-nedir.png\" \/>\n\t<meta property=\"og:image:width\" content=\"768\" \/>\n\t<meta property=\"og:image:height\" content=\"402\" \/>\n\t<meta property=\"og:image:type\" content=\"image\/png\" \/>\n<meta name=\"author\" content=\"\u0130rem Y\u0131ld\u0131z\" \/>\n<meta name=\"twitter:card\" content=\"summary_large_image\" \/>\n<meta name=\"twitter:label1\" content=\"Yazan:\" \/>\n\t<meta name=\"twitter:data1\" content=\"\u0130rem Y\u0131ld\u0131z\" \/>\n\t<meta name=\"twitter:label2\" content=\"Tahmini okuma s\u00fcresi\" \/>\n\t<meta name=\"twitter:data2\" content=\"13 dakika\" \/>\n<script type=\"application\/ld+json\" class=\"yoast-schema-graph\">{\"@context\":\"https:\/\/schema.org\",\"@graph\":[{\"@type\":\"WebPage\",\"@id\":\"https:\/\/earnado.com\/tr\/marka-kimligi-nedir-nasil-olusturulur-10-harika-ornek\/\",\"url\":\"https:\/\/earnado.com\/tr\/marka-kimligi-nedir-nasil-olusturulur-10-harika-ornek\/\",\"name\":\"Marka Kimli\u011fi Nedir, Nas\u0131l Olu\u015fturulur 10 Harika \u00d6rnek - Earnado\",\"isPartOf\":{\"@id\":\"https:\/\/earnado.com\/tr\/#website\"},\"primaryImageOfPage\":{\"@id\":\"https:\/\/earnado.com\/tr\/marka-kimligi-nedir-nasil-olusturulur-10-harika-ornek\/#primaryimage\"},\"image\":{\"@id\":\"https:\/\/earnado.com\/tr\/marka-kimligi-nedir-nasil-olusturulur-10-harika-ornek\/#primaryimage\"},\"thumbnailUrl\":\"https:\/\/earnado.com\/tr\/wp-content\/uploads\/2020\/11\/Marka-kimligi-nedir.png\",\"datePublished\":\"2020-11-06T13:06:59+00:00\",\"dateModified\":\"2023-01-06T07:37:02+00:00\",\"author\":{\"@id\":\"https:\/\/earnado.com\/tr\/#\/schema\/person\/6eac5ded9b214fc5917ac9a6affd4896\"},\"description\":\"Marka kimli\u011fi, markan\u0131z\u0131n s\u00f6ylediklerinden, de\u011ferlerinizin neler s\u00f6yledi\u011finden ve haf\u0131zalarda nas\u0131l yer etti\u011finden olu\u015fur.\",\"inLanguage\":\"tr\",\"potentialAction\":[{\"@type\":\"ReadAction\",\"target\":[\"https:\/\/earnado.com\/tr\/marka-kimligi-nedir-nasil-olusturulur-10-harika-ornek\/\"]}]},{\"@type\":\"ImageObject\",\"inLanguage\":\"tr\",\"@id\":\"https:\/\/earnado.com\/tr\/marka-kimligi-nedir-nasil-olusturulur-10-harika-ornek\/#primaryimage\",\"url\":\"https:\/\/earnado.com\/tr\/wp-content\/uploads\/2020\/11\/Marka-kimligi-nedir.png\",\"contentUrl\":\"https:\/\/earnado.com\/tr\/wp-content\/uploads\/2020\/11\/Marka-kimligi-nedir.png\",\"width\":768,\"height\":402,\"caption\":\"Marka kimli\u011fi nedir\"},{\"@type\":\"WebSite\",\"@id\":\"https:\/\/earnado.com\/tr\/#website\",\"url\":\"https:\/\/earnado.com\/tr\/\",\"name\":\"Earnado\",\"description\":\"\u0130\u015finizi Kafan\u0131zda De\u011fil \u0130nternette B\u00fcy\u00fct\u00fcn!\",\"potentialAction\":[{\"@type\":\"SearchAction\",\"target\":{\"@type\":\"EntryPoint\",\"urlTemplate\":\"https:\/\/earnado.com\/tr\/?s={search_term_string}\"},\"query-input\":\"required name=search_term_string\"}],\"inLanguage\":\"tr\"},{\"@type\":\"Person\",\"@id\":\"https:\/\/earnado.com\/tr\/#\/schema\/person\/6eac5ded9b214fc5917ac9a6affd4896\",\"name\":\"\u0130rem Y\u0131ld\u0131z\",\"image\":{\"@type\":\"ImageObject\",\"inLanguage\":\"tr\",\"@id\":\"https:\/\/earnado.com\/tr\/#\/schema\/person\/image\/\",\"url\":\"https:\/\/secure.gravatar.com\/avatar\/56cf37b2267aca2ff0235a8139ae39946276268864875d5b66ff3b9f58986129?s=96&d=mm&r=g\",\"contentUrl\":\"https:\/\/secure.gravatar.com\/avatar\/56cf37b2267aca2ff0235a8139ae39946276268864875d5b66ff3b9f58986129?s=96&d=mm&r=g\",\"caption\":\"\u0130rem Y\u0131ld\u0131z\"},\"description\":\"Sosyal medya, Instagram y\u00f6netimi, web sitelerin geli\u015ftirmeleri konusunda \u00f6\u011frendiklerimi sizlere aktarm\u0131\u015f olaca\u011f\u0131m.\",\"url\":\"https:\/\/earnado.com\/tr\/author\/iremyildiz\/\"}]}<\/script>\n<!-- \/ Yoast SEO plugin. -->","yoast_head_json":{"title":"Marka Kimli\u011fi Nedir, Nas\u0131l Olu\u015fturulur 10 Harika \u00d6rnek - Earnado","description":"Marka kimli\u011fi, markan\u0131z\u0131n s\u00f6ylediklerinden, de\u011ferlerinizin neler s\u00f6yledi\u011finden ve haf\u0131zalarda nas\u0131l yer etti\u011finden olu\u015fur.","robots":{"index":"index","follow":"follow","max-snippet":"max-snippet:-1","max-image-preview":"max-image-preview:large","max-video-preview":"max-video-preview:-1"},"canonical":"https:\/\/earnado.com\/tr\/marka-kimligi-nedir-nasil-olusturulur-10-harika-ornek\/","og_locale":"tr_TR","og_type":"article","og_title":"Marka Kimli\u011fi Nedir, Nas\u0131l Olu\u015fturulur 10 Harika \u00d6rnek - Earnado","og_description":"Marka kimli\u011fi, markan\u0131z\u0131n s\u00f6ylediklerinden, de\u011ferlerinizin neler s\u00f6yledi\u011finden ve haf\u0131zalarda nas\u0131l yer etti\u011finden olu\u015fur.","og_url":"https:\/\/earnado.com\/tr\/marka-kimligi-nedir-nasil-olusturulur-10-harika-ornek\/","og_site_name":"Earnado","article_published_time":"2020-11-06T13:06:59+00:00","article_modified_time":"2023-01-06T07:37:02+00:00","og_image":[{"width":768,"height":402,"url":"https:\/\/earnado.com\/tr\/wp-content\/uploads\/2020\/11\/Marka-kimligi-nedir.png","type":"image\/png"}],"author":"\u0130rem Y\u0131ld\u0131z","twitter_card":"summary_large_image","twitter_misc":{"Yazan:":"\u0130rem Y\u0131ld\u0131z","Tahmini okuma s\u00fcresi":"13 dakika"},"schema":{"@context":"https:\/\/schema.org","@graph":[{"@type":"WebPage","@id":"https:\/\/earnado.com\/tr\/marka-kimligi-nedir-nasil-olusturulur-10-harika-ornek\/","url":"https:\/\/earnado.com\/tr\/marka-kimligi-nedir-nasil-olusturulur-10-harika-ornek\/","name":"Marka Kimli\u011fi Nedir, Nas\u0131l Olu\u015fturulur 10 Harika \u00d6rnek - Earnado","isPartOf":{"@id":"https:\/\/earnado.com\/tr\/#website"},"primaryImageOfPage":{"@id":"https:\/\/earnado.com\/tr\/marka-kimligi-nedir-nasil-olusturulur-10-harika-ornek\/#primaryimage"},"image":{"@id":"https:\/\/earnado.com\/tr\/marka-kimligi-nedir-nasil-olusturulur-10-harika-ornek\/#primaryimage"},"thumbnailUrl":"https:\/\/earnado.com\/tr\/wp-content\/uploads\/2020\/11\/Marka-kimligi-nedir.png","datePublished":"2020-11-06T13:06:59+00:00","dateModified":"2023-01-06T07:37:02+00:00","author":{"@id":"https:\/\/earnado.com\/tr\/#\/schema\/person\/6eac5ded9b214fc5917ac9a6affd4896"},"description":"Marka kimli\u011fi, markan\u0131z\u0131n s\u00f6ylediklerinden, de\u011ferlerinizin neler s\u00f6yledi\u011finden ve haf\u0131zalarda nas\u0131l yer etti\u011finden olu\u015fur.","inLanguage":"tr","potentialAction":[{"@type":"ReadAction","target":["https:\/\/earnado.com\/tr\/marka-kimligi-nedir-nasil-olusturulur-10-harika-ornek\/"]}]},{"@type":"ImageObject","inLanguage":"tr","@id":"https:\/\/earnado.com\/tr\/marka-kimligi-nedir-nasil-olusturulur-10-harika-ornek\/#primaryimage","url":"https:\/\/earnado.com\/tr\/wp-content\/uploads\/2020\/11\/Marka-kimligi-nedir.png","contentUrl":"https:\/\/earnado.com\/tr\/wp-content\/uploads\/2020\/11\/Marka-kimligi-nedir.png","width":768,"height":402,"caption":"Marka kimli\u011fi nedir"},{"@type":"WebSite","@id":"https:\/\/earnado.com\/tr\/#website","url":"https:\/\/earnado.com\/tr\/","name":"Earnado","description":"\u0130\u015finizi Kafan\u0131zda De\u011fil \u0130nternette B\u00fcy\u00fct\u00fcn!","potentialAction":[{"@type":"SearchAction","target":{"@type":"EntryPoint","urlTemplate":"https:\/\/earnado.com\/tr\/?s={search_term_string}"},"query-input":"required name=search_term_string"}],"inLanguage":"tr"},{"@type":"Person","@id":"https:\/\/earnado.com\/tr\/#\/schema\/person\/6eac5ded9b214fc5917ac9a6affd4896","name":"\u0130rem Y\u0131ld\u0131z","image":{"@type":"ImageObject","inLanguage":"tr","@id":"https:\/\/earnado.com\/tr\/#\/schema\/person\/image\/","url":"https:\/\/secure.gravatar.com\/avatar\/56cf37b2267aca2ff0235a8139ae39946276268864875d5b66ff3b9f58986129?s=96&d=mm&r=g","contentUrl":"https:\/\/secure.gravatar.com\/avatar\/56cf37b2267aca2ff0235a8139ae39946276268864875d5b66ff3b9f58986129?s=96&d=mm&r=g","caption":"\u0130rem Y\u0131ld\u0131z"},"description":"Sosyal medya, Instagram y\u00f6netimi, web sitelerin geli\u015ftirmeleri konusunda \u00f6\u011frendiklerimi sizlere aktarm\u0131\u015f olaca\u011f\u0131m.","url":"https:\/\/earnado.com\/tr\/author\/iremyildiz\/"}]}},"_links":{"self":[{"href":"https:\/\/earnado.com\/tr\/wp-json\/wp\/v2\/posts\/39715","targetHints":{"allow":["GET"]}}],"collection":[{"href":"https:\/\/earnado.com\/tr\/wp-json\/wp\/v2\/posts"}],"about":[{"href":"https:\/\/earnado.com\/tr\/wp-json\/wp\/v2\/types\/post"}],"author":[{"embeddable":true,"href":"https:\/\/earnado.com\/tr\/wp-json\/wp\/v2\/users\/97"}],"replies":[{"embeddable":true,"href":"https:\/\/earnado.com\/tr\/wp-json\/wp\/v2\/comments?post=39715"}],"version-history":[{"count":1,"href":"https:\/\/earnado.com\/tr\/wp-json\/wp\/v2\/posts\/39715\/revisions"}],"predecessor-version":[{"id":57602,"href":"https:\/\/earnado.com\/tr\/wp-json\/wp\/v2\/posts\/39715\/revisions\/57602"}],"wp:featuredmedia":[{"embeddable":true,"href":"https:\/\/earnado.com\/tr\/wp-json\/wp\/v2\/media\/39789"}],"wp:attachment":[{"href":"https:\/\/earnado.com\/tr\/wp-json\/wp\/v2\/media?parent=39715"}],"wp:term":[{"taxonomy":"category","embeddable":true,"href":"https:\/\/earnado.com\/tr\/wp-json\/wp\/v2\/categories?post=39715"},{"taxonomy":"post_tag","embeddable":true,"href":"https:\/\/earnado.com\/tr\/wp-json\/wp\/v2\/tags?post=39715"}],"curies":[{"name":"wp","href":"https:\/\/api.w.org\/{rel}","templated":true}]}}