{"id":40204,"date":"2020-12-05T15:01:11","date_gmt":"2020-12-05T15:01:11","guid":{"rendered":"http:\/\/earnado.com\/tr\/?p=40204"},"modified":"2023-01-12T15:46:16","modified_gmt":"2023-01-12T12:46:16","slug":"kendi-isimi-kurmak-istiyorum","status":"publish","type":"post","link":"https:\/\/earnado.com\/tr\/kendi-isimi-kurmak-istiyorum\/","title":{"rendered":"Kendi \u0130\u015fimi Kurmak \u0130stiyorum Diyenler \u0130\u00e7in Uzman\u0131ndan 15 \u00d6neri"},"content":{"rendered":"<p>G\u00fcn\u00fcm\u00fczde pek \u00e7ok insan, \u00e7e\u015fitli sebeplerden dolay\u0131 kendi i\u015flerini kurma fikrine olduk\u00e7a s\u0131cak bak\u0131yor. \u0130\u015f hayat\u0131nda kar\u015f\u0131la\u015f\u0131lan zorluklar, giri\u015fimcilik ve kendi i\u015f yerine sahip olma iste\u011fi insanlar\u0131 buna y\u00f6nelten sebeplerden yaln\u0131zca birka\u00e7\u0131. Ayr\u0131ca, giri\u015fimcili\u011fin giderek \u00f6z\u00fcmsenmesi ile birlikte kendi i\u015fini kurmak isteyen insanlar\u0131n say\u0131s\u0131nda epey bir art\u0131\u015f var. Peki siz de kendi i\u015fini kurmak istiyorsan\u0131z, bu s\u00fcre\u00e7te nelere dikkat etmelisiniz? \u0130\u015f kurma s\u00fcrecinde kar\u015f\u0131la\u015faca\u011f\u0131n\u0131z sorunlar\u0131n \u00fczerinden nas\u0131l gelebilirsiniz? En \u00f6nemlisi de ba\u015far\u0131l\u0131 bir giri\u015fim s\u00fcrecinde dikkat etmeniz gereken \u015feyler neler? Bu yaz\u0131 boyunca sizlere<strong> kendi i\u015finizi kurarken<\/strong> dikkat etmeniz gereken \u015feylere cevap arayaca\u011f\u0131z.<\/p>\n<p>\u0130lginizi \u00c7ekebilir:<a href=\"https:\/\/earnado.com\/tr\/yok-artik-diyeceginiz-en-ilginc-ve-karli-11-is-fikri-2\/\" target=\"_blank\" rel=\"noopener noreferrer\">Yok Art\u0131k Diyece\u011finiz En \u0130lgin\u00e7 ve Karl\u0131 11 \u0130\u015f Fikri!<\/a><\/p>\n<h3>1) Ni\u00e7in kendi i\u015finizi kurmak istiyorsunuz?<\/h3>\n<p><img fetchpriority=\"high\" decoding=\"async\" class=\"alignnone size-full wp-image-40211\" src=\"https:\/\/earnado.com\/tr\/wp-content\/uploads\/2020\/11\/uncertainty_700x350.jpg\" alt=\"\" width=\"700\" height=\"350\" srcset=\"https:\/\/earnado.com\/tr\/wp-content\/uploads\/2020\/11\/uncertainty_700x350.jpg 700w, https:\/\/earnado.com\/tr\/wp-content\/uploads\/2020\/11\/uncertainty_700x350-600x300.jpg 600w, https:\/\/earnado.com\/tr\/wp-content\/uploads\/2020\/11\/uncertainty_700x350-300x150.jpg 300w\" sizes=\"(max-width: 700px) 100vw, 700px\" \/><\/p>\n<p>\u0130\u015f arama s\u00fcrecinde ya\u015fad\u0131\u011f\u0131n\u0131z zorluklar, bulundu\u011funuz sekt\u00f6rde ya\u015fan\u0131lan sorunlar, y\u00f6neticilerle ya\u015fad\u0131\u011f\u0131n\u0131z \u00e7at\u0131\u015fmalar&#8230; Sizi kendi i\u015finizi kurmaya y\u00f6nelten ve buna te\u015fvik eden \u015feyin ne oldu\u011funa ger\u00e7ekten karar verdiniz mi? B\u00fct\u00fcn kararlar bir noktada risk bar\u0131nd\u0131r\u0131r. Kendi i\u015finize sahip olaca\u011f\u0131n\u0131z fikri olduk\u00e7a g\u00fczel ve etkileyici. Peki, bu s\u00fcre\u00e7te ve daha sonras\u0131nda kar\u015f\u0131la\u015faca\u011f\u0131n\u0131z sorunlar\u0131 d\u00fc\u015f\u00fcnd\u00fcn\u00fcz m\u00fc? Kendi i\u015finizi kurarken ya\u015fayaca\u011f\u0131n\u0131z sorunlar olmayacak m\u0131, bu s\u00fcre\u00e7 olduk\u00e7a kolay bir \u015fekilde mi ge\u00e7ecek? Ya da elinizdeki t\u00fcm se\u00e7enekler t\u00fckendi\u011fi i\u00e7in mi kendi i\u015finizi kurmak istiyorsunuz? Bu y\u00fczden, hangi ama\u00e7 ve istekle kendi i\u015finizi kurmak istiyorsunuz? \u00dcstelik, bu s\u00fcre\u00e7te yeterli sermaye, insan g\u00fcc\u00fcne ve yasal olarak sizden istenilen \u015feylere sahip misiniz? Cevab\u0131n\u0131z evet ise, yine de temkinli olman\u0131z\u0131 \u00f6neririm. Bug\u00fcne kadar y\u00fczlerce i\u015fletme ve giri\u015fim hayata ge\u00e7ti, peki onlardan \u015fu an ka\u00e7\u0131 hayat\u0131m\u0131z\u0131n bir par\u00e7as\u0131? Her sene milyonlarca yat\u0131r\u0131m alan giri\u015fimler dahi bir noktada zaman zaman ba\u015far\u0131s\u0131z oluyor. Kurmay\u0131 d\u00fc\u015f\u00fcnd\u00fc\u011f\u00fcn\u00fcz i\u015f ile nas\u0131l bir fark yaratmay\u0131 d\u00fc\u015f\u00fcn\u00fcyorsunuz? Halihaz\u0131rda piyasan\u0131n b\u00fcy\u00fck bir k\u0131sm\u0131na sahip \u015firketlerden nas\u0131l ayr\u0131\u015facaks\u0131n\u0131z? \u0130nsanlar ni\u00e7in sizin <a href=\"https:\/\/earnado.com\/tr\/urun-aciklamalari-nasil-yazilmali\/\">\u00fcr\u00fcnlerinize<\/a> y\u00f6nelmeli? Bu noktada, yarat\u0131c\u0131l\u0131\u011f\u0131n\u0131z\u0131 kullanarak, kurmak istedi\u011finiz i\u015fin detaylar\u0131n\u0131 belirleyin.<\/p>\n<p>&nbsp;<\/p>\n<h3>2) \u0130\u015fletme Tipine Karar Verin<\/h3>\n<p><img decoding=\"async\" class=\"alignnone size-full wp-image-40212\" src=\"https:\/\/earnado.com\/tr\/wp-content\/uploads\/2020\/11\/euclidean-vector-business-meeting-vector-different-sessions-of-business-meetings_700x350.jpg\" alt=\"\" width=\"700\" height=\"350\" srcset=\"https:\/\/earnado.com\/tr\/wp-content\/uploads\/2020\/11\/euclidean-vector-business-meeting-vector-different-sessions-of-business-meetings_700x350.jpg 700w, https:\/\/earnado.com\/tr\/wp-content\/uploads\/2020\/11\/euclidean-vector-business-meeting-vector-different-sessions-of-business-meetings_700x350-600x300.jpg 600w, https:\/\/earnado.com\/tr\/wp-content\/uploads\/2020\/11\/euclidean-vector-business-meeting-vector-different-sessions-of-business-meetings_700x350-300x150.jpg 300w\" sizes=\"(max-width: 700px) 100vw, 700px\" \/><\/p>\n<p>Kendi i\u015finizi kurarken \u00fcr\u00fcnlerinizi ya da hizmetlerinizi insanlara nas\u0131l ula\u015ft\u0131raca\u011f\u0131n\u0131za karar verin. Ayr\u0131ca bu s\u00fcre\u00e7te ne t\u00fcr bir i\u015fletmeye sahip olmak istedi\u011finize. Ba\u015fka bir deyi\u015fle, kendi i\u015finizi y\u00fcr\u00fctece\u011finiz i\u015fletmenin \u015fekil ve \u00f6zelliklerine karar verin. Mesela, orta ve k\u00fc\u00e7\u00fck \u00f6l\u00e7ekli i\u015fletmeler i\u00e7in dijital pazarlama \u00e7\u00f6z\u00fcmleri sunmak istiyorsunuz diyelim. Bu s\u00fcre\u00e7te, bir dijital ajans kurman\u0131z sizin i\u00e7in daha faydal\u0131 olacakt\u0131r. Ekibinizde yer verece\u011finiz birka\u00e7 grafik tasar\u0131m ve dijital pazarlama uzman\u0131yla bu s\u00fcreci y\u00f6netebilirsiniz. Ya da en b\u00fcy\u00fck hayaliniz start-up&#8217;lar\u0131n ticarile\u015ftirme s\u00fcre\u00e7lerine destek vermek olabilir. O zaman, \u00fcniversitelerin teknokentleri b\u00fcnyesinde bir dan\u0131\u015fmanl\u0131k firmas\u0131 kurmak sizin i\u00e7in daha do\u011fru olacakt\u0131r. Bu \u00f6rneklerde hareketler, her i\u015f kolu farkl\u0131 bir i\u015fletme tipine ve \u00e7al\u0131\u015fan profiline ihtiya\u00e7 duyar. O y\u00fczden, hangi sekt\u00f6re ve nas\u0131l bir i\u015f kurmak istedi\u011finize karar verin. Daha sonra ise bu i\u015f koluna uygun i\u015fletme tiplerine. G\u00fcn\u00fcm\u00fczde dijitalle\u015fmenin ve globalle\u015fmenin de etkisiyle \u00e7o\u011fu \u015firket dijital d\u00fcnyada yer almak istiyor. Bu alana y\u00f6nelik b\u00fct\u00e7elerini ise art\u0131r\u0131yorlar. Hangi alanda nas\u0131l bir i\u015f kurmak isterseniz isteyin muhakkak dijital kanallar\u0131 etkin bir \u015fekilde kullan\u0131n. \u0130\u015fletmenizin etkin bir \u015fekilde kullanaca\u011f\u0131z sosyal medya hesaplar\u0131 olsun.<\/p>\n<p>&nbsp;<\/p>\n<h3><strong>3) \u0130\u015f Plan\u0131 Haz\u0131rlay\u0131n<\/strong><\/h3>\n<p><img decoding=\"async\" class=\"alignnone size-full wp-image-40214\" src=\"https:\/\/earnado.com\/tr\/wp-content\/uploads\/2020\/11\/skripty_700x350.jpg\" alt=\"\" width=\"700\" height=\"350\" srcset=\"https:\/\/earnado.com\/tr\/wp-content\/uploads\/2020\/11\/skripty_700x350.jpg 700w, https:\/\/earnado.com\/tr\/wp-content\/uploads\/2020\/11\/skripty_700x350-600x300.jpg 600w, https:\/\/earnado.com\/tr\/wp-content\/uploads\/2020\/11\/skripty_700x350-300x150.jpg 300w\" sizes=\"(max-width: 700px) 100vw, 700px\" \/><\/p>\n<p>\u0130\u015fletme tipinize karar verdikten sonraki s\u00fcre\u00e7te sizi \u00e7ok daha farkl\u0131 bir ad\u0131m bekliyor. Bir i\u015f plan\u0131 haz\u0131rlamak. \u0130\u015f plan\u0131n haz\u0131rlaman\u0131n temel amac\u0131 olas\u0131 gelirlerinizi ve giderlerinizi detayl\u0131 bir \u015fekilde belirlemek. \u0130\u015f planlar\u0131 ayr\u0131ca gelirlerinizi nerden ve nas\u0131l elde edece\u011finize (sponsorluk, i\u015f birli\u011fi vb.) dair bilgi i\u00e7erir. Ayr\u0131ca, gider kalemlerinizi (harcamalar, sigorta \u00f6denekleri vb.) detayl\u0131 bir \u015fekilde belirtir. Bu s\u00fcre\u00e7te bir i\u015f plan\u0131 haz\u0131rlaman\u0131z i\u015fletmenizi ilerleyen d\u00f6nemlerde gelir-gider dengesini daha do\u011fru bir \u015fekilde y\u00f6netmenizi sa\u011flar. \u0130\u015f planlar\u0131 ayr\u0131ca hedef kitlenizi, \u00fcr\u00fcnlerinizi kimlere ve nas\u0131l satabilece\u011finize dair bilgiler de i\u00e7erir. Bu anlamda, \u00fcr\u00fcnlerinize dair harcama ve kazan\u00e7larla birlikte hedef kitleniz i\u015f plan\u0131n\u0131n temelini olu\u015fturur. Bir i\u015f plan\u0131 yapmadan bu s\u00fcrece dahil olman\u0131z, sizin i\u00e7in de olduk\u00e7a zor bir s\u00fcre\u00e7 olabilir. Her i\u015fletme sahibi bir noktada gelir ve giderlerinin seyrini g\u00f6z \u00f6n\u00fcnde bulundurarak karar al\u0131r. Harcamalar\u0131n\u0131z\u0131n ve kazan\u00e7lar\u0131n\u0131z\u0131n durumunu g\u00f6z \u00f6n\u00fcnde bulundurarak i\u015fletmenizin gelece\u011fine dair karar alabilirsiniz, i\u015f planlar\u0131 i\u015flerinizin nas\u0131l ilerledi\u011fine dair sizlere detayl\u0131 bir bilgi sunar.<\/p>\n<p>\u0130lginizi \u00e7ekebilir: <a href=\"https:\/\/earnado.com\/tr\/girisimler-icin-dusuk-butceli-dijital-pazarlama-yontemleri\/\" target=\"_blank\" rel=\"noopener noreferrer\">Giri\u015fimler \u0130\u00e7in D\u00fc\u015f\u00fck B\u00fct\u00e7eli Dijital Pazarlama Y\u00f6ntemleri<\/a><\/p>\n<p>&nbsp;<\/p>\n<h3><strong>4) Hedef Kitlenizi Belirleyin<\/strong><\/h3>\n<p><img loading=\"lazy\" decoding=\"async\" class=\"alignnone size-full wp-image-40215\" src=\"https:\/\/earnado.com\/tr\/wp-content\/uploads\/2020\/11\/Design-images-for-a-specific-target-audience_700x350.jpg\" alt=\"\" width=\"700\" height=\"350\" srcset=\"https:\/\/earnado.com\/tr\/wp-content\/uploads\/2020\/11\/Design-images-for-a-specific-target-audience_700x350.jpg 700w, https:\/\/earnado.com\/tr\/wp-content\/uploads\/2020\/11\/Design-images-for-a-specific-target-audience_700x350-600x300.jpg 600w, https:\/\/earnado.com\/tr\/wp-content\/uploads\/2020\/11\/Design-images-for-a-specific-target-audience_700x350-300x150.jpg 300w\" sizes=\"(max-width: 700px) 100vw, 700px\" \/><\/p>\n<p>Hedef kitleniz temelde \u00fcr\u00fcnlerinizi satmak istedi\u011finiz insanlard\u0131r. Hedef kitlenizi belirlerken kendinize \u015fu soruyu sormal\u0131s\u0131n\u0131z :&#8221; \u00dcr\u00fcnlerime kimlere satmak istiyorum?&#8221; \u00dcr\u00fcnlerinizi sat\u0131n almas\u0131n\u0131 istedi\u011finiz kitle\/insanlar k\u0131saca sizin hedef kitlenizdir. Bunu somut bir \u00f6rnek ile a\u00e7\u0131klayal\u0131m. Ferrari ara\u00e7lar\u0131n\u0131 sat\u0131n almak isteyen insanlara daha \u00f6nce Ferrari&#8217;nin \u00fcretti\u011fi bir<a href=\"https:\/\/earnado.com\/tr\/marka-kimligi-nedir-nasil-olusturulur-10-harika-ornek\/\"> marka<\/a> araca sahip olup olmad\u0131klar\u0131n\u0131 soruyor. Daha sonra ise m\u00fc\u015fterilerinin sahip olduklar\u0131 bu araca dair (ne zaman ald\u0131klar\u0131, memnuyetleri vb.) sorular y\u00f6neltiyor. E\u011fer s\u00fcre\u00e7 hem m\u00fc\u015fteri hem de ilgili firma i\u00e7in olumlu ilerliyorsa Ferarri m\u00fc\u015fteri i\u00e7in \u00f6zel ara\u00e7 \u00fcretiminde bulunabiliyor. Buradan hareketle Ferrari&#8217;nin hedef kitlesini nas\u0131l tan\u0131mlayabiliriz? Ferrari k\u0131saca kendi \u00fcr\u00fcnlerine sad\u0131k insanlar\u0131 hedef kitlesi olarak tan\u0131ml\u0131yor. Daha \u00f6nce Ferrari&#8217;nin \u00fcretti\u011fi herhangi bir araca sahip olmayan insanlar i\u00e7in bu s\u00fcre\u00e7 olduk\u00e7a zor ilerliyor. Ferrari&#8217;nin temel k\u0131stas\u0131 m\u00fc\u015fterinin zenginli\u011finde ya da firmaya ne kadar para kazand\u0131raca\u011f\u0131ndan ziyade sadakati. Kendi \u00fcr\u00fcnlerini tercih eden ve firmaya sad\u0131k m\u00fc\u015fteriler Ferrari i\u00e7in olduk\u00e7a \u00f6nemli.<\/p>\n<p>Ba\u015fka bir \u00f6rne\u011fi Udemy&#8217;de bulabiliriz. Udemy temel olarak online e\u011fitim i\u00e7eri\u011fine ula\u015fabilece\u011finiz bir dijital platform. D\u00fcnyan\u0131n her yerinden binlerce insanlar y\u00fczlerce farkl\u0131 konu hakk\u0131nda e\u011fitim videolar\u0131 \u00e7ekiyor ve Udemy arac\u0131l\u0131\u011f\u0131yla payla\u015f\u0131yor. Udemy&#8217;ye girdi\u011finizde her ya\u015f grubuna,i\u015f seviyesine ve ders yo\u011funlu\u011funa ba\u011fl\u0131 olarak farkl\u0131 e\u011fitim i\u00e7erikleriyle kar\u015f\u0131la\u015fabilirsiniz. Yani &#8221;Ba\u015flang\u0131\u00e7 Seviyesinde \u0130ngilizce&#8221; dersleri almak isteyen ki\u015fi ile &#8221;Profesyonel D\u00fczeyde \u0130\u015f \u0130ngilizcesi&#8221; almak isteyen ki\u015filer i\u00e7in farkl\u0131 d\u00fczeyde e\u011fitimler mevcut. Udemy size \u015fu imkan\u0131 sunuyor :&#8221; Y\u00fckleyece\u011finiz e\u011fitim i\u00e7eri\u011fine dair hedef kitlenizi siz belirleyin.&#8221; \u00dcniversite \u00f6\u011frencilerine mi master d\u00fczeyinde m\u00fchendislere mi yoksa herkes i\u00e7in mi ula\u015f\u0131labilir olmak istiyorsunuz? Ayr\u0131ca, e\u011fitim i\u00e7eri\u011finiz belirledi\u011finiz hedef kitlesi i\u00e7in \u00fccretli mi olsun \u00fccretsiz mi? B\u00fct\u00fcn bu \u00f6rnekler bize \u015funu g\u00f6steriyor, \u00fcr\u00fcnleriniz i\u00e7in hedef kitlesi belirlemeniz i\u015fletmeniz ad\u0131na olduk\u00e7a hayati. B\u00f6ylece daha fazla insana daha do\u011fru pazarlama kanallar\u0131 ile ula\u015fabilirsiniz. Ayr\u0131ca, \u00fcr\u00fcnlerinizi do\u011fru <a href=\"https:\/\/earnado.com\/tr\/tuketici-satin-alma-karar-tipleri-nelerdir-satin-alma-karar-sureci-nasil-isler\/\">t\u00fcketici<\/a> kitlesine ula\u015ft\u0131rman\u0131z bu s\u00fcre\u00e7te \u00fcr\u00fcnlerinizin daha fazla tercih edilmesini m\u00fcmk\u00fcn k\u0131labilir.<\/p>\n<p>&nbsp;<\/p>\n<h3><strong>5) Fark Yarat\u0131n<\/strong><\/h3>\n<p><img loading=\"lazy\" decoding=\"async\" class=\"alignnone size-full wp-image-40217\" src=\"https:\/\/earnado.com\/tr\/wp-content\/uploads\/2020\/11\/32338527_l-2_700x350.jpg\" alt=\"\" width=\"700\" height=\"350\" srcset=\"https:\/\/earnado.com\/tr\/wp-content\/uploads\/2020\/11\/32338527_l-2_700x350.jpg 700w, https:\/\/earnado.com\/tr\/wp-content\/uploads\/2020\/11\/32338527_l-2_700x350-600x300.jpg 600w, https:\/\/earnado.com\/tr\/wp-content\/uploads\/2020\/11\/32338527_l-2_700x350-300x150.jpg 300w\" sizes=\"(max-width: 700px) 100vw, 700px\" \/><\/p>\n<p>Yarat\u0131c\u0131l\u0131k,<strong> kendi i\u015finizi kurma<\/strong> s\u00fcrecinde ihtiya\u00e7 duydu\u011funuz en \u00f6nemli \u015feylerden birisi. Daha sonra, \u00fcr\u00fcnlerinizin fiyatlar\u0131n\u0131 do\u011fru bir strateji ile belirleyin. \u0130nsanlar, uzun y\u0131llard\u0131r g\u00fcvendikleri ve y\u00f6neldikleri markalar varken ni\u00e7in sizin \u00fcr\u00fcnlerinizi tercih etmeli? \u00dcr\u00fcnleriniz, piyasadaki muadillerinden hangi \u00f6zellikleriyle ve nas\u0131l ayr\u0131l\u0131yor? M\u00fc\u015fterileriniz i\u00e7in neler vaat ediyorsunuz? Hen\u00fcz piyasaya yeni ad\u0131m atm\u0131\u015f bir i\u015fletme olarak, fiyatlar\u0131n\u0131z\u0131 do\u011fru bir \u015fekilde belirlemeniz olduk\u00e7a \u00f6nemli. Bu kendi i\u015finizi kurduktan sonra yapman\u0131z gereken en \u00f6nemli \u015feylerden birisi.Tercihen, rakiplerinize g\u00f6re biraz daha a\u015fa\u011f\u0131da ve uygun bir fiyatland\u0131rma \u00fcr\u00fcnlerinize olan talebi etkileyecektir. Ayr\u0131ca, potansiyel m\u00fc\u015fterinizle ileti\u015fime ge\u00e7in, onlara kendinizi ve \u00fcr\u00fcnlerinizi hat\u0131rlat\u0131n. M\u00fc\u015fteri kitlenizi geni\u015fletmeye ve do\u011fru pazarlama stratejisi ile daha fazla insana ula\u015fmaya \u00e7al\u0131\u015f\u0131n. \u00dcr\u00fcnlerinizin ay\u0131rt edici \u00f6zelliklerini vurgulayarak, insanlar\u0131n \u00fcr\u00fcnlerinize ve firman\u0131za y\u00f6nelmesini sa\u011flayabilirsiniz. M\u00fc\u015fterinizle ileti\u015fime ge\u00e7in ve onlara \u00fcr\u00fcnleriniz hakk\u0131nda neler d\u00fc\u015f\u00fcnd\u00fc\u011f\u00fcn\u00fc sorun. M\u00fc\u015fterilerinizin fikirleri \u00fcr\u00fcnlerinizi daha do\u011fru bir \u015fekilde tasarlama imkan\u0131 sunar.<\/p>\n<p><img loading=\"lazy\" decoding=\"async\" class=\"alignnone size-full wp-image-40208\" src=\"https:\/\/earnado.com\/tr\/wp-content\/uploads\/2020\/11\/shutterstock_1039237918-e1530763246674_700x350-1.jpg\" alt=\"\" width=\"700\" height=\"350\" srcset=\"https:\/\/earnado.com\/tr\/wp-content\/uploads\/2020\/11\/shutterstock_1039237918-e1530763246674_700x350-1.jpg 700w, https:\/\/earnado.com\/tr\/wp-content\/uploads\/2020\/11\/shutterstock_1039237918-e1530763246674_700x350-1-600x300.jpg 600w, https:\/\/earnado.com\/tr\/wp-content\/uploads\/2020\/11\/shutterstock_1039237918-e1530763246674_700x350-1-300x150.jpg 300w\" sizes=\"(max-width: 700px) 100vw, 700px\" \/><\/p>\n<p>B\u00fct\u00fcn bu s\u00fcre\u00e7leri g\u00f6z \u00f6n\u00fcnde bulundurdu\u011fumuzda, <strong>kendi i\u015finizi kurmak<\/strong> i\u00e7in her \u015feyden \u00f6nce bir i\u015f fikrine sahip olmal\u0131s\u0131n\u0131z. Tabii ki bu d\u00fc\u015f\u00fcnceyi ger\u00e7e\u011fe d\u00f6n\u00fc\u015ft\u00fcrecek cesarete ve planlamaya da ihtiyac\u0131n\u0131z var. Bu y\u00fczden harekete ge\u00e7meden \u00f6nce i\u015f fikrinizi detayl\u0131 bir \u015fekilde de\u011ferlendirin. Yer almak istedi\u011finiz sekt\u00f6rdeki firmalar\u0131n \u00e7al\u0131\u015fmalar\u0131n\u0131 ve \u00fcr\u00fcnlerini g\u00f6z \u00f6n\u00fcnde bulundurun. Sizi farkl\u0131 k\u0131lan \u015fey ne olacak? Kar\u015f\u0131la\u015faca\u011f\u0131n\u0131z zorluklara haz\u0131r m\u0131s\u0131n\u0131z? Sermayeniz ve i\u015f g\u00fcc\u00fcn\u00fcz bu s\u00fcre\u00e7te yeterli olacak m\u0131? Hepsinden de \u00f6nemlisi, kendi i\u015finizi kurmay\u0131 ger\u00e7ekten istiyor musunuz? T\u00fcm se\u00e7enekleriniz t\u00fckendikten sonra elinizde kalan biricik \u015fey mi, kendi i\u015fini kurma fikri? En b\u00fcy\u00fck hayaliniz mi? Bu s\u00fcre\u00e7te, ba\u015far\u0131 ve ba\u015far\u0131s\u0131zl\u0131\u011f\u0131n sorumlulu\u011fu do\u011frudan size ait olacak.<\/p>\n<p>\u00d6zg\u00fcrl\u00fck ayn\u0131 zamanda yetki ve sorumluluk demektir. Kendi i\u015finizi kurarak do\u011facak olan sorumluluklar\u0131n\u0131z\u0131n alt\u0131ndan kalkabilecek misiniz? Bu s\u00fcrece haz\u0131r m\u0131s\u0131n\u0131z? Cevab\u0131n\u0131z evet ise, do\u011fru bir planlama ve pazar ara\u015ft\u0131rmas\u0131 ile i\u015fe koyulabilirsiniz. E\u011fer cevab\u0131n\u0131z hay\u0131r ise, bu s\u00fcreci bir kez daha d\u00fc\u015f\u00fcnmelisiniz. Her \u015fey bir hayalle ba\u015flar, kendi i\u015finizi kurma hayaliniz ve i\u015f fikriniz bu s\u00fcrecin ilk ad\u0131m\u0131 olu\u015fturuyor. Ancak, bu s\u00fcrece duygusal yakla\u015fman\u0131z ve baz\u0131 ger\u00e7ekleri g\u00f6z ard\u0131 etmeniz sizi k\u00f6t\u00fc etkileyebilir. S\u00fcre\u00e7leri mant\u0131k \u00e7er\u00e7evesinde de\u011ferlendirirseniz ba\u015far\u0131l\u0131 olma ihtimaliniz her zaman daha fazlad\u0131r.<\/p>\n<p>&nbsp;<\/p>\n","protected":false},"excerpt":{"rendered":"<p>G\u00fcn\u00fcm\u00fczde pek \u00e7ok insan, \u00e7e\u015fitli sebeplerden dolay\u0131 kendi i\u015flerini kurma fikrine olduk\u00e7a s\u0131cak bak\u0131yor. \u0130\u015f hayat\u0131nda kar\u015f\u0131la\u015f\u0131lan zorluklar, giri\u015fimcilik ve kendi i\u015f yerine sahip olma iste\u011fi insanlar\u0131 buna y\u00f6nelten sebeplerden yaln\u0131zca birka\u00e7\u0131. Ayr\u0131ca, giri\u015fimcili\u011fin giderek \u00f6z\u00fcmsenmesi ile birlikte kendi i\u015fini&#8230;<\/p>\n","protected":false},"author":320,"featured_media":40496,"comment_status":"open","ping_status":"closed","sticky":false,"template":"","format":"standard","meta":{"footnotes":""},"categories":[58,76,102],"tags":[],"class_list":["post-40204","post","type-post","status-publish","format-standard","has-post-thumbnail","hentry","category-dijital-pazarlama","category-e-ticaret","category-girisimcilik"],"yoast_head":"<!-- This site is optimized with the Yoast SEO plugin v22.7 - https:\/\/yoast.com\/wordpress\/plugins\/seo\/ -->\n<title>Kendi \u0130\u015fimi Kurmak \u0130stiyorum Diyenler \u0130\u00e7in Uzman\u0131ndan 15 \u00d6neri - Earnado<\/title>\n<meta name=\"description\" content=\"G\u00fcn\u00fcm\u00fczde giri\u015fimcilik giderek \u00f6nem kazanmakta. Bu yaz\u0131m\u0131zda kendi i\u015finizi kurarken kar\u015f\u0131laca\u011f\u0131n\u0131z s\u00fcre\u00e7 ile ilgili detayl\u0131 bir \u00e7al\u0131\u015fma haz\u0131rlad\u0131k.\" \/>\n<meta name=\"robots\" content=\"index, follow, max-snippet:-1, max-image-preview:large, max-video-preview:-1\" \/>\n<link rel=\"canonical\" href=\"https:\/\/earnado.com\/tr\/kendi-isimi-kurmak-istiyorum\/\" \/>\n<meta property=\"og:locale\" content=\"tr_TR\" \/>\n<meta property=\"og:type\" content=\"article\" \/>\n<meta property=\"og:title\" content=\"Kendi \u0130\u015fimi Kurmak \u0130stiyorum Diyenler \u0130\u00e7in Uzman\u0131ndan 15 \u00d6neri - Earnado\" \/>\n<meta property=\"og:description\" content=\"G\u00fcn\u00fcm\u00fczde giri\u015fimcilik giderek \u00f6nem kazanmakta. Bu yaz\u0131m\u0131zda kendi i\u015finizi kurarken kar\u015f\u0131laca\u011f\u0131n\u0131z s\u00fcre\u00e7 ile ilgili detayl\u0131 bir \u00e7al\u0131\u015fma haz\u0131rlad\u0131k.\" \/>\n<meta property=\"og:url\" content=\"https:\/\/earnado.com\/tr\/kendi-isimi-kurmak-istiyorum\/\" \/>\n<meta property=\"og:site_name\" content=\"Earnado\" \/>\n<meta property=\"article:published_time\" content=\"2020-12-05T15:01:11+00:00\" \/>\n<meta property=\"article:modified_time\" content=\"2023-01-12T12:46:16+00:00\" \/>\n<meta property=\"og:image\" content=\"https:\/\/earnado.com\/tr\/wp-content\/uploads\/2020\/12\/Earnado-One-Cikan-Gorsel-3.png\" \/>\n\t<meta property=\"og:image:width\" content=\"768\" \/>\n\t<meta property=\"og:image:height\" content=\"402\" \/>\n\t<meta property=\"og:image:type\" content=\"image\/png\" \/>\n<meta name=\"author\" content=\"Earnado TR\" \/>\n<meta name=\"twitter:card\" content=\"summary_large_image\" \/>\n<meta name=\"twitter:label1\" content=\"Yazan:\" \/>\n\t<meta name=\"twitter:data1\" content=\"Earnado TR\" \/>\n\t<meta name=\"twitter:label2\" content=\"Tahmini okuma s\u00fcresi\" \/>\n\t<meta name=\"twitter:data2\" content=\"9 dakika\" \/>\n<script type=\"application\/ld+json\" class=\"yoast-schema-graph\">{\"@context\":\"https:\/\/schema.org\",\"@graph\":[{\"@type\":\"WebPage\",\"@id\":\"https:\/\/earnado.com\/tr\/kendi-isimi-kurmak-istiyorum\/\",\"url\":\"https:\/\/earnado.com\/tr\/kendi-isimi-kurmak-istiyorum\/\",\"name\":\"Kendi \u0130\u015fimi Kurmak \u0130stiyorum Diyenler \u0130\u00e7in Uzman\u0131ndan 15 \u00d6neri - Earnado\",\"isPartOf\":{\"@id\":\"https:\/\/earnado.com\/tr\/#website\"},\"primaryImageOfPage\":{\"@id\":\"https:\/\/earnado.com\/tr\/kendi-isimi-kurmak-istiyorum\/#primaryimage\"},\"image\":{\"@id\":\"https:\/\/earnado.com\/tr\/kendi-isimi-kurmak-istiyorum\/#primaryimage\"},\"thumbnailUrl\":\"https:\/\/earnado.com\/tr\/wp-content\/uploads\/2020\/12\/Earnado-One-Cikan-Gorsel-3.png\",\"datePublished\":\"2020-12-05T15:01:11+00:00\",\"dateModified\":\"2023-01-12T12:46:16+00:00\",\"author\":{\"@id\":\"https:\/\/earnado.com\/tr\/#\/schema\/person\/788c3d7ae48cee109f8173d98370e91a\"},\"description\":\"G\u00fcn\u00fcm\u00fczde giri\u015fimcilik giderek \u00f6nem kazanmakta. Bu yaz\u0131m\u0131zda kendi i\u015finizi kurarken kar\u015f\u0131laca\u011f\u0131n\u0131z s\u00fcre\u00e7 ile ilgili detayl\u0131 bir \u00e7al\u0131\u015fma haz\u0131rlad\u0131k.\",\"inLanguage\":\"tr\",\"potentialAction\":[{\"@type\":\"ReadAction\",\"target\":[\"https:\/\/earnado.com\/tr\/kendi-isimi-kurmak-istiyorum\/\"]}]},{\"@type\":\"ImageObject\",\"inLanguage\":\"tr\",\"@id\":\"https:\/\/earnado.com\/tr\/kendi-isimi-kurmak-istiyorum\/#primaryimage\",\"url\":\"https:\/\/earnado.com\/tr\/wp-content\/uploads\/2020\/12\/Earnado-One-Cikan-Gorsel-3.png\",\"contentUrl\":\"https:\/\/earnado.com\/tr\/wp-content\/uploads\/2020\/12\/Earnado-One-Cikan-Gorsel-3.png\",\"width\":768,\"height\":402,\"caption\":\"kendiisimikurmakistiyorumdiyenlereoneriler\"},{\"@type\":\"WebSite\",\"@id\":\"https:\/\/earnado.com\/tr\/#website\",\"url\":\"https:\/\/earnado.com\/tr\/\",\"name\":\"Earnado\",\"description\":\"\u0130\u015finizi Kafan\u0131zda De\u011fil \u0130nternette B\u00fcy\u00fct\u00fcn!\",\"potentialAction\":[{\"@type\":\"SearchAction\",\"target\":{\"@type\":\"EntryPoint\",\"urlTemplate\":\"https:\/\/earnado.com\/tr\/?s={search_term_string}\"},\"query-input\":\"required name=search_term_string\"}],\"inLanguage\":\"tr\"},{\"@type\":\"Person\",\"@id\":\"https:\/\/earnado.com\/tr\/#\/schema\/person\/788c3d7ae48cee109f8173d98370e91a\",\"name\":\"Earnado TR\",\"image\":{\"@type\":\"ImageObject\",\"inLanguage\":\"tr\",\"@id\":\"https:\/\/earnado.com\/tr\/#\/schema\/person\/image\/\",\"url\":\"https:\/\/secure.gravatar.com\/avatar\/9360cc3231173121b5946ba95a47e3ea5e730f331425e68a28735abe037e3201?s=96&d=mm&r=g\",\"contentUrl\":\"https:\/\/secure.gravatar.com\/avatar\/9360cc3231173121b5946ba95a47e3ea5e730f331425e68a28735abe037e3201?s=96&d=mm&r=g\",\"caption\":\"Earnado TR\"},\"url\":\"https:\/\/earnado.com\/tr\/author\/itearnado-com\/\"}]}<\/script>\n<!-- \/ Yoast SEO plugin. -->","yoast_head_json":{"title":"Kendi \u0130\u015fimi Kurmak \u0130stiyorum Diyenler \u0130\u00e7in Uzman\u0131ndan 15 \u00d6neri - Earnado","description":"G\u00fcn\u00fcm\u00fczde giri\u015fimcilik giderek \u00f6nem kazanmakta. Bu yaz\u0131m\u0131zda kendi i\u015finizi kurarken kar\u015f\u0131laca\u011f\u0131n\u0131z s\u00fcre\u00e7 ile ilgili detayl\u0131 bir \u00e7al\u0131\u015fma haz\u0131rlad\u0131k.","robots":{"index":"index","follow":"follow","max-snippet":"max-snippet:-1","max-image-preview":"max-image-preview:large","max-video-preview":"max-video-preview:-1"},"canonical":"https:\/\/earnado.com\/tr\/kendi-isimi-kurmak-istiyorum\/","og_locale":"tr_TR","og_type":"article","og_title":"Kendi \u0130\u015fimi Kurmak \u0130stiyorum Diyenler \u0130\u00e7in Uzman\u0131ndan 15 \u00d6neri - Earnado","og_description":"G\u00fcn\u00fcm\u00fczde giri\u015fimcilik giderek \u00f6nem kazanmakta. Bu yaz\u0131m\u0131zda kendi i\u015finizi kurarken kar\u015f\u0131laca\u011f\u0131n\u0131z s\u00fcre\u00e7 ile ilgili detayl\u0131 bir \u00e7al\u0131\u015fma haz\u0131rlad\u0131k.","og_url":"https:\/\/earnado.com\/tr\/kendi-isimi-kurmak-istiyorum\/","og_site_name":"Earnado","article_published_time":"2020-12-05T15:01:11+00:00","article_modified_time":"2023-01-12T12:46:16+00:00","og_image":[{"width":768,"height":402,"url":"https:\/\/earnado.com\/tr\/wp-content\/uploads\/2020\/12\/Earnado-One-Cikan-Gorsel-3.png","type":"image\/png"}],"author":"Earnado TR","twitter_card":"summary_large_image","twitter_misc":{"Yazan:":"Earnado TR","Tahmini okuma s\u00fcresi":"9 dakika"},"schema":{"@context":"https:\/\/schema.org","@graph":[{"@type":"WebPage","@id":"https:\/\/earnado.com\/tr\/kendi-isimi-kurmak-istiyorum\/","url":"https:\/\/earnado.com\/tr\/kendi-isimi-kurmak-istiyorum\/","name":"Kendi \u0130\u015fimi Kurmak \u0130stiyorum Diyenler \u0130\u00e7in Uzman\u0131ndan 15 \u00d6neri - Earnado","isPartOf":{"@id":"https:\/\/earnado.com\/tr\/#website"},"primaryImageOfPage":{"@id":"https:\/\/earnado.com\/tr\/kendi-isimi-kurmak-istiyorum\/#primaryimage"},"image":{"@id":"https:\/\/earnado.com\/tr\/kendi-isimi-kurmak-istiyorum\/#primaryimage"},"thumbnailUrl":"https:\/\/earnado.com\/tr\/wp-content\/uploads\/2020\/12\/Earnado-One-Cikan-Gorsel-3.png","datePublished":"2020-12-05T15:01:11+00:00","dateModified":"2023-01-12T12:46:16+00:00","author":{"@id":"https:\/\/earnado.com\/tr\/#\/schema\/person\/788c3d7ae48cee109f8173d98370e91a"},"description":"G\u00fcn\u00fcm\u00fczde giri\u015fimcilik giderek \u00f6nem kazanmakta. Bu yaz\u0131m\u0131zda kendi i\u015finizi kurarken kar\u015f\u0131laca\u011f\u0131n\u0131z s\u00fcre\u00e7 ile ilgili detayl\u0131 bir \u00e7al\u0131\u015fma haz\u0131rlad\u0131k.","inLanguage":"tr","potentialAction":[{"@type":"ReadAction","target":["https:\/\/earnado.com\/tr\/kendi-isimi-kurmak-istiyorum\/"]}]},{"@type":"ImageObject","inLanguage":"tr","@id":"https:\/\/earnado.com\/tr\/kendi-isimi-kurmak-istiyorum\/#primaryimage","url":"https:\/\/earnado.com\/tr\/wp-content\/uploads\/2020\/12\/Earnado-One-Cikan-Gorsel-3.png","contentUrl":"https:\/\/earnado.com\/tr\/wp-content\/uploads\/2020\/12\/Earnado-One-Cikan-Gorsel-3.png","width":768,"height":402,"caption":"kendiisimikurmakistiyorumdiyenlereoneriler"},{"@type":"WebSite","@id":"https:\/\/earnado.com\/tr\/#website","url":"https:\/\/earnado.com\/tr\/","name":"Earnado","description":"\u0130\u015finizi Kafan\u0131zda De\u011fil \u0130nternette B\u00fcy\u00fct\u00fcn!","potentialAction":[{"@type":"SearchAction","target":{"@type":"EntryPoint","urlTemplate":"https:\/\/earnado.com\/tr\/?s={search_term_string}"},"query-input":"required name=search_term_string"}],"inLanguage":"tr"},{"@type":"Person","@id":"https:\/\/earnado.com\/tr\/#\/schema\/person\/788c3d7ae48cee109f8173d98370e91a","name":"Earnado TR","image":{"@type":"ImageObject","inLanguage":"tr","@id":"https:\/\/earnado.com\/tr\/#\/schema\/person\/image\/","url":"https:\/\/secure.gravatar.com\/avatar\/9360cc3231173121b5946ba95a47e3ea5e730f331425e68a28735abe037e3201?s=96&d=mm&r=g","contentUrl":"https:\/\/secure.gravatar.com\/avatar\/9360cc3231173121b5946ba95a47e3ea5e730f331425e68a28735abe037e3201?s=96&d=mm&r=g","caption":"Earnado TR"},"url":"https:\/\/earnado.com\/tr\/author\/itearnado-com\/"}]}},"_links":{"self":[{"href":"https:\/\/earnado.com\/tr\/wp-json\/wp\/v2\/posts\/40204","targetHints":{"allow":["GET"]}}],"collection":[{"href":"https:\/\/earnado.com\/tr\/wp-json\/wp\/v2\/posts"}],"about":[{"href":"https:\/\/earnado.com\/tr\/wp-json\/wp\/v2\/types\/post"}],"author":[{"embeddable":true,"href":"https:\/\/earnado.com\/tr\/wp-json\/wp\/v2\/users\/320"}],"replies":[{"embeddable":true,"href":"https:\/\/earnado.com\/tr\/wp-json\/wp\/v2\/comments?post=40204"}],"version-history":[{"count":1,"href":"https:\/\/earnado.com\/tr\/wp-json\/wp\/v2\/posts\/40204\/revisions"}],"predecessor-version":[{"id":57589,"href":"https:\/\/earnado.com\/tr\/wp-json\/wp\/v2\/posts\/40204\/revisions\/57589"}],"wp:featuredmedia":[{"embeddable":true,"href":"https:\/\/earnado.com\/tr\/wp-json\/wp\/v2\/media\/40496"}],"wp:attachment":[{"href":"https:\/\/earnado.com\/tr\/wp-json\/wp\/v2\/media?parent=40204"}],"wp:term":[{"taxonomy":"category","embeddable":true,"href":"https:\/\/earnado.com\/tr\/wp-json\/wp\/v2\/categories?post=40204"},{"taxonomy":"post_tag","embeddable":true,"href":"https:\/\/earnado.com\/tr\/wp-json\/wp\/v2\/tags?post=40204"}],"curies":[{"name":"wp","href":"https:\/\/api.w.org\/{rel}","templated":true}]}}