{"id":40312,"date":"2019-09-16T11:42:47","date_gmt":"2019-09-16T11:42:47","guid":{"rendered":"http:\/\/earnado.com\/tr\/?p=6563"},"modified":"2023-01-05T16:35:03","modified_gmt":"2023-01-05T13:35:03","slug":"instagramda-mukemmel-gonderi-metni-caption-nasil-yazilir","status":"publish","type":"post","link":"https:\/\/earnado.com\/tr\/instagramda-mukemmel-gonderi-metni-caption-nasil-yazilir\/","title":{"rendered":"Instagram&#8217;da M\u00fckemmel G\u00f6nderi Metni (Caption-A\u00e7\u0131klamalar\u0131) Nas\u0131l Yaz\u0131l\u0131r?"},"content":{"rendered":"<p>Instagram, g\u00fcn\u00fcm\u00fczde markalar\u0131n sesi olma rol\u00fcn\u00fc \u00fcstleniyor ve b\u00fcy\u00fck-k\u00fc\u00e7\u00fck t\u00fcm markalara i\u015flerini b\u00fcy\u00fctmek i\u00e7in harika bir f\u0131rsat sunuyor. Bu noktada kendi markan\u0131z\u0131 do\u011fru pazarlamak i\u00e7in Instagram\u2019\u0131 iyi kullanmay\u0131 bilmek; m\u00fc\u015fteri\/takip\u00e7i ili\u015fkilerinizi geli\u015ftirmeniz, promosyonlar\u0131n\u0131z\u0131 geni\u015f kitlelere duyurabilmeniz ve daha \u00e7ok ki\u015fiyi kendi markan\u0131za \u00e7ekmeniz noktas\u0131nda sizi \u00fcst seviyeye ta\u015f\u0131yacakt\u0131r.<\/p>\n<h2>\u0130yi Bir Instagram Caption Neden \u00d6nemli?<\/h2>\n<p>Instagram\u2019\u0131n 2018\u2019de de\u011fi\u015ftirdi\u011fi <strong>algoritma<\/strong>, etkile\u015fim kazanmak i\u00e7in ticari sayfalardan biraz daha \u00e7aba bekliyor. Bir \u00f6nceki algoritma zamana g\u00f6re i\u015flerken, takip etti\u011fimiz ki\u015filerin en yeni payla\u015f\u0131mlar\u0131n\u0131 g\u00f6rebiliyorduk. De\u011fi\u015fen algoritma ile birlikte <strong>Instagram g\u00f6nderi metni<\/strong> ne kadar \u00e7ok yorum, be\u011feni, payla\u015f\u0131m vb. etkile\u015fim al\u0131rsa, o kadar \u00e7ok kullan\u0131c\u0131ya eri\u015fim sa\u011flan\u0131yor. Y\u00fcksek etkile\u015fim sa\u011fland\u0131\u011f\u0131 takdirde ise ak\u0131\u015fta g\u00f6nderi kendine daha fazla yer buluyor ve ayn\u0131 zamanda ke\u015ffette en \u00fcst s\u0131ralarda yer al\u0131yor. Bu y\u00fczden etkileyici bir g\u00f6nderi metni, kullan\u0131c\u0131n\u0131n ilgisini daha uzun s\u00fcre \u00fcst\u00fcn\u00fczde tutacakt\u0131r ve daha fazla ki\u015fiye eri\u015fim sa\u011flaman\u0131zda, kaliteli bir g\u00f6rselin yan\u0131nda kilit rol oynayacakt\u0131r.<br \/>\nBir tak\u0131m \u00f6n bilgilerden sonra gelelim m\u00fckemmel Instagram caption yazma t\u00fcyolar\u0131na;<\/p>\n<h3>Instagram Takip\u00e7ilerinizi Harekete Ge\u00e7irin<\/h3>\n<p><img fetchpriority=\"high\" decoding=\"async\" class=\"wp-image-47495 size-full aligncenter\" src=\"https:\/\/earnado.com\/tr\/wp-content\/uploads\/2019\/09\/I\u0307nstagramda-Hashtag-Verimlilig\u0306inizi-Arttiracak-5-I\u0307pucu-1.png\" alt=\"takipci-harekete-gecir\" width=\"700\" height=\"350\" srcset=\"https:\/\/earnado.com\/tr\/wp-content\/uploads\/2019\/09\/I\u0307nstagramda-Hashtag-Verimlilig\u0306inizi-Arttiracak-5-I\u0307pucu-1.png 700w, https:\/\/earnado.com\/tr\/wp-content\/uploads\/2019\/09\/I\u0307nstagramda-Hashtag-Verimlilig\u0306inizi-Arttiracak-5-I\u0307pucu-1-300x150.png 300w, https:\/\/earnado.com\/tr\/wp-content\/uploads\/2019\/09\/I\u0307nstagramda-Hashtag-Verimlilig\u0306inizi-Arttiracak-5-I\u0307pucu-1-600x300.png 600w\" sizes=\"(max-width: 700px) 100vw, 700px\" \/><\/p>\n<p><strong>Call-to-action<\/strong> denilen CTA, yani eylem \u00e7a\u011fr\u0131s\u0131, takip\u00e7ilerinizi harekete ge\u00e7irmeye y\u00f6nelik s\u00f6ylemlerdir. <a href=\"https:\/\/earnado.com\/tr\/instagramda-takipci-nasil-arttirilir-hesap-gelistirme-yontemleri\/\"><strong>Takip\u00e7ileriniz<\/strong><\/a> eyleme davet ederek, yapt\u0131\u011f\u0131n\u0131z i\u015fe dahil olma hissi vermek olduk\u00e7a ba\u015far\u0131l\u0131 olunan bir y\u00f6ntem. \u0130\u00e7eri\u011finizi kullan\u0131c\u0131lar\u0131n hikayelerinde payla\u015fmalar\u0131n\u0131 istemek (buna uygunsa tabii ki), cevaplayabilecekleri sorular sormak, <strong>arkada\u015flar\u0131n\u0131 etiketleme<\/strong>lerini istemek kullanabilece\u011finiz yarat\u0131c\u0131 y\u00f6ntemlerden baz\u0131lar\u0131.<\/p>\n<h3>Amac\u0131n\u0131za G\u00f6re Metin Uzunlu\u011fu Se\u00e7in<\/h3>\n<p><img decoding=\"async\" class=\"alignnone wp-image-33973 size-full\" src=\"https:\/\/earnado.com\/tr\/wp-content\/uploads\/2019\/09\/metinuzunlugu.png\" alt=\"metinuzunlugu\" width=\"700\" height=\"350\" srcset=\"https:\/\/earnado.com\/tr\/wp-content\/uploads\/2019\/09\/metinuzunlugu.png 700w, https:\/\/earnado.com\/tr\/wp-content\/uploads\/2019\/09\/metinuzunlugu-600x300.png 600w, https:\/\/earnado.com\/tr\/wp-content\/uploads\/2019\/09\/metinuzunlugu-300x150.png 300w\" sizes=\"(max-width: 700px) 100vw, 700px\" \/><\/p>\n<p><strong>\u0130lginizi \u00e7ekebilir:<\/strong> <a title=\"Instagram Hikaye Reklamlar\u0131 i\u00e7in T\u00fcyolar ve \u00d6neriler\" href=\"https:\/\/earnado.com\/tr\/instagram-hikaye-reklamlari\/\">Instagram Hikaye Reklamlar\u0131 i\u00e7in T\u00fcyolar ve \u00d6neriler<\/a><\/p>\n<p>Hepimizin bildi\u011fi gibi Instagram g\u00f6rsel odakl\u0131 bir platform. Bunun sonucu olarak kullan\u0131c\u0131lar yava\u015f yava\u015f her yaz\u0131y\u0131 okumak yerine, foto\u011fraflara bak\u0131p h\u0131zl\u0131ca a\u015fa\u011f\u0131 kayd\u0131rma e\u011filimindeler. Bu sebeple <strong>Instagram g\u00f6nderi metnini<\/strong> k\u0131sa ve \u00f6z tutmak mant\u0131kl\u0131 bir se\u00e7im olacakt\u0131r. Bunun yan\u0131nda e\u011fer blog vb. sahibi iseniz hikayenizi k\u0131saltmadan oldu\u011fu gibi anlatman\u0131z, takip\u00e7ilerinizin beklentisini kar\u015f\u0131layacakt\u0131r. Burada \u00f6nemli olan nokta ise ilgi toplayacak ilk c\u00fcmleyi do\u011fru se\u00e7ebilmek. Bildi\u011finiz gibi Instagram uzun yaz\u0131lar\u0131n tamam\u0131n\u0131 ilk ba\u015fta g\u00f6stermiyor ve \u2018\u2019\u2026devam\u0131\u2019\u2019 yaz\u0131s\u0131na t\u0131klaman\u0131z gerekiyor. Bunun i\u00e7in kullan\u0131c\u0131lar\u0131 <strong>Instagram<\/strong> <strong>caption&#8217;<\/strong>un devam\u0131n\u0131 a\u00e7maya ikna edecek bir ba\u015flang\u0131\u00e7 yapt\u0131\u011f\u0131n\u0131zdan emin olun.<\/p>\n<h3>Instagram Caption\u0131n\u0131zda Markan\u0131z\u0131 Yans\u0131t\u0131n<\/h3>\n<p><img decoding=\"async\" class=\"alignnone wp-image-33972 size-full\" src=\"https:\/\/earnado.com\/tr\/wp-content\/uploads\/2019\/09\/marka.png\" alt=\"marka\" width=\"700\" height=\"350\" srcset=\"https:\/\/earnado.com\/tr\/wp-content\/uploads\/2019\/09\/marka.png 700w, https:\/\/earnado.com\/tr\/wp-content\/uploads\/2019\/09\/marka-600x300.png 600w, https:\/\/earnado.com\/tr\/wp-content\/uploads\/2019\/09\/marka-300x150.png 300w\" sizes=\"(max-width: 700px) 100vw, 700px\" \/><\/p>\n<p><strong>\u0130lginizi \u00e7ekebilir:<\/strong>\u00a0<a href=\"https:\/\/earnado.com\/tr\/hedef-kitle-persona-olusturma-ornekleri\/\">Hedef Kitle ve Persona Nedir Nas\u0131l Olu\u015fturulur (\u00d6rnekleri ile Birlikte)<\/a><\/p>\n<p>Her markan\u0131n kendine has bir <strong>personas\u0131<\/strong>, tonu, g\u00f6rseli vard\u0131r. Kendi hedef kitlenize ba\u011fl\u0131 olarak belirli bir grup insana hitap edersiniz ve Instagram caption&#8217;unuz da bunu yans\u0131t\u0131yor olmal\u0131d\u0131r. E\u011fer \u00fcniversite \u00e7a\u011f\u0131ndaki gen\u00e7ler <strong>hedef kitle<\/strong>niz ise farkl\u0131, \u00e7ocuklu aileleri hedef al\u0131yorsan\u0131z farkl\u0131 \u015fekillerde mesaj\u0131n\u0131z\u0131 iletirsiniz. Bu durumda emoji kullan\u0131m\u0131n\u0131z, hitap \u015fekliniz, uygulad\u0131\u011f\u0131n\u0131z trendler ve markan\u0131z\u0131n di\u011fer \u00f6zellikleri sayesinde hedef kitlenize uygun hareket edersiniz.<\/p>\n<h3>Hashtagleri Do\u011fru Kullan\u0131n<\/h3>\n<p>Instagram g\u00f6nderi metinlerinize <strong>pop\u00fcler hashtaglar<\/strong> eklemenin yan\u0131s\u0131ra payla\u015f\u0131m\u0131n\u0131z\u0131 anlatan <strong>\u00f6zel hashtagler<\/strong> de ekleyerek etkile\u015fiminizi artt\u0131rabilirsiniz. <a href=\"https:\/\/earnado.com\/tr\/instagram-hashtagleri-nasil-kullanilir-hashtag-kullanma-onerileri\/\">Hashtag<\/a>leri hedef kitlenize uygun bi\u00e7imde payla\u015fmay\u0131 unutmay\u0131n ve kendi personan\u0131z\u0131 yans\u0131tt\u0131\u011f\u0131ndan emin olun.<br \/>\nInstagram&#8217;da i\u015finizi b\u00fcy\u00fctmek, daha geni\u015f bir kitleye ula\u015fmak ve sesinizi duyurmak istiyorsan\u0131z g\u00f6nderi metniniz ile ilgili dikkat etmeniz gereken baz\u0131 noktalara de\u011findik. Umar\u0131z faydal\u0131 bir yaz\u0131 olmu\u015ftur.Konuyla ilgili akl\u0131n\u0131za tak\u0131lanlar\u0131 bizimle payla\u015fmaktan \u00e7ekinmeyin!<\/p>\n","protected":false},"excerpt":{"rendered":"<p>Instagram, g\u00fcn\u00fcm\u00fczde markalar\u0131n sesi olma rol\u00fcn\u00fc \u00fcstleniyor ve b\u00fcy\u00fck-k\u00fc\u00e7\u00fck t\u00fcm markalara i\u015flerini b\u00fcy\u00fctmek i\u00e7in harika bir f\u0131rsat sunuyor. Bu noktada kendi markan\u0131z\u0131 do\u011fru pazarlamak i\u00e7in Instagram\u2019\u0131 iyi kullanmay\u0131 bilmek; m\u00fc\u015fteri\/takip\u00e7i ili\u015fkilerinizi geli\u015ftirmeniz, promosyonlar\u0131n\u0131z\u0131 geni\u015f kitlelere duyurabilmeniz ve daha \u00e7ok ki\u015fiyi&#8230;<\/p>\n","protected":false},"author":29,"featured_media":38333,"comment_status":"open","ping_status":"open","sticky":false,"template":"","format":"standard","meta":{"footnotes":""},"categories":[58,62],"tags":[],"class_list":["post-40312","post","type-post","status-publish","format-standard","has-post-thumbnail","hentry","category-dijital-pazarlama","category-sosyal-medya"],"yoast_head":"<!-- This site is optimized with the Yoast SEO plugin v22.7 - https:\/\/yoast.com\/wordpress\/plugins\/seo\/ -->\n<title>Instagram&#039;da M\u00fckemmel G\u00f6nderi Metni (Caption-A\u00e7\u0131klamalar\u0131) Nas\u0131l Yaz\u0131l\u0131r? - Earnado<\/title>\n<meta name=\"description\" content=\"\u0130nstagramda g\u00f6nderi metni yazarak ve yazd\u0131\u011f\u0131n\u0131z metne \u00f6zen g\u00f6stererek daha fazla kitleye ula\u015fabilir ve ba\u015far\u0131l\u0131 olabilirsiniz\" \/>\n<meta name=\"robots\" content=\"index, follow, max-snippet:-1, max-image-preview:large, max-video-preview:-1\" \/>\n<link rel=\"canonical\" href=\"https:\/\/earnado.com\/tr\/instagramda-mukemmel-gonderi-metni-caption-nasil-yazilir\/\" \/>\n<meta property=\"og:locale\" content=\"tr_TR\" \/>\n<meta property=\"og:type\" content=\"article\" \/>\n<meta property=\"og:title\" content=\"Instagram&#039;da M\u00fckemmel G\u00f6nderi Metni (Caption-A\u00e7\u0131klamalar\u0131) Nas\u0131l Yaz\u0131l\u0131r? - Earnado\" \/>\n<meta property=\"og:description\" content=\"\u0130nstagramda g\u00f6nderi metni yazarak ve yazd\u0131\u011f\u0131n\u0131z metne \u00f6zen g\u00f6stererek daha fazla kitleye ula\u015fabilir ve ba\u015far\u0131l\u0131 olabilirsiniz\" \/>\n<meta property=\"og:url\" content=\"https:\/\/earnado.com\/tr\/instagramda-mukemmel-gonderi-metni-caption-nasil-yazilir\/\" \/>\n<meta property=\"og:site_name\" content=\"Earnado\" \/>\n<meta property=\"article:published_time\" content=\"2019-09-16T11:42:47+00:00\" \/>\n<meta property=\"article:modified_time\" content=\"2023-01-05T13:35:03+00:00\" \/>\n<meta property=\"og:image\" content=\"https:\/\/earnado.com\/tr\/wp-content\/uploads\/2019\/09\/OTVde-Dunya-Lideri-Turkiye-1.png\" \/>\n\t<meta property=\"og:image:width\" content=\"2240\" \/>\n\t<meta property=\"og:image:height\" content=\"1260\" \/>\n\t<meta property=\"og:image:type\" content=\"image\/png\" \/>\n<meta name=\"author\" content=\"Earnie\" \/>\n<meta name=\"twitter:card\" content=\"summary_large_image\" \/>\n<meta name=\"twitter:label1\" content=\"Yazan:\" \/>\n\t<meta name=\"twitter:data1\" content=\"Earnie\" \/>\n\t<meta name=\"twitter:label2\" content=\"Tahmini okuma s\u00fcresi\" \/>\n\t<meta name=\"twitter:data2\" content=\"4 dakika\" \/>\n<script type=\"application\/ld+json\" class=\"yoast-schema-graph\">{\"@context\":\"https:\/\/schema.org\",\"@graph\":[{\"@type\":\"WebPage\",\"@id\":\"https:\/\/earnado.com\/tr\/instagramda-mukemmel-gonderi-metni-caption-nasil-yazilir\/\",\"url\":\"https:\/\/earnado.com\/tr\/instagramda-mukemmel-gonderi-metni-caption-nasil-yazilir\/\",\"name\":\"Instagram'da M\u00fckemmel G\u00f6nderi Metni (Caption-A\u00e7\u0131klamalar\u0131) Nas\u0131l Yaz\u0131l\u0131r? - Earnado\",\"isPartOf\":{\"@id\":\"https:\/\/earnado.com\/tr\/#website\"},\"primaryImageOfPage\":{\"@id\":\"https:\/\/earnado.com\/tr\/instagramda-mukemmel-gonderi-metni-caption-nasil-yazilir\/#primaryimage\"},\"image\":{\"@id\":\"https:\/\/earnado.com\/tr\/instagramda-mukemmel-gonderi-metni-caption-nasil-yazilir\/#primaryimage\"},\"thumbnailUrl\":\"https:\/\/earnado.com\/tr\/wp-content\/uploads\/2019\/09\/OTVde-Dunya-Lideri-Turkiye-1.png\",\"datePublished\":\"2019-09-16T11:42:47+00:00\",\"dateModified\":\"2023-01-05T13:35:03+00:00\",\"author\":{\"@id\":\"https:\/\/earnado.com\/tr\/#\/schema\/person\/e380671ba233fc14a5be4fb6c568919d\"},\"description\":\"\u0130nstagramda g\u00f6nderi metni yazarak ve yazd\u0131\u011f\u0131n\u0131z metne \u00f6zen g\u00f6stererek daha fazla kitleye ula\u015fabilir ve ba\u015far\u0131l\u0131 olabilirsiniz\",\"inLanguage\":\"tr\",\"potentialAction\":[{\"@type\":\"ReadAction\",\"target\":[\"https:\/\/earnado.com\/tr\/instagramda-mukemmel-gonderi-metni-caption-nasil-yazilir\/\"]}]},{\"@type\":\"ImageObject\",\"inLanguage\":\"tr\",\"@id\":\"https:\/\/earnado.com\/tr\/instagramda-mukemmel-gonderi-metni-caption-nasil-yazilir\/#primaryimage\",\"url\":\"https:\/\/earnado.com\/tr\/wp-content\/uploads\/2019\/09\/OTVde-Dunya-Lideri-Turkiye-1.png\",\"contentUrl\":\"https:\/\/earnado.com\/tr\/wp-content\/uploads\/2019\/09\/OTVde-Dunya-Lideri-Turkiye-1.png\",\"width\":2240,\"height\":1260,\"caption\":\"Instagram'da M\u00fckemmel B\u0130R G\u00f6nderi Metni (Caption) Nas\u0131l Yaz\u0131l\u0131r?\"},{\"@type\":\"WebSite\",\"@id\":\"https:\/\/earnado.com\/tr\/#website\",\"url\":\"https:\/\/earnado.com\/tr\/\",\"name\":\"Earnado\",\"description\":\"\u0130\u015finizi Kafan\u0131zda De\u011fil \u0130nternette B\u00fcy\u00fct\u00fcn!\",\"potentialAction\":[{\"@type\":\"SearchAction\",\"target\":{\"@type\":\"EntryPoint\",\"urlTemplate\":\"https:\/\/earnado.com\/tr\/?s={search_term_string}\"},\"query-input\":\"required name=search_term_string\"}],\"inLanguage\":\"tr\"},{\"@type\":\"Person\",\"@id\":\"https:\/\/earnado.com\/tr\/#\/schema\/person\/e380671ba233fc14a5be4fb6c568919d\",\"name\":\"Earnie\",\"image\":{\"@type\":\"ImageObject\",\"inLanguage\":\"tr\",\"@id\":\"https:\/\/earnado.com\/tr\/#\/schema\/person\/image\/\",\"url\":\"https:\/\/secure.gravatar.com\/avatar\/ed35950b60effde06ac4a7c124bf78fb1aa6a63645544158c6a33ccb23f43b4f?s=96&d=mm&r=g\",\"contentUrl\":\"https:\/\/secure.gravatar.com\/avatar\/ed35950b60effde06ac4a7c124bf78fb1aa6a63645544158c6a33ccb23f43b4f?s=96&d=mm&r=g\",\"caption\":\"Earnie\"},\"url\":\"https:\/\/earnado.com\/tr\/author\/earnie\/\"}]}<\/script>\n<!-- \/ Yoast SEO plugin. -->","yoast_head_json":{"title":"Instagram'da M\u00fckemmel G\u00f6nderi Metni (Caption-A\u00e7\u0131klamalar\u0131) Nas\u0131l Yaz\u0131l\u0131r? - Earnado","description":"\u0130nstagramda g\u00f6nderi metni yazarak ve yazd\u0131\u011f\u0131n\u0131z metne \u00f6zen g\u00f6stererek daha fazla kitleye ula\u015fabilir ve ba\u015far\u0131l\u0131 olabilirsiniz","robots":{"index":"index","follow":"follow","max-snippet":"max-snippet:-1","max-image-preview":"max-image-preview:large","max-video-preview":"max-video-preview:-1"},"canonical":"https:\/\/earnado.com\/tr\/instagramda-mukemmel-gonderi-metni-caption-nasil-yazilir\/","og_locale":"tr_TR","og_type":"article","og_title":"Instagram'da M\u00fckemmel G\u00f6nderi Metni (Caption-A\u00e7\u0131klamalar\u0131) Nas\u0131l Yaz\u0131l\u0131r? - Earnado","og_description":"\u0130nstagramda g\u00f6nderi metni yazarak ve yazd\u0131\u011f\u0131n\u0131z metne \u00f6zen g\u00f6stererek daha fazla kitleye ula\u015fabilir ve ba\u015far\u0131l\u0131 olabilirsiniz","og_url":"https:\/\/earnado.com\/tr\/instagramda-mukemmel-gonderi-metni-caption-nasil-yazilir\/","og_site_name":"Earnado","article_published_time":"2019-09-16T11:42:47+00:00","article_modified_time":"2023-01-05T13:35:03+00:00","og_image":[{"width":2240,"height":1260,"url":"https:\/\/earnado.com\/tr\/wp-content\/uploads\/2019\/09\/OTVde-Dunya-Lideri-Turkiye-1.png","type":"image\/png"}],"author":"Earnie","twitter_card":"summary_large_image","twitter_misc":{"Yazan:":"Earnie","Tahmini okuma s\u00fcresi":"4 dakika"},"schema":{"@context":"https:\/\/schema.org","@graph":[{"@type":"WebPage","@id":"https:\/\/earnado.com\/tr\/instagramda-mukemmel-gonderi-metni-caption-nasil-yazilir\/","url":"https:\/\/earnado.com\/tr\/instagramda-mukemmel-gonderi-metni-caption-nasil-yazilir\/","name":"Instagram'da M\u00fckemmel G\u00f6nderi Metni (Caption-A\u00e7\u0131klamalar\u0131) Nas\u0131l Yaz\u0131l\u0131r? - Earnado","isPartOf":{"@id":"https:\/\/earnado.com\/tr\/#website"},"primaryImageOfPage":{"@id":"https:\/\/earnado.com\/tr\/instagramda-mukemmel-gonderi-metni-caption-nasil-yazilir\/#primaryimage"},"image":{"@id":"https:\/\/earnado.com\/tr\/instagramda-mukemmel-gonderi-metni-caption-nasil-yazilir\/#primaryimage"},"thumbnailUrl":"https:\/\/earnado.com\/tr\/wp-content\/uploads\/2019\/09\/OTVde-Dunya-Lideri-Turkiye-1.png","datePublished":"2019-09-16T11:42:47+00:00","dateModified":"2023-01-05T13:35:03+00:00","author":{"@id":"https:\/\/earnado.com\/tr\/#\/schema\/person\/e380671ba233fc14a5be4fb6c568919d"},"description":"\u0130nstagramda g\u00f6nderi metni yazarak ve yazd\u0131\u011f\u0131n\u0131z metne \u00f6zen g\u00f6stererek daha fazla kitleye ula\u015fabilir ve ba\u015far\u0131l\u0131 olabilirsiniz","inLanguage":"tr","potentialAction":[{"@type":"ReadAction","target":["https:\/\/earnado.com\/tr\/instagramda-mukemmel-gonderi-metni-caption-nasil-yazilir\/"]}]},{"@type":"ImageObject","inLanguage":"tr","@id":"https:\/\/earnado.com\/tr\/instagramda-mukemmel-gonderi-metni-caption-nasil-yazilir\/#primaryimage","url":"https:\/\/earnado.com\/tr\/wp-content\/uploads\/2019\/09\/OTVde-Dunya-Lideri-Turkiye-1.png","contentUrl":"https:\/\/earnado.com\/tr\/wp-content\/uploads\/2019\/09\/OTVde-Dunya-Lideri-Turkiye-1.png","width":2240,"height":1260,"caption":"Instagram'da M\u00fckemmel B\u0130R G\u00f6nderi Metni (Caption) Nas\u0131l Yaz\u0131l\u0131r?"},{"@type":"WebSite","@id":"https:\/\/earnado.com\/tr\/#website","url":"https:\/\/earnado.com\/tr\/","name":"Earnado","description":"\u0130\u015finizi Kafan\u0131zda De\u011fil \u0130nternette B\u00fcy\u00fct\u00fcn!","potentialAction":[{"@type":"SearchAction","target":{"@type":"EntryPoint","urlTemplate":"https:\/\/earnado.com\/tr\/?s={search_term_string}"},"query-input":"required name=search_term_string"}],"inLanguage":"tr"},{"@type":"Person","@id":"https:\/\/earnado.com\/tr\/#\/schema\/person\/e380671ba233fc14a5be4fb6c568919d","name":"Earnie","image":{"@type":"ImageObject","inLanguage":"tr","@id":"https:\/\/earnado.com\/tr\/#\/schema\/person\/image\/","url":"https:\/\/secure.gravatar.com\/avatar\/ed35950b60effde06ac4a7c124bf78fb1aa6a63645544158c6a33ccb23f43b4f?s=96&d=mm&r=g","contentUrl":"https:\/\/secure.gravatar.com\/avatar\/ed35950b60effde06ac4a7c124bf78fb1aa6a63645544158c6a33ccb23f43b4f?s=96&d=mm&r=g","caption":"Earnie"},"url":"https:\/\/earnado.com\/tr\/author\/earnie\/"}]}},"_links":{"self":[{"href":"https:\/\/earnado.com\/tr\/wp-json\/wp\/v2\/posts\/40312","targetHints":{"allow":["GET"]}}],"collection":[{"href":"https:\/\/earnado.com\/tr\/wp-json\/wp\/v2\/posts"}],"about":[{"href":"https:\/\/earnado.com\/tr\/wp-json\/wp\/v2\/types\/post"}],"author":[{"embeddable":true,"href":"https:\/\/earnado.com\/tr\/wp-json\/wp\/v2\/users\/29"}],"replies":[{"embeddable":true,"href":"https:\/\/earnado.com\/tr\/wp-json\/wp\/v2\/comments?post=40312"}],"version-history":[{"count":2,"href":"https:\/\/earnado.com\/tr\/wp-json\/wp\/v2\/posts\/40312\/revisions"}],"predecessor-version":[{"id":57871,"href":"https:\/\/earnado.com\/tr\/wp-json\/wp\/v2\/posts\/40312\/revisions\/57871"}],"wp:featuredmedia":[{"embeddable":true,"href":"https:\/\/earnado.com\/tr\/wp-json\/wp\/v2\/media\/38333"}],"wp:attachment":[{"href":"https:\/\/earnado.com\/tr\/wp-json\/wp\/v2\/media?parent=40312"}],"wp:term":[{"taxonomy":"category","embeddable":true,"href":"https:\/\/earnado.com\/tr\/wp-json\/wp\/v2\/categories?post=40312"},{"taxonomy":"post_tag","embeddable":true,"href":"https:\/\/earnado.com\/tr\/wp-json\/wp\/v2\/tags?post=40312"}],"curies":[{"name":"wp","href":"https:\/\/api.w.org\/{rel}","templated":true}]}}