{"id":49362,"date":"2021-08-25T22:40:24","date_gmt":"2021-08-25T19:40:24","guid":{"rendered":"http:\/\/earnado.com\/tr\/?p=49362"},"modified":"2023-01-05T17:39:24","modified_gmt":"2023-01-05T14:39:24","slug":"dikkat-cekici-afis-nasil-hazirlanir-ornekler-ve-oneriler","status":"publish","type":"post","link":"https:\/\/earnado.com\/tr\/dikkat-cekici-afis-nasil-hazirlanir-ornekler-ve-oneriler\/","title":{"rendered":"Dikkat \u00c7ekici Afi\u015f Nas\u0131l Haz\u0131rlan\u0131r? \u00d6rnekler ve \u00d6neriler"},"content":{"rendered":"<p>\u00c7a\u011f\u0131m\u0131zda insanlar\u0131n bir mesaja dikkatlerini verme, yani odaklanma s\u00fcreleri bir hayli k\u0131s\u0131tl\u0131. Yap\u0131lan bir ara\u015ft\u0131rmaya g\u00f6re insanlar\u0131n dikkat s\u00fcresi 8 saniye ile s\u0131n\u0131rl\u0131. \u0130nsanlar size dikkatlerini vermeden \u00f6nce onu hak etmenizi beklerler; yani kar\u015f\u0131 tarafa bir mesaj iletmeden \u00f6nce, onlar\u0131n ilgisini hak etmemiz laz\u0131md\u0131r. Bu nedenle iletmek istedi\u011fimiz mesaj\u0131n ilk bak\u0131\u015fta merak uyand\u0131r\u0131c\u0131 ve ilgi \u00e7ekici bir \u00f6zelli\u011fe sahip olmas\u0131 gerekmektedir. Peki, insanlar\u0131n dikkatini mesaj\u0131n\u0131za vermelerini nas\u0131l sa\u011flayabilirsiniz? Bunun en \u00f6nemli yolu g\u00f6rselliktir. \u0130nsanlar bir mesajla kar\u015f\u0131la\u015ft\u0131klar\u0131nda (Instagram&#8217;da bir g\u00f6nderi, reklam afi\u015fleri vb.) \u00f6ncelikle o mesaj\u0131n g\u00f6rsel uyaranlar\u0131na maruz kal\u0131rlar; i\u015fte bu g\u00f6rsel uyaranlar\u0131n ilgi \u00e7ekici olmas\u0131 ise kar\u015f\u0131 taraf\u0131n mesaj\u0131n\u0131zla daha uzun s\u00fcre etkile\u015fim i\u00e7inde bulunmas\u0131n\u0131 sa\u011flar.<\/p>\n<p>G\u00f6rsel \u00f6\u011feler insanl\u0131\u011f\u0131n ilk ortaya \u00e7\u0131k\u0131\u015f\u0131ndan beri varl\u0131klar\u0131n\u0131 s\u00fcrd\u00fcrm\u00fc\u015flerdir. Anlaml\u0131 c\u00fcmleler ya da yaz\u0131 ve alfabe ortaya \u00e7\u0131kmadan \u00f6nce var olan g\u00f6rsel \u00f6\u011feler, insan beyninin ilk tan\u0131\u015ft\u0131\u011f\u0131 uyaranlard\u0131r.<\/p>\n<p>Beyin, bir duruma kar\u015f\u0131 dikkatini vermeden \u00f6nce, ortamda bir \u015feylerin de\u011fi\u015fip de\u011fi\u015fmedi\u011fine bakar. E\u011fer ki ortamda bir de\u011fi\u015fiklik sezerse, beyin ona dikkat kesilir ve b\u00fct\u00fcn oda\u011f\u0131n\u0131 o noktaya y\u00f6neltir. G\u00f6rsel \u00f6\u011feler ile bu de\u011fi\u015fimi yaratmak m\u00fcmk\u00fcnd\u00fcr. Caddelerin ve sokaklar\u0131n tekd\u00fczeli\u011finde kar\u015f\u0131m\u0131zda belirecek dikkat \u00e7ekici, farkl\u0131 ve renkli bir afi\u015fe ister istemez dikkatimizi y\u00f6neltiriz. Dikkatimizi tetikleyecek bu de\u011fi\u015fimi yaratmak i\u00e7in afi\u015fler \u00fczerinde yarat\u0131c\u0131l\u0131\u011f\u0131m\u0131z\u0131 kullanmam\u0131z gerekecektir; aksi durumda caddelerin ve sokaklar\u0131n monotonlu\u011fu, birbirine benzeyen afi\u015fler i\u00e7in de ayn\u0131 \u015fekilde ge\u00e7erli olacakt\u0131r.<\/p>\n<p>K\u0131sacas\u0131 g\u00f6rsellik, kar\u015f\u0131 taraf\u0131n dikkatini \u00e7ekmenin ilk ve en \u00f6nemli ad\u0131m\u0131d\u0131r ve mesaj\u0131n\u0131z\u0131n al\u0131c\u0131 ile daha uzun s\u00fcre etkile\u015fimde bulunmas\u0131na olanak sa\u011flar.<\/p>\n<h2>\u0130ki Tip Afi\u015f: Hikaye ve Mesaj<\/h2>\n<p>Buraya kadar g\u00f6rselli\u011fin dikkat \u00fczerindeki etkisine de\u011findikten sonra, bu g\u00f6rsel \u00f6\u011feleri nerelerde kullanabilece\u011finize gelelim. G\u00f6rsel \u00f6\u011felerin en belirgin \u015fekilde kullan\u0131ld\u0131\u011f\u0131 materyaller afi\u015flerdir. Afi\u015fler hareketsiz ve sessiz yap\u0131lar olduklar\u0131ndan tek bir duyu organ\u0131na hitap ederler. Bu durum kar\u015f\u0131 taraf\u0131n dikkatini \u00e7ekmede g\u00f6rsel materyallerin \u00f6nemini daha da \u00f6ne \u00e7\u0131karmaktad\u0131r.<\/p>\n<p>Afi\u015fler direkt olarak belli bir mesaj\u0131 iletmek i\u00e7in kullan\u0131lsalar da i\u00e7lerinde birtak\u0131m hikayeler de bar\u0131nd\u0131rabilirler. \u00d6zellikle filmler ya da diziler i\u00e7in haz\u0131rlanan afi\u015flerin i\u00e7inde hik\u00e2ye unsurunu daha net g\u00f6rebiliriz. Bu afi\u015fler genellikle kar\u015f\u0131 taraf\u0131n zihninde belli senaryolar canland\u0131rarak, ki\u015fide merak uyand\u0131rma amac\u0131 ile dizayn edilirler. Bu tarz dizi ve film afi\u015flerinin i\u00e7inde baz\u0131 sahnelerden ara ara kesilmi\u015f resimler vard\u0131r; bu da size senaryonun gidi\u015fat\u0131 ile ilgili bilgi verir.<\/p>\n<p>\u00d6rne\u011fin a\u015fa\u011f\u0131daki afi\u015f bunun basit bir \u00f6rne\u011fi. Bu afi\u015fe bakt\u0131\u011f\u0131m\u0131zda, bize direkt bir mesaj vermekten \u00e7ok zihnimizde bir hik\u00e2ye olu\u015fturuyor. \u0130lk bakt\u0131\u011f\u0131n\u0131zda sabahlar\u0131 doktor, ak\u015famlar\u0131 ise bir s\u00fcper kahramana d\u00f6n\u00fc\u015fen bir adam ya da \u00e7ocuklar\u0131n korkmas\u0131n\u0131 engellemek i\u00e7in onlar\u0131 kost\u00fcmle muayene eden bir doktor d\u00fc\u015f\u00fcnebilirsiniz. Ba\u015fka bir nokta ise afi\u015flerin kullan\u0131m alan\u0131na, yerine ve tarihine g\u00f6re farkl\u0131 anlamlar kazanabilmesidir. E\u011fer ki a\u015fa\u011f\u0131daki afi\u015fi doktorlar g\u00fcn\u00fcnde g\u00f6rseydik, &#8220;Doktorlar kahramand\u0131rlar.&#8221; diye bir slogan\u0131n par\u00e7as\u0131 oldu\u011funu ve bu afi\u015fin doktorlara bir nevi \u00f6vg\u00fcy\u00fc temsil etti\u011fini d\u00fc\u015f\u00fcnebilirdir.<\/p>\n<p><img fetchpriority=\"high\" decoding=\"async\" class=\"alignnone wp-image-49446 size-large\" src=\"https:\/\/earnado.com\/tr\/wp-content\/uploads\/2021\/08\/pexels-klaus-nielsen-6303759-1024x498.jpg\" alt=\"Hikaye belirten afi\u015f\" width=\"640\" height=\"311\" srcset=\"https:\/\/earnado.com\/tr\/wp-content\/uploads\/2021\/08\/pexels-klaus-nielsen-6303759-1024x498.jpg 1024w, https:\/\/earnado.com\/tr\/wp-content\/uploads\/2021\/08\/pexels-klaus-nielsen-6303759-300x146.jpg 300w, https:\/\/earnado.com\/tr\/wp-content\/uploads\/2021\/08\/pexels-klaus-nielsen-6303759-768x374.jpg 768w, https:\/\/earnado.com\/tr\/wp-content\/uploads\/2021\/08\/pexels-klaus-nielsen-6303759-1536x747.jpg 1536w, https:\/\/earnado.com\/tr\/wp-content\/uploads\/2021\/08\/pexels-klaus-nielsen-6303759-2048x996.jpg 2048w, https:\/\/earnado.com\/tr\/wp-content\/uploads\/2021\/08\/pexels-klaus-nielsen-6303759-600x292.jpg 600w\" sizes=\"(max-width: 640px) 100vw, 640px\" \/><\/p>\n<p>Resmi kurulu\u015flar, firmalar, giri\u015fimler ya da \u015firketler ise afi\u015flerinde bir hikaye anlatmaktan \u00e7ok, bir mesaj verme e\u011filimi ta\u015f\u0131rlar. Resmi kurulu\u015flar\u0131n topluma, \u015firketlerin m\u00fc\u015fterilere ve giri\u015fimcilerin ise kullan\u0131c\u0131lara ya da yat\u0131r\u0131mc\u0131lara bir mesaj verme ihtiyac\u0131 vard\u0131r. Yaz\u0131n\u0131n ba\u015f\u0131nda belirtti\u011fimiz gibi, insanlar\u0131n bir mesaja odaklanma s\u00fcreleri bir hayli az oldu\u011fundan, mesaj i\u00e7eri\u011fi ta\u015f\u0131yan afi\u015flerin ilgi \u00e7ekici ve bar\u0131nd\u0131rd\u0131klar\u0131 mesaj a\u00e7\u0131s\u0131ndan h\u0131zl\u0131 anla\u015f\u0131labilir bir yap\u0131ya sahip olmalar\u0131 gerekmektedir. \u00d6rne\u011fin a\u015fa\u011f\u0131daki afi\u015fe bakt\u0131\u011f\u0131n\u0131z anda, \u015fi\u015fenin \u00fczerinde herhangi bir yaz\u0131 olmasa bile, ac\u0131 sos reklam\u0131 oldu\u011funu h\u0131zl\u0131 bir \u015fekilde anlayabilirsiniz. Ayn\u0131 zamanda a\u015fa\u011f\u0131daki afi\u015fte bu sosun ne kadar ac\u0131 oldu\u011funa dair bir bilgi belirtilmemi\u015f oldu\u011fu halde bile, sadece g\u00f6rsel \u00f6\u011feler sayesinde, g\u00f6rd\u00fc\u011f\u00fcn\u00fcz ac\u0131 sosun fazlas\u0131yla ac\u0131 oldu\u011fu hissine de kap\u0131l\u0131yorsunuz; yani g\u00f6rev tamamland\u0131, mesaj yerine ula\u015ft\u0131.<\/p>\n<p><img decoding=\"async\" class=\"alignnone wp-image-49670 size-large\" src=\"https:\/\/earnado.com\/tr\/wp-content\/uploads\/2021\/08\/BIRA640-1024x498.jpg\" alt=\"MESAJ VEREN AF\u0130\u015e\" width=\"640\" height=\"311\" srcset=\"https:\/\/earnado.com\/tr\/wp-content\/uploads\/2021\/08\/BIRA640-1024x498.jpg 1024w, https:\/\/earnado.com\/tr\/wp-content\/uploads\/2021\/08\/BIRA640-300x146.jpg 300w, https:\/\/earnado.com\/tr\/wp-content\/uploads\/2021\/08\/BIRA640-768x373.jpg 768w, https:\/\/earnado.com\/tr\/wp-content\/uploads\/2021\/08\/BIRA640-600x292.jpg 600w, https:\/\/earnado.com\/tr\/wp-content\/uploads\/2021\/08\/BIRA640.jpg 1280w\" sizes=\"(max-width: 640px) 100vw, 640px\" \/><\/p>\n<h2>Etkili Afi\u015fler ve \u00d6zellikleri<\/h2>\n<p>E\u011fer etkili, kolay anla\u015f\u0131labilir ve haf\u0131zada uzun s\u00fcre yer edecek bir afi\u015f haz\u0131rlamak istiyorsan\u0131z, afi\u015f haz\u0131rlarken dikkat etmeniz gereken baz\u0131 noktalar vard\u0131r. Bu b\u00f6l\u00fcmde etkili bir afi\u015f tasarlayabilmek i\u00e7in uygulaman\u0131z gereken baz\u0131 \u00f6zelliklere de\u011finece\u011fim. Afi\u015finizi tasarlarken bu maddeleri dikkate almak hem mesaj\u0131n\u0131z\u0131n de\u011fer g\u00f6rebilmesi hem de mesaj\u0131n\u0131z\u0131 iletece\u011finiz kitlenin mesaj\u0131n\u0131z hakk\u0131ndaki g\u00f6r\u00fc\u015flerini olumlu y\u00f6nde etkilemesi a\u00e7\u0131s\u0131ndan b\u00fcy\u00fck \u00f6nem ta\u015f\u0131maktad\u0131r. Haz\u0131rsan\u0131z ba\u015flayal\u0131m.<\/p>\n<h3>1) \u00d6zg\u00fcnl\u00fck ve Yarat\u0131c\u0131l\u0131k:<\/h3>\n<p>Sinirbilimci Profes\u00f6r Benjamin Bergen, &#8220;Tan\u0131d\u0131k bir metaforla kar\u015f\u0131la\u015ft\u0131k\u00e7a beynin motor sistemindeki etkinlik azal\u0131yor, ba\u015fka bir deyi\u015fle, bu metaforlar kullan\u0131ld\u0131klar\u0131 s\u00fcre i\u00e7erisinde canl\u0131l\u0131klar\u0131n\u0131, etkinliklerini ya da en az\u0131ndan \u00e7a\u011fr\u0131\u015f\u0131m yapma \u00f6zelliklerini yitiriyorlar&#8221; diye belirtiyor. Bu da demek oluyor ki farkl\u0131 olun, yarat\u0131c\u0131 olun ve en \u00f6nemlisi \u00f6zg\u00fcn olun. S\u0131k kullan\u0131lan c\u00fcmle kal\u0131plar\u0131ndan ve metaforlardan kurtulun ki yaz\u0131n\u0131n ba\u015f\u0131nda bahsetti\u011fimiz tekd\u00fcze, monoton sokaklara ve caddelere d\u00f6n\u00fc\u015fmeyin. Farkl\u0131 c\u00fcmle yap\u0131lar\u0131yla kar\u015f\u0131la\u015fan beyin normalden daha fazla uyar\u0131lacak ve mesaj\u0131n\u0131za odaklanma olas\u0131l\u0131\u011f\u0131 daha da artacakt\u0131r. Ayn\u0131 zamanda farkl\u0131 ve \u00f6zg\u00fcn bir mesaj, mesaj\u0131 alanlar taraf\u0131ndan daha uzun s\u00fcre boyunca hat\u0131rlanacakt\u0131r.<\/p>\n<p>E\u011fer ki kar\u015f\u0131 tarafta bir merak uyand\u0131rmak istiyorsan\u0131z, onlara rakiplerinizden ya da e\u015f d\u00fczeylerinizden farkl\u0131 bir \u015feyler sunun. Unutmay\u0131n ki sizin di\u011fer \u015firketlerden, giri\u015fimlerden ya da i\u015fletmelerden farkl\u0131 bir vizyonunuz var. Mesaj\u0131n\u0131z\u0131 ve iletme \u015feklinizi kendi vizyonunuza g\u00f6re olu\u015fturun. B\u00f6ylece mesaj\u0131n\u0131z sizinle hat\u0131rlan\u0131r.<\/p>\n<p>\u0130lginizi \u00e7ekebilir: <a href=\"https:\/\/earnado.com\/tr\/degisik-reklamlar-ve-yaratici-reklam-fikirleri\/\">De\u011fi\u015fik Reklamlar ve Yarat\u0131c\u0131 Reklam Fikirleri<\/a><\/p>\n<p>\u0130lginizi \u00e7ekebilir: <a href=\"https:\/\/earnado.com\/tr\/yaratici-sloganlar-slogan-bulma-yontemleri-ve-ornekleri\/\">Yarat\u0131c\u0131 Sloganlar, Slogan Bulma Y\u00f6ntemleri ve \u00d6rnekleri<\/a><\/p>\n<p><img decoding=\"async\" class=\"alignnone wp-image-49677 size-large\" src=\"https:\/\/earnado.com\/tr\/wp-content\/uploads\/2021\/08\/14-creative-advertising-poster-designs-1024x498.jpg\" alt=\"yarat\u0131c\u0131 ve \u00f6zg\u00fcn afi\u015f \u00f6rne\u011fi\" width=\"640\" height=\"311\" srcset=\"https:\/\/earnado.com\/tr\/wp-content\/uploads\/2021\/08\/14-creative-advertising-poster-designs-1024x498.jpg 1024w, https:\/\/earnado.com\/tr\/wp-content\/uploads\/2021\/08\/14-creative-advertising-poster-designs-300x146.jpg 300w, https:\/\/earnado.com\/tr\/wp-content\/uploads\/2021\/08\/14-creative-advertising-poster-designs-768x373.jpg 768w, https:\/\/earnado.com\/tr\/wp-content\/uploads\/2021\/08\/14-creative-advertising-poster-designs-600x292.jpg 600w, https:\/\/earnado.com\/tr\/wp-content\/uploads\/2021\/08\/14-creative-advertising-poster-designs.jpg 1280w\" sizes=\"(max-width: 640px) 100vw, 640px\" \/><\/p>\n<h3>2) Basit ve Anla\u015f\u0131l\u0131r:<\/h3>\n<p>Sonuna kadar kat\u0131ld\u0131\u011f\u0131m bir s\u00f6z vard\u0131r: \u0130nsanlar\u0131n ilgisini \u00e7ekmek bedava de\u011fildir. Birilerinin sizin mesaj\u0131n\u0131zla ilgilenmesi i\u00e7in onlara farkl\u0131 bir \u015feyler sunarak dikkatlerini \u00fczerinize \u00e7ekmeniz gerekecektir. Peki kar\u015f\u0131 taraf\u0131n ilgisini toplamay\u0131 ba\u015fard\u0131n\u0131z diyelim, sizce bu ilgiyi ne kadar s\u00fcre boyunca canl\u0131 tutabileceksiniz? 2000 ki\u015fi ile yap\u0131lan bir ara\u015ft\u0131rmaya g\u00f6re bu s\u00fcre 8 saniye. Evet, sadece 8 saniye. Bu da demek oluyor ki, bu k\u0131sa s\u00fcre i\u00e7erisinde s\u00f6ylemek istediklerinizi kar\u015f\u0131 tarafa aktarman\u0131z gerekecek. Bunu ba\u015farabilmek i\u00e7in de mesaj\u0131n\u0131z\u0131n basit ve kolay anla\u015f\u0131labilir olmas\u0131 gerekmektedir; m\u00fcmk\u00fcnse ilk bak\u0131\u015fta.<\/p>\n<p>Mesaj\u0131n\u0131z\u0131 basit ve kolay anla\u015f\u0131labilir yapmak i\u00e7in anahtar kelimeler belirlemeniz gerekecektir. \u0130yi bir \u015fekilde analiz edip belirlenmi\u015f anahtar kelimeler sayesinde kar\u015f\u0131 taraf mesaj\u0131n\u0131zdaki anahtar kelimeler aras\u0131nda anlaml\u0131 bir b\u00fct\u00fcn kurup, mesaj\u0131n\u0131z\u0131 bir bak\u0131\u015fta anlayabilir. Anahtar kelimeler bir nevi yapboz par\u00e7alar\u0131 gibidir. Aralar\u0131ndan sizin mesaj\u0131n\u0131z\u0131 en iyi \u015fekilde yans\u0131tacak par\u00e7alar\u0131 bulup kar\u015f\u0131n\u0131zdaki ki\u015fiye g\u00f6sterirseniz, k\u0131sa bir s\u00fcre sonra onun resmin tamam\u0131n\u0131 tahmin etmesini sa\u011flayabilirsiniz. Sizin mesaj\u0131n\u0131z\u0131 ve vizyonunuzu en iyi \u015fekilde yans\u0131tacak anahtar kelimeleri bulun ve onlarla anlaml\u0131 bir mesaj haz\u0131rlay\u0131n. E\u011fer mesaj\u0131n\u0131z\u0131n i\u00e7eri\u011fiyle alakal\u0131 anahtar kelimeleri do\u011fru se\u00e7erseniz, kar\u015f\u0131 taraf\u0131n mesaj\u0131n\u0131z\u0131 ilk bak\u0131\u015fta anlamas\u0131n\u0131 sa\u011flayabilirsiniz.<\/p>\n<p>\u0130lginizi \u00c7ekebilir: <a href=\"https:\/\/earnado.com\/tr\/sosyal-medya-uzmani-nasil-olunur-ne-yapmak-gerekir\/\">Sosyal Medya Uzman\u0131 Nas\u0131l Olunur, Ne Yapmak Gerekir?<\/a><\/p>\n<h2><\/h2>\n<h3>3) Sade Olun:<\/h3>\n<p>Az \u00e7oktan fazlad\u0131r. \u00c7ok \u015fey anlatmak i\u00e7in illa fazla s\u00f6ze gerek yoktur; bazen bir c\u00fcmle veya bir kelime markan\u0131z\u0131n ya da giri\u015fiminizin t\u00fcm hikayesini anlatman\u0131z i\u00e7in yeterli olacakt\u0131r.<\/p>\n<p>G\u00f6rsel zenginlik yaratmak amac\u0131yla mesaj\u0131n\u0131z\u0131 g\u00f6rsel bir karma\u015fan\u0131n i\u00e7ine s\u00fcr\u00fckleyebilirsiniz. Bu durum kar\u015f\u0131 taraf\u0131n mesaj\u0131n\u0131z\u0131 alma h\u0131z\u0131n\u0131 yava\u015flat\u0131r ve olu\u015fan bu g\u00f6rsel karma\u015fa kar\u015f\u0131 taraf\u0131n dikkatinin da\u011f\u0131lmas\u0131na neden olabilir. Yani \u00e7ok \u015fey anlatay\u0131m derken, hi\u00e7bir \u015fey anlatamayabilirsiniz. Mesaj\u0131n\u0131z\u0131 kar\u015f\u0131 tarafa en h\u0131zl\u0131 \u015fekilde ula\u015ft\u0131rman\u0131n yolu sadelikten ge\u00e7er ve bu sayede kar\u015f\u0131 taraf\u0131n dikkatini belli bir noktada toplayabilirsiniz.<\/p>\n<p>Bu konuda al\u0131\u015ft\u0131rma yapmak istiyorsan\u0131z, kendinize bir harf s\u0131n\u0131r\u0131 belirleyip, markan\u0131z\u0131n hikayesini ya da vermek istedi\u011finiz mesaj\u0131 bu s\u0131n\u0131rl\u0131 say\u0131da harf ile anlatmaya \u00e7al\u0131\u015fabilirsiniz. Twitter&#8217;\u0131n harf sayac\u0131 bu konuda size yard\u0131mc\u0131 olacakt\u0131r. Markan\u0131z\u0131n hikayesini sadece bir tweet i\u00e7inde anlatmay\u0131 ba\u015farabilir misiniz?<\/p>\n<p><img loading=\"lazy\" decoding=\"async\" class=\"alignnone wp-image-49674 size-full\" src=\"https:\/\/earnado.com\/tr\/wp-content\/uploads\/2021\/08\/14519_en-yaratici-reklam-panolari_33215640.jpg\" alt=\"Sade ve yarat\u0131c\u0131 afi\u015f\" width=\"640\" height=\"311\" srcset=\"https:\/\/earnado.com\/tr\/wp-content\/uploads\/2021\/08\/14519_en-yaratici-reklam-panolari_33215640.jpg 640w, https:\/\/earnado.com\/tr\/wp-content\/uploads\/2021\/08\/14519_en-yaratici-reklam-panolari_33215640-300x146.jpg 300w, https:\/\/earnado.com\/tr\/wp-content\/uploads\/2021\/08\/14519_en-yaratici-reklam-panolari_33215640-600x292.jpg 600w\" sizes=\"(max-width: 640px) 100vw, 640px\" \/><\/p>\n<h3>4) Tutarl\u0131 Olun:<\/h3>\n<p>Tutarl\u0131l\u0131k, Robert Cialdini&#8217;nin &#8220;\u0130knan\u0131n Psikolojisi&#8221; adl\u0131 kitab\u0131nda, insanlar\u0131 ikna etmede \u00f6nemli bir kavram ve g\u00fcven kazanman\u0131n bir yolu olarak g\u00f6sterilir. Mesaj\u0131n\u0131z\u0131n markan\u0131zla, i\u015fletmenizle ya da giri\u015fiminizin vizyonuyla tutarl\u0131 olmas\u0131 gerekmektedir. Farkl\u0131 olmak ad\u0131na, \u015firketinizin nas\u0131l bir vizyonu oldu\u011funu ve insanlar taraf\u0131ndan nas\u0131l g\u00f6r\u00fcnd\u00fc\u011f\u00fcn\u00fc unutup bu tutarl\u0131l\u0131ktan \u00e7\u0131kmak, m\u00fc\u015fterilerinizde ya da kullan\u0131c\u0131lar\u0131n\u0131zda \u015fa\u015fk\u0131nl\u0131k ve g\u00fcvensizlik duygular\u0131n\u0131n ortaya \u00e7\u0131kmas\u0131na sebep olabilir. Yani k\u0131sacas\u0131 afi\u015finiz ve mesaj\u0131 verme \u015fekliniz sizi yans\u0131tmal\u0131d\u0131r. Afi\u015finiz sizin tutkunuzun ve vizyonunuzun bir yans\u0131mas\u0131 olmal\u0131d\u0131r.<\/p>\n<p><img loading=\"lazy\" decoding=\"async\" class=\"alignnone wp-image-49678 size-large\" src=\"https:\/\/earnado.com\/tr\/wp-content\/uploads\/2021\/08\/pexels-cottonbro-5446172-3-1024x498.jpg\" alt=\"markayla uyumlu mesaj\" width=\"640\" height=\"311\" srcset=\"https:\/\/earnado.com\/tr\/wp-content\/uploads\/2021\/08\/pexels-cottonbro-5446172-3-1024x498.jpg 1024w, https:\/\/earnado.com\/tr\/wp-content\/uploads\/2021\/08\/pexels-cottonbro-5446172-3-300x146.jpg 300w, https:\/\/earnado.com\/tr\/wp-content\/uploads\/2021\/08\/pexels-cottonbro-5446172-3-768x373.jpg 768w, https:\/\/earnado.com\/tr\/wp-content\/uploads\/2021\/08\/pexels-cottonbro-5446172-3-1536x746.jpg 1536w, https:\/\/earnado.com\/tr\/wp-content\/uploads\/2021\/08\/pexels-cottonbro-5446172-3-2048x995.jpg 2048w, https:\/\/earnado.com\/tr\/wp-content\/uploads\/2021\/08\/pexels-cottonbro-5446172-3-600x292.jpg 600w\" sizes=\"(max-width: 640px) 100vw, 640px\" \/><br \/>\n\u0130lginizi \u00c7ekebilir: <a href=\"https:\/\/earnado.com\/tr\/instagram-takipci-yonetimi-nasil-yapilmali-nelere-dikkat-edilmeli\/\">Instagram Takip\u00e7i Y\u00f6ntemi Nas\u0131l Yap\u0131lmal\u0131? Nelere Dikkat edilmeli?<\/a><\/p>\n<h3>Afi\u015f Haz\u0131rlama \u00d6nerileri<\/h3>\n<p>Afi\u015f tasarlamadan ve bir mesaj olu\u015fturmadan \u00f6nce hedef kitlenizi ve o afi\u015fi yaratmadaki amac\u0131n\u0131z\u0131 kesin bir \u015fekilde belirlemelisiniz. A\u00e7\u0131k bir \u015fekilde belirtilmemi\u015f olan mesaj hem kar\u015f\u0131 taraf\u0131n haf\u0131zas\u0131nda kalamaz hem de masaj\u0131 alan ki\u015finin dikkati k\u0131sa s\u00fcrede da\u011f\u0131l\u0131r. Hedef kitlenizin \u00f6zel zevkleri olabilir, bu durumda afi\u015finizin dizayn\u0131n\u0131 ve mesaj\u0131n\u0131zda kullan\u0131lacak \u00fcslubu buna g\u00f6re belirlemeniz gerekecektir.<\/p>\n<p>Afi\u015finizde y\u00fcksek kalitede resimler kullanman\u0131z hem sizin hem de mesaj\u0131n\u0131z\u0131n kalitesi ile ba\u011flant\u0131l\u0131d\u0131r ve m\u00fc\u015fterinin ilgisini afi\u015finizde daha uzun s\u00fcre tutman\u0131za yard\u0131mc\u0131 olur.<\/p>\n<p>Afi\u015finizde yaz\u0131 kullanacaksan\u0131z, yaz\u0131n\u0131z\u0131n okunabilir olmas\u0131 ve yaz\u0131 stilinin \u00f6zenle se\u00e7ilmesi \u00e7ok \u00f6nemlidir. Kar\u015f\u0131 taraf\u0131n dikkatini \u00e7ekmek istedi\u011finiz s\u00f6zc\u00fckleri di\u011fer s\u00f6zc\u00fcklere k\u0131yasla daha b\u00fcy\u00fck yazarak bunu kar\u015f\u0131 taraf\u0131n dikkatini mesaj\u0131n\u0131z\u0131n istedi\u011finiz k\u0131sm\u0131na \u00e7ekebilirsiniz.<\/p>\n<p>Bir afi\u015f haz\u0131rlarken dikkat edilmesi gereken en \u00f6nemli unsurlardan birisi de renk se\u00e7imidir. Renklerin insan psikolojisi \u00fczerindeki etkilerini g\u00f6z \u00f6n\u00fcnde bulundurarak, onlar\u0131 \u00f6zenle se\u00e7mek, afi\u015finizin kar\u015f\u0131 tarafta daha do\u011fru duygular\u0131 canland\u0131rmas\u0131n\u0131 sa\u011flayacakt\u0131r. \u00d6rne\u011fin k\u0131rm\u0131z\u0131y\u0131 a\u015fk, turuncuyu samimiyet, sar\u0131y\u0131 mutluluk, ye\u015filli do\u011fall\u0131k, maviyi g\u00fcven, pembeyi \u015fefkat, moru ihti\u015fam, kahverengiyi g\u00fcven, siyah\u0131 otorite ve beyaz\u0131 sa\u011fl\u0131k kavramlar\u0131yla ba\u011fda\u015ft\u0131rabiliriz. Renklerin bu \u00f6zelliklerinin g\u00f6z \u00f6n\u00fcne al\u0131nmas\u0131, mesaj\u0131n\u0131z\u0131n sadece s\u00f6zc\u00fcklerle de\u011fil, renklerin insanlarda canland\u0131rd\u0131\u011f\u0131 duygularla da anla\u015f\u0131lmas\u0131n\u0131 sa\u011flar.<\/p>\n<p><img loading=\"lazy\" decoding=\"async\" class=\"alignnone size-full wp-image-49679\" src=\"https:\/\/earnado.com\/tr\/wp-content\/uploads\/2021\/08\/Colors-meaning-eng-e1531127015386.png\" alt=\"Renklerin psikoloji \u00fczerindeki etkileri\" width=\"640\" height=\"311\" srcset=\"https:\/\/earnado.com\/tr\/wp-content\/uploads\/2021\/08\/Colors-meaning-eng-e1531127015386.png 640w, https:\/\/earnado.com\/tr\/wp-content\/uploads\/2021\/08\/Colors-meaning-eng-e1531127015386-300x146.png 300w, https:\/\/earnado.com\/tr\/wp-content\/uploads\/2021\/08\/Colors-meaning-eng-e1531127015386-600x292.png 600w\" sizes=\"(max-width: 640px) 100vw, 640px\" \/><\/p>\n","protected":false},"excerpt":{"rendered":"<p>\u00c7a\u011f\u0131m\u0131zda insanlar\u0131n bir mesaja dikkatlerini verme, yani odaklanma s\u00fcreleri bir hayli k\u0131s\u0131tl\u0131. Yap\u0131lan bir ara\u015ft\u0131rmaya g\u00f6re insanlar\u0131n dikkat s\u00fcresi 8 saniye ile s\u0131n\u0131rl\u0131. \u0130nsanlar size dikkatlerini vermeden \u00f6nce onu hak etmenizi beklerler; yani kar\u015f\u0131 tarafa bir mesaj iletmeden \u00f6nce, onlar\u0131n&#8230;<\/p>\n","protected":false},"author":222,"featured_media":49813,"comment_status":"open","ping_status":"open","sticky":false,"template":"","format":"standard","meta":{"footnotes":""},"categories":[66],"tags":[],"class_list":["post-49362","post","type-post","status-publish","format-standard","has-post-thumbnail","hentry","category-internet-reklamciligi"],"yoast_head":"<!-- This site is optimized with the Yoast SEO plugin v22.7 - https:\/\/yoast.com\/wordpress\/plugins\/seo\/ -->\n<title>Dikkat \u00c7ekici Afi\u015f Nas\u0131l Haz\u0131rlan\u0131r? \u00d6rnekler ve \u00d6neriler - Earnado<\/title>\n<meta name=\"description\" content=\"Dikkat \u00e7ekici afi\u015f nas\u0131l haz\u0131rlan\u0131r? Nelere dikkat etmelisiniz? Bu sorular\u0131n cevaplar\u0131 ve daha fazlas\u0131 blog yaz\u0131m\u0131zda!\" \/>\n<meta name=\"robots\" content=\"index, follow, max-snippet:-1, max-image-preview:large, max-video-preview:-1\" \/>\n<link rel=\"canonical\" href=\"https:\/\/earnado.com\/tr\/dikkat-cekici-afis-nasil-hazirlanir-ornekler-ve-oneriler\/\" \/>\n<meta property=\"og:locale\" content=\"tr_TR\" \/>\n<meta property=\"og:type\" content=\"article\" \/>\n<meta property=\"og:title\" content=\"Dikkat \u00c7ekici Afi\u015f Nas\u0131l Haz\u0131rlan\u0131r? \u00d6rnekler ve \u00d6neriler - Earnado\" \/>\n<meta property=\"og:description\" content=\"Dikkat \u00e7ekici afi\u015f nas\u0131l haz\u0131rlan\u0131r? Nelere dikkat etmelisiniz? Bu sorular\u0131n cevaplar\u0131 ve daha fazlas\u0131 blog yaz\u0131m\u0131zda!\" \/>\n<meta property=\"og:url\" content=\"https:\/\/earnado.com\/tr\/dikkat-cekici-afis-nasil-hazirlanir-ornekler-ve-oneriler\/\" \/>\n<meta property=\"og:site_name\" content=\"Earnado\" \/>\n<meta property=\"article:published_time\" content=\"2021-08-25T19:40:24+00:00\" \/>\n<meta property=\"article:modified_time\" content=\"2023-01-05T14:39:24+00:00\" \/>\n<meta property=\"og:image\" content=\"https:\/\/earnado.com\/tr\/wp-content\/uploads\/2021\/08\/pexels-max-fischer-5868732-scaled.jpg\" \/>\n\t<meta property=\"og:image:width\" content=\"2560\" \/>\n\t<meta property=\"og:image:height\" content=\"1706\" \/>\n\t<meta property=\"og:image:type\" content=\"image\/jpeg\" \/>\n<meta name=\"author\" content=\"Umut Metin\" \/>\n<meta name=\"twitter:card\" content=\"summary_large_image\" \/>\n<meta name=\"twitter:label1\" content=\"Yazan:\" \/>\n\t<meta name=\"twitter:data1\" content=\"Umut Metin\" \/>\n\t<meta name=\"twitter:label2\" content=\"Tahmini okuma s\u00fcresi\" \/>\n\t<meta name=\"twitter:data2\" content=\"10 dakika\" \/>\n<script type=\"application\/ld+json\" class=\"yoast-schema-graph\">{\"@context\":\"https:\/\/schema.org\",\"@graph\":[{\"@type\":\"WebPage\",\"@id\":\"https:\/\/earnado.com\/tr\/dikkat-cekici-afis-nasil-hazirlanir-ornekler-ve-oneriler\/\",\"url\":\"https:\/\/earnado.com\/tr\/dikkat-cekici-afis-nasil-hazirlanir-ornekler-ve-oneriler\/\",\"name\":\"Dikkat \u00c7ekici Afi\u015f Nas\u0131l Haz\u0131rlan\u0131r? \u00d6rnekler ve \u00d6neriler - Earnado\",\"isPartOf\":{\"@id\":\"https:\/\/earnado.com\/tr\/#website\"},\"primaryImageOfPage\":{\"@id\":\"https:\/\/earnado.com\/tr\/dikkat-cekici-afis-nasil-hazirlanir-ornekler-ve-oneriler\/#primaryimage\"},\"image\":{\"@id\":\"https:\/\/earnado.com\/tr\/dikkat-cekici-afis-nasil-hazirlanir-ornekler-ve-oneriler\/#primaryimage\"},\"thumbnailUrl\":\"https:\/\/earnado.com\/tr\/wp-content\/uploads\/2021\/08\/pexels-max-fischer-5868732-scaled.jpg\",\"datePublished\":\"2021-08-25T19:40:24+00:00\",\"dateModified\":\"2023-01-05T14:39:24+00:00\",\"author\":{\"@id\":\"https:\/\/earnado.com\/tr\/#\/schema\/person\/54eba41cfb04ccfae808fb7eaa51f177\"},\"description\":\"Dikkat \u00e7ekici afi\u015f nas\u0131l haz\u0131rlan\u0131r? Nelere dikkat etmelisiniz? Bu sorular\u0131n cevaplar\u0131 ve daha fazlas\u0131 blog yaz\u0131m\u0131zda!\",\"inLanguage\":\"tr\",\"potentialAction\":[{\"@type\":\"ReadAction\",\"target\":[\"https:\/\/earnado.com\/tr\/dikkat-cekici-afis-nasil-hazirlanir-ornekler-ve-oneriler\/\"]}]},{\"@type\":\"ImageObject\",\"inLanguage\":\"tr\",\"@id\":\"https:\/\/earnado.com\/tr\/dikkat-cekici-afis-nasil-hazirlanir-ornekler-ve-oneriler\/#primaryimage\",\"url\":\"https:\/\/earnado.com\/tr\/wp-content\/uploads\/2021\/08\/pexels-max-fischer-5868732-scaled.jpg\",\"contentUrl\":\"https:\/\/earnado.com\/tr\/wp-content\/uploads\/2021\/08\/pexels-max-fischer-5868732-scaled.jpg\",\"width\":2560,\"height\":1706,\"caption\":\"afi\u015f\"},{\"@type\":\"WebSite\",\"@id\":\"https:\/\/earnado.com\/tr\/#website\",\"url\":\"https:\/\/earnado.com\/tr\/\",\"name\":\"Earnado\",\"description\":\"\u0130\u015finizi Kafan\u0131zda De\u011fil \u0130nternette B\u00fcy\u00fct\u00fcn!\",\"potentialAction\":[{\"@type\":\"SearchAction\",\"target\":{\"@type\":\"EntryPoint\",\"urlTemplate\":\"https:\/\/earnado.com\/tr\/?s={search_term_string}\"},\"query-input\":\"required name=search_term_string\"}],\"inLanguage\":\"tr\"},{\"@type\":\"Person\",\"@id\":\"https:\/\/earnado.com\/tr\/#\/schema\/person\/54eba41cfb04ccfae808fb7eaa51f177\",\"name\":\"Umut Metin\",\"image\":{\"@type\":\"ImageObject\",\"inLanguage\":\"tr\",\"@id\":\"https:\/\/earnado.com\/tr\/#\/schema\/person\/image\/\",\"url\":\"https:\/\/secure.gravatar.com\/avatar\/16de8b4f1f4dc43fc29adcecffb270ff21473e9570675322f0b8e5dc8041fbc4?s=96&d=mm&r=g\",\"contentUrl\":\"https:\/\/secure.gravatar.com\/avatar\/16de8b4f1f4dc43fc29adcecffb270ff21473e9570675322f0b8e5dc8041fbc4?s=96&d=mm&r=g\",\"caption\":\"Umut Metin\"},\"description\":\"Dijital pazarlama d\u00fcnyas\u0131 ve i\u015f geli\u015ftirme alanlar\u0131 ile ilgili sizlere bilgiler vererek faydal\u0131 olmaya \u00e7al\u0131\u015faca\u011f\u0131m. Umar\u0131m i\u015finiz i\u00e7in ilham verici olurum.\",\"url\":\"https:\/\/earnado.com\/tr\/author\/metinu99outlook-com\/\"}]}<\/script>\n<!-- \/ Yoast SEO plugin. -->","yoast_head_json":{"title":"Dikkat \u00c7ekici Afi\u015f Nas\u0131l Haz\u0131rlan\u0131r? \u00d6rnekler ve \u00d6neriler - Earnado","description":"Dikkat \u00e7ekici afi\u015f nas\u0131l haz\u0131rlan\u0131r? Nelere dikkat etmelisiniz? Bu sorular\u0131n cevaplar\u0131 ve daha fazlas\u0131 blog yaz\u0131m\u0131zda!","robots":{"index":"index","follow":"follow","max-snippet":"max-snippet:-1","max-image-preview":"max-image-preview:large","max-video-preview":"max-video-preview:-1"},"canonical":"https:\/\/earnado.com\/tr\/dikkat-cekici-afis-nasil-hazirlanir-ornekler-ve-oneriler\/","og_locale":"tr_TR","og_type":"article","og_title":"Dikkat \u00c7ekici Afi\u015f Nas\u0131l Haz\u0131rlan\u0131r? \u00d6rnekler ve \u00d6neriler - Earnado","og_description":"Dikkat \u00e7ekici afi\u015f nas\u0131l haz\u0131rlan\u0131r? Nelere dikkat etmelisiniz? Bu sorular\u0131n cevaplar\u0131 ve daha fazlas\u0131 blog yaz\u0131m\u0131zda!","og_url":"https:\/\/earnado.com\/tr\/dikkat-cekici-afis-nasil-hazirlanir-ornekler-ve-oneriler\/","og_site_name":"Earnado","article_published_time":"2021-08-25T19:40:24+00:00","article_modified_time":"2023-01-05T14:39:24+00:00","og_image":[{"width":2560,"height":1706,"url":"https:\/\/earnado.com\/tr\/wp-content\/uploads\/2021\/08\/pexels-max-fischer-5868732-scaled.jpg","type":"image\/jpeg"}],"author":"Umut Metin","twitter_card":"summary_large_image","twitter_misc":{"Yazan:":"Umut Metin","Tahmini okuma s\u00fcresi":"10 dakika"},"schema":{"@context":"https:\/\/schema.org","@graph":[{"@type":"WebPage","@id":"https:\/\/earnado.com\/tr\/dikkat-cekici-afis-nasil-hazirlanir-ornekler-ve-oneriler\/","url":"https:\/\/earnado.com\/tr\/dikkat-cekici-afis-nasil-hazirlanir-ornekler-ve-oneriler\/","name":"Dikkat \u00c7ekici Afi\u015f Nas\u0131l Haz\u0131rlan\u0131r? \u00d6rnekler ve \u00d6neriler - Earnado","isPartOf":{"@id":"https:\/\/earnado.com\/tr\/#website"},"primaryImageOfPage":{"@id":"https:\/\/earnado.com\/tr\/dikkat-cekici-afis-nasil-hazirlanir-ornekler-ve-oneriler\/#primaryimage"},"image":{"@id":"https:\/\/earnado.com\/tr\/dikkat-cekici-afis-nasil-hazirlanir-ornekler-ve-oneriler\/#primaryimage"},"thumbnailUrl":"https:\/\/earnado.com\/tr\/wp-content\/uploads\/2021\/08\/pexels-max-fischer-5868732-scaled.jpg","datePublished":"2021-08-25T19:40:24+00:00","dateModified":"2023-01-05T14:39:24+00:00","author":{"@id":"https:\/\/earnado.com\/tr\/#\/schema\/person\/54eba41cfb04ccfae808fb7eaa51f177"},"description":"Dikkat \u00e7ekici afi\u015f nas\u0131l haz\u0131rlan\u0131r? Nelere dikkat etmelisiniz? Bu sorular\u0131n cevaplar\u0131 ve daha fazlas\u0131 blog yaz\u0131m\u0131zda!","inLanguage":"tr","potentialAction":[{"@type":"ReadAction","target":["https:\/\/earnado.com\/tr\/dikkat-cekici-afis-nasil-hazirlanir-ornekler-ve-oneriler\/"]}]},{"@type":"ImageObject","inLanguage":"tr","@id":"https:\/\/earnado.com\/tr\/dikkat-cekici-afis-nasil-hazirlanir-ornekler-ve-oneriler\/#primaryimage","url":"https:\/\/earnado.com\/tr\/wp-content\/uploads\/2021\/08\/pexels-max-fischer-5868732-scaled.jpg","contentUrl":"https:\/\/earnado.com\/tr\/wp-content\/uploads\/2021\/08\/pexels-max-fischer-5868732-scaled.jpg","width":2560,"height":1706,"caption":"afi\u015f"},{"@type":"WebSite","@id":"https:\/\/earnado.com\/tr\/#website","url":"https:\/\/earnado.com\/tr\/","name":"Earnado","description":"\u0130\u015finizi Kafan\u0131zda De\u011fil \u0130nternette B\u00fcy\u00fct\u00fcn!","potentialAction":[{"@type":"SearchAction","target":{"@type":"EntryPoint","urlTemplate":"https:\/\/earnado.com\/tr\/?s={search_term_string}"},"query-input":"required name=search_term_string"}],"inLanguage":"tr"},{"@type":"Person","@id":"https:\/\/earnado.com\/tr\/#\/schema\/person\/54eba41cfb04ccfae808fb7eaa51f177","name":"Umut Metin","image":{"@type":"ImageObject","inLanguage":"tr","@id":"https:\/\/earnado.com\/tr\/#\/schema\/person\/image\/","url":"https:\/\/secure.gravatar.com\/avatar\/16de8b4f1f4dc43fc29adcecffb270ff21473e9570675322f0b8e5dc8041fbc4?s=96&d=mm&r=g","contentUrl":"https:\/\/secure.gravatar.com\/avatar\/16de8b4f1f4dc43fc29adcecffb270ff21473e9570675322f0b8e5dc8041fbc4?s=96&d=mm&r=g","caption":"Umut Metin"},"description":"Dijital pazarlama d\u00fcnyas\u0131 ve i\u015f geli\u015ftirme alanlar\u0131 ile ilgili sizlere bilgiler vererek faydal\u0131 olmaya \u00e7al\u0131\u015faca\u011f\u0131m. Umar\u0131m i\u015finiz i\u00e7in ilham verici olurum.","url":"https:\/\/earnado.com\/tr\/author\/metinu99outlook-com\/"}]}},"_links":{"self":[{"href":"https:\/\/earnado.com\/tr\/wp-json\/wp\/v2\/posts\/49362","targetHints":{"allow":["GET"]}}],"collection":[{"href":"https:\/\/earnado.com\/tr\/wp-json\/wp\/v2\/posts"}],"about":[{"href":"https:\/\/earnado.com\/tr\/wp-json\/wp\/v2\/types\/post"}],"author":[{"embeddable":true,"href":"https:\/\/earnado.com\/tr\/wp-json\/wp\/v2\/users\/222"}],"replies":[{"embeddable":true,"href":"https:\/\/earnado.com\/tr\/wp-json\/wp\/v2\/comments?post=49362"}],"version-history":[{"count":1,"href":"https:\/\/earnado.com\/tr\/wp-json\/wp\/v2\/posts\/49362\/revisions"}],"predecessor-version":[{"id":57522,"href":"https:\/\/earnado.com\/tr\/wp-json\/wp\/v2\/posts\/49362\/revisions\/57522"}],"wp:featuredmedia":[{"embeddable":true,"href":"https:\/\/earnado.com\/tr\/wp-json\/wp\/v2\/media\/49813"}],"wp:attachment":[{"href":"https:\/\/earnado.com\/tr\/wp-json\/wp\/v2\/media?parent=49362"}],"wp:term":[{"taxonomy":"category","embeddable":true,"href":"https:\/\/earnado.com\/tr\/wp-json\/wp\/v2\/categories?post=49362"},{"taxonomy":"post_tag","embeddable":true,"href":"https:\/\/earnado.com\/tr\/wp-json\/wp\/v2\/tags?post=49362"}],"curies":[{"name":"wp","href":"https:\/\/api.w.org\/{rel}","templated":true}]}}