{"id":49877,"date":"2021-10-11T10:45:32","date_gmt":"2021-10-11T07:45:32","guid":{"rendered":"http:\/\/earnado.com\/tr\/?p=49877"},"modified":"2023-01-06T11:13:06","modified_gmt":"2023-01-06T08:13:06","slug":"tuzel-kisilik-ne-demek","status":"publish","type":"post","link":"https:\/\/earnado.com\/tr\/tuzel-kisilik-ne-demek\/","title":{"rendered":"T\u00fczel ki\u015fi nedir? Nas\u0131l Olunur Ger\u00e7ek Ki\u015fi ile Aras\u0131ndaki Farklar Nelerdir?"},"content":{"rendered":"<p>T\u00fczel ki\u015fi, hukuk bak\u0131m\u0131ndan bir\u00e7ok ki\u015finin veya mal\u0131n toplulu\u011fundan do\u011fan ve tek bir ki\u015fi say\u0131lan olu\u015fumdur. Belli bir amac\u0131 ger\u00e7ekle\u015ftirmek \u00fczere ki\u015fi veya emtia (mal) toplulu\u011fu \u015feklinde ba\u011f\u0131ms\u0131z olarak \u00f6rg\u00fctlenmi\u015f, haklara sahip olabilen, bor\u00e7 veya alacak edinebilen varl\u0131klara t\u00fczel ki\u015fi diyoruz.<\/p>\n<ul>\n<li><strong>Dernekler<\/strong>\u00a0<em>(<\/em><em>Derneklere ili\u015fkin yasal d\u00fczenlemeler, 2709 say\u0131l\u0131 T\u00fcrkiye Cumhuriyeti Anayasas\u0131, <\/em><em>4721 say\u0131l\u0131 T\u00fcrk Medeni Kanunu (TMK) ve 5253 say\u0131l\u0131 Dernekler Kanunu gibi temel kanunlarda yer almaktad\u0131r. Dernekler, kazan\u00e7 payla\u015fma d\u0131\u015f\u0131nda, kanunlarla yasaklanmam\u0131\u015f belirli ve ortak bir amac\u0131 ger\u00e7ekle\u015ftirmek \u00fczere, en az yedi ger\u00e7ek veya t\u00fczel ki\u015finin, bilgi ve \u00e7al\u0131\u015fmalar\u0131n\u0131 s\u00fcrekli olarak birle\u015ftirmek suretiyle olu\u015fturduklar\u0131 t\u00fczel ki\u015fili\u011fe sahip ki\u015fi topluluklar\u0131d\u0131r.)\u00a0<\/em><\/li>\n<\/ul>\n<ul>\n<li><strong>Sendikalar<\/strong>\u00a0<em>(<\/em><em>2822 say\u0131l\u0131 Toplu \u0130\u015f S\u00f6zle\u015fmesi, Grev Ve Lokavt Kanununun 2 maddesinde Sendikalar<\/em><em>\u201c \u0130\u015f\u00e7ilerin veya i\u015fverenlerin \u00e7al\u0131\u015fma ili\u015fkilerinde, ortak ekonomik ve sosyal hak ve menfaatlerini korumak ve geli\u015ftirmek i\u00e7in meydana getirdikleri t\u00fczelki\u015fili\u011fe sahip kurulu\u015flara denilir.\u201d \u015feklinde tan\u0131mlanmaktad\u0131r.)<\/em><\/li>\n<\/ul>\n<ul>\n<li><strong>Siyasal partiler<\/strong>\u00a0<em>(<\/em><em>2820 say\u0131l\u0131 Siyasi Partiler Kanunu\u2019nun 3. maddesinde siyasi partiler, \u201cAnayasa ve kanunlara uygun olarak; Cumhurba\u015fkan\u0131, milletvekili ve mahalli idareler se\u00e7imleri yoluyla, t\u00fcz\u00fck ve programlar\u0131nda belirlenen g\u00f6r\u00fc\u015fleri do\u011frultusunda \u00e7al\u0131\u015fmalar\u0131 ve a\u00e7\u0131k propagandalar\u0131 ile milli iradenin olu\u015fmas\u0131n\u0131 sa\u011flayarak demokratik bir Devlet ve toplum d\u00fczeni i\u00e7inde \u00fclkenin \u00e7a\u011fda\u015f medeniyet seviyesine ula\u015fmas\u0131 amac\u0131n\u0131 g\u00fcden ve \u00fclke \u00e7ap\u0131nda faaliyet g\u00f6stermek \u00fczere te\u015fkilatlanan t\u00fczel ki\u015fili\u011fe sahip kurulu\u015flard\u0131r.\u201d \u015feklinde tan\u0131mlanm\u0131\u015ft\u0131r.)<\/em><\/li>\n<li><strong>Vak\u0131flar<\/strong>\u00a0<em>(4721 say\u0131l\u0131 T\u00fcrk Medeni Kanununun 101. maddesinde vak\u0131f, ger\u00e7ek ve t\u00fczel ki\u015filerin yeterli mal ve haklar\u0131 belirli ve s\u00fcrekli bir amaca \u00f6zg\u00fclemeleriyle olu\u015fan t\u00fczel ki\u015fili\u011fe sahip mal topluluklar\u0131 \u015feklinde tan\u0131mlanm\u0131\u015ft\u0131r.) <\/em><\/li>\n<li><strong>Kooperatifler<\/strong>\u00a0<em>(<\/em><em>1163 say\u0131l\u0131 Kooperatifler Kanunun 1. maddesinde, kooperatifin tan\u0131m\u0131;<\/em><em>\u2018\u2018Kooperatifler T\u00fczel ki\u015fili\u011fi haiz olmak \u00fczere ortaklar\u0131n\u0131n belirli ekonomik menfaatlerini ve \u00f6zellikle meslek veya ge\u00e7imlerine ait ihtiya\u00e7lar\u0131n\u0131 i\u015fg\u00fcc\u00fc ve parasal katk\u0131lar\u0131yla kar\u015f\u0131l\u0131kl\u0131 yard\u0131m, dayan\u0131\u015fma ve kefalet suretiyle sa\u011flay\u0131p korumak amac\u0131yla ger\u00e7ek ve t\u00fczel ki\u015filer taraf\u0131ndan kurulan de\u011fi\u015fir ortakl\u0131 ve de\u011fi\u015fir sermayeli ortakl\u0131klard\u0131r.<\/em>\u2019\u2019 <em>\u015feklinde tan\u0131mlanmaktad\u0131r.)<\/em><\/li>\n<\/ul>\n<ul>\n<li><strong>Ticaret ortakl\u0131klar\u0131 <\/strong><em>(6102 say\u0131l\u0131 T\u00fcrk Ticaret Kanununun <\/em><em>124\/1 maddesine g\u00f6re; kollektif, komandit, anonim, limited ve kooperatif \u015firketleri ticaret \u015firketi olarak kabul g\u00f6rmektedir. Ayn\u0131 yasal d\u00fczenlemenin 2. F\u0131kras\u0131nda ise; TTK\u00b4da, kollektif ile komandit \u015firket \u015fah\u0131s; anonim, limited ve sermayesi paylara b\u00f6l\u00fcnm\u00fc\u015f komandit \u015firket sermaye \u015firketi say\u0131laca\u011f\u0131 h\u00fck\u00fcm alt\u0131na al\u0131nm\u0131\u015ft\u0131r.) <\/em><\/li>\n<\/ul>\n<h3><img fetchpriority=\"high\" decoding=\"async\" class=\"aligncenter wp-image-50255 size-large\" src=\"https:\/\/earnado.com\/tr\/wp-content\/uploads\/2021\/10\/15_Tuzel_Kisilik_Perdesinin_Kaldirilmasi_Hansu_Avukatlik-1024x576.jpg\" alt=\"t\u00fczelkisinedir\" width=\"640\" height=\"360\" srcset=\"https:\/\/earnado.com\/tr\/wp-content\/uploads\/2021\/10\/15_Tuzel_Kisilik_Perdesinin_Kaldirilmasi_Hansu_Avukatlik-1024x576.jpg 1024w, https:\/\/earnado.com\/tr\/wp-content\/uploads\/2021\/10\/15_Tuzel_Kisilik_Perdesinin_Kaldirilmasi_Hansu_Avukatlik-300x169.jpg 300w, https:\/\/earnado.com\/tr\/wp-content\/uploads\/2021\/10\/15_Tuzel_Kisilik_Perdesinin_Kaldirilmasi_Hansu_Avukatlik-768x432.jpg 768w, https:\/\/earnado.com\/tr\/wp-content\/uploads\/2021\/10\/15_Tuzel_Kisilik_Perdesinin_Kaldirilmasi_Hansu_Avukatlik-1536x864.jpg 1536w, https:\/\/earnado.com\/tr\/wp-content\/uploads\/2021\/10\/15_Tuzel_Kisilik_Perdesinin_Kaldirilmasi_Hansu_Avukatlik.jpg 1920w, https:\/\/earnado.com\/tr\/wp-content\/uploads\/2021\/10\/15_Tuzel_Kisilik_Perdesinin_Kaldirilmasi_Hansu_Avukatlik-600x338.jpg 600w\" sizes=\"(max-width: 640px) 100vw, 640px\" \/><\/h3>\n<h2>Kamu T\u00fczel Ki\u015fileri<\/h2>\n<p>Kamu otoritesine sahip, kamu g\u00f6revi yapan t\u00fczel ki\u015filerdir. Bir \u00fclkedeki en b\u00fcy\u00fck t\u00fczel ki\u015filik devlettir. Ger\u00e7ek ki\u015fi olmad\u0131klar\u0131 halde sanki ger\u00e7ek ki\u015fi gibi i\u015flem g\u00f6r\u00fcrler. Kendilerini olu\u015fturan ortaklardan, \u00fcyelerden veya temsilcilerden ba\u011f\u0131ms\u0131zd\u0131rlar. \u00d6rne\u011fin \u00fcniversitenin mal varl\u0131\u011f\u0131 Rekt\u00f6re de\u011fil, \u00fcniversite t\u00fczel ki\u015fili\u011fine aittir.<\/p>\n<ul>\n<li>Y\u00d6K,<\/li>\n<li>\u00dcniversiteler,<\/li>\n<li>Savunma Sanayii M\u00fcste\u015farl\u0131\u011f\u0131,<\/li>\n<li>Atat\u00fcrk K\u00fclt\u00fcr, Dil ve Tarih Y\u00fcksek Kurumu,<\/li>\n<li>TODA\u0130E,<\/li>\n<li>T\u00dcB\u0130TAK,<\/li>\n<li>Devlet Opera ve Balesi Genel M\u00fcd\u00fcrl\u00fc\u011f\u00fc,<\/li>\n<li>Orman Genel M\u00fcd\u00fcrl\u00fc\u011f\u00fc,<\/li>\n<li>Vak\u0131flar Genel M\u00fcd\u00fcrl\u00fc\u011f\u00fc,<\/li>\n<li>Karayollar\u0131 Genel M\u00fcd\u00fcrl\u00fc\u011f\u00fc,<\/li>\n<li>Hudut ve Sahiller Sa\u011fl\u0131k Genel M\u00fcd\u00fcrl\u00fc\u011f\u00fc,<\/li>\n<li>Elektrik \u0130\u015fleri Et\u00fcd \u0130daresi Genel M\u00fcd\u00fcrl\u00fc\u011f\u00fc,<\/li>\n<li>Maden Tetkik ve Arama Genel M\u00fcd\u00fcrl\u00fc\u011f\u00fc,<\/li>\n<li>Sivil Havac\u0131l\u0131k Genel M\u00fcd\u00fcrl\u00fc\u011f\u00fc,<\/li>\n<li>T\u00fcrk Akreditasyon Kurumu,<\/li>\n<li>T\u00fcrk Standartlar\u0131 Enstit\u00fcs\u00fc,<\/li>\n<li>Mill\u00ee Prod\u00fcktivite Merkez\u00ee,<\/li>\n<li>T\u00fcrk Patent Enstit\u00fcs\u00fc,<\/li>\n<li>Ulusal Bor Ara\u015ft\u0131rma Enstit\u00fcs\u00fc,<\/li>\n<li>T\u00fcrkiye Atom Enerjisi Kurumu,<\/li>\n<li>Sosyal G\u00fcvenlik Kurumu,<\/li>\n<li>T\u00fcrkiye \u0130\u015f Kurumu Genel M\u00fcd\u00fcrl\u00fc\u011f\u00fc,<\/li>\n<li>Radyo ve Televizyon \u00dcst Kurulu,<\/li>\n<li>Bilgi Teknolojileri ve \u0130leti\u015fim Kurumu,<\/li>\n<li>Sermaye Piyasas\u0131 Kurulu,<\/li>\n<li>Bankac\u0131l\u0131k D\u00fczenleme ve Denetleme Kurumu,<\/li>\n<li>Enerji Piyasas\u0131 D\u00fczenleme Kurumu,<\/li>\n<li>Kamu \u0130hale Kurumu, Rekabet Kurumu,<\/li>\n<li>T\u00fct\u00fcn ve Alkol Piyasas\u0131 D\u00fczenleme Kurumu, \u201cvb.<\/li>\n<li>\u0130l \u00f6zel idareleri,<\/li>\n<li>Belediyeler<\/li>\n<li>K\u00f6yler<\/li>\n<\/ul>\n<p><img decoding=\"async\" class=\"aligncenter wp-image-50254 size-full\" src=\"https:\/\/earnado.com\/tr\/wp-content\/uploads\/2021\/10\/tu\u0308zel-kis\u0327ilik-perdesi.jpg\" alt=\"kamut\u00fczelkisileri\" width=\"806\" height=\"452\" srcset=\"https:\/\/earnado.com\/tr\/wp-content\/uploads\/2021\/10\/tu\u0308zel-kis\u0327ilik-perdesi.jpg 806w, https:\/\/earnado.com\/tr\/wp-content\/uploads\/2021\/10\/tu\u0308zel-kis\u0327ilik-perdesi-300x168.jpg 300w, https:\/\/earnado.com\/tr\/wp-content\/uploads\/2021\/10\/tu\u0308zel-kis\u0327ilik-perdesi-768x431.jpg 768w, https:\/\/earnado.com\/tr\/wp-content\/uploads\/2021\/10\/tu\u0308zel-kis\u0327ilik-perdesi-600x336.jpg 600w\" sizes=\"(max-width: 806px) 100vw, 806px\" \/><\/p>\n<h2>Ger\u00e7ek Ki\u015fi \u0130le T\u00fczel Ki\u015fi Aras\u0131ndaki Farklar<\/h2>\n<ul>\n<li>Ger\u00e7ek ki\u015fi do\u011fumdan itibaren sa\u011fl\u0131kl\u0131 olmas\u0131 \u015fart\u0131yla \u00f6l\u00fcm\u00fcne kadar ge\u00e7en s\u00fcredeki bireydir.<\/li>\n<li>T\u00fczel ki\u015fi ger\u00e7ek insandan ba\u011f\u0131ms\u0131z olarak dernek, vak\u0131f ya da kamu kurumlar\u0131 kapsam\u0131nda ele al\u0131nm\u0131\u015f topluluktur.<\/li>\n<li>Ger\u00e7ek ki\u015fi kendi hak ve \u00f6zg\u00fcrl\u00fckleri kapsam\u0131nda bor\u00e7lu ya da alacakl\u0131 olabilir.<\/li>\n<li>T\u00fczel ki\u015fi ticari ve sosyal ama\u00e7lara yerine getirmek i\u00e7in kurumu\u015f bir topluluktur.<\/li>\n<li>endi ba\u015f\u0131na herhangi bir bor\u00e7lanma ya da alacakl\u0131 yerine ge\u00e7emez.<\/li>\n<\/ul>\n<h3>T\u00fczel Ki\u015filik Nas\u0131l Kazan\u0131l\u0131r?<\/h3>\n<p>Ba\u015fl\u0131 ba\u015f\u0131na bir varl\u0131\u011f\u0131 olmak \u00fczere \u00f6rg\u00fctlenmi\u015f ki\u015fi\u00a0topluluklar\u0131 ve belli bir amaca \u00f6zg\u00fclenmi\u015f olan ba\u011f\u0131ms\u0131z mal topluluklar\u0131, kendileri ile ilgili \u00f6zel h\u00fck\u00fcmler uyar\u0131nca\u00a0t\u00fczel ki\u015filik\u00a0kazan\u0131rlar. Amac\u0131 hukuka veya ahl\u00e2ka ayk\u0131r\u0131 olan\u00a0ki\u015fi\u00a0ve mal topluluklar\u0131\u00a0t\u00fczel ki\u015filik\u00a0kazanamaz.<\/p>\n<p>Bu yaz\u0131m\u0131z da ilginizi \u00e7ekebilir: <a href=\"https:\/\/earnado.com\/tr\/adi-ortaklik-nedir-nasil-kurulur\/\">Adi Ortakl\u0131k Nedir?\u00a0<\/a><\/p>\n<h3>T\u00fczel Ki\u015fili\u011fin Sona Ermesi<\/h3>\n<p>T\u00fczel ki\u015filer\u00a0ya kendili\u011finden ya da yetkili organ\u0131n veya makam\u0131n karar\u0131yla\u00a0sona\u00a0erebilirler. Bir\u00a0t\u00fczel\u00a0ki\u015finin kanunda belirtilen hallerde, ba\u015fka bir i\u015fleme gerek kalmaks\u0131z\u0131n, kanun gere\u011fi kendili\u011finden\u00a0sona\u00a0ermesine da\u011f\u0131lma (infisah) denir.<\/p>\n<h3>T\u00fczel Ki\u015fili\u011fin Kazan\u0131lmas\u0131 Sistemleri<\/h3>\n<p>T\u00fczel ki\u015fili\u011fin kazan\u0131lmas\u0131na ili\u015fkin \u00fc\u00e7 farkl\u0131 sistem vard\u0131r. Bu sistemler izin sistemi, tescil sistemi ve serbest kurulu\u015f sistemidir.<\/p>\n<h4>1.\u0130zin Sistemi<\/h4>\n<p>T\u00fczel ki\u015fili\u011fin do\u011fmas\u0131na ili\u015fkin bu sistemde, t\u00fczel ki\u015fi, ancak devletin verece\u011fi izinle do\u011fabilir. Devlet ad\u0131na izin verme yetkisini kullanan mercilerin, izin verip vermeme konusunda takdir yetkilerinin oldu\u011funu s\u00f6ylemek gerekir. Bu sistemin daha \u00e7ok totaliter rejimlerde kullan\u0131ld\u0131\u011f\u0131n\u0131 s\u00f6ylemek yanl\u0131\u015f olmayacakt\u0131r, zira devlet ad\u0131na izin verme yetkisini kullanan mercilerce, t\u00fczel ki\u015fili\u011fin kurulmas\u0131na izin verilmemesi i\u015flemine kar\u015f\u0131 herhangi bir itiraz veya yarg\u0131 yoluna ba\u015fvurulamayacakt\u0131r. Dolay\u0131s\u0131yla bu sitemin, \u00f6rg\u00fctlenme \u00f6zg\u00fcrl\u00fc\u011f\u00fcne engel olabilece\u011fi de s\u00f6yleyebiliriz. \u015e\u00f6yle ki, bu sistemle, bir derne\u011fin, vakf\u0131n veyahut sendikan\u0131n kurulmas\u0131 i\u015flemi, devletin tasarrufuna b\u0131rak\u0131lacak olup bu durumda, \u00f6rg\u00fctlenme hakk\u0131n\u0131n k\u0131s\u0131tlanaca\u011f\u0131 tart\u0131\u015f\u0131lmazd\u0131r. Bu sistem ise Alman Hukukunda iktisadi dernekler i\u00e7in uygulanmaktad\u0131r.<\/p>\n<h4>2.Tecil Sistemi<\/h4>\n<p>Bu sistemde, ilgili merci dernek t\u00fcz\u00fc\u011f\u00fcnde, kanunun emredici h\u00fck\u00fcmlerine uyulup uyulmad\u0131\u011f\u0131n\u0131 ara\u015ft\u0131rmaktad\u0131r. Kanunun emredici h\u00fck\u00fcmlerine uygunluk tespitinin yap\u0131lmas\u0131 halinde, ilgili merciin izin verme zorunlulu\u011fu vard\u0131r. Bu sistemde idarenin t\u00fczel ki\u015filik kazan\u0131lmas\u0131na ili\u015fkin izin sistemindeki gibi bir takdir yetkisi bulunmamaktad\u0131r. Tescil sisteminde dernekler, dernekler siciline kay\u0131tla t\u00fczel ki\u015filik kazan\u0131rlar. \u0130lgili merciin haks\u0131z yere izin vermemesi ve t\u00fczel ki\u015filik kazan\u0131lamamas\u0131 halinde ise, izin vermeme i\u015flemine kar\u015f\u0131 dava a\u00e7\u0131labilmesi ise bu sistemde m\u00fcmk\u00fcnd\u00fcr. Bu sistem, Alman Hukukunda iktisadi olmayan dernekler i\u00e7in uygulanmaktad\u0131r.<\/p>\n<h4>3.Serbest Kurulu\u015f Sistemi<\/h4>\n<p>Serbest kurulu\u015f sisteminde t\u00fczel ki\u015fili\u011fin olu\u015fmas\u0131nda devletin m\u00fcdahalesi yoktur. Burada, ki\u015fi toplulu\u011funu olu\u015fturanlar\u0131n bir araya gelme iradesi yeterli say\u0131lmakta ve bu iradenin ortaya konulmas\u0131yla t\u00fczel ki\u015fili\u011fin kazan\u0131lmas\u0131 yeterli g\u00f6r\u00fclmektedir. Dolay\u0131s\u0131yla da toplulu\u011fun t\u00fczel ki\u015filik kazanmas\u0131 i\u00e7in herhangi bir yerden izin alma ya da herhangi bir yere ba\u015fvuru \u015fart\u0131 aranmayacakt\u0131r. Ancak bir araya gelme iradesiyle ula\u015f\u0131lmak istenen ama\u00e7 kanuna ve ahlaka ayk\u0131r\u0131 olmamal\u0131d\u0131r. TMK m.47\/2\u2019de bu husus d\u00fczenlenmi\u015ftir. Serbest kurulu\u015f sistemi di\u011fer iki sisteme g\u00f6re daha esnek yap\u0131da ve daha \u00f6zg\u00fcrl\u00fck\u00e7\u00fcd\u00fcr.<\/p>\n","protected":false},"excerpt":{"rendered":"<p>T\u00fczel ki\u015fi, hukuk bak\u0131m\u0131ndan bir\u00e7ok ki\u015finin veya mal\u0131n toplulu\u011fundan do\u011fan ve tek bir ki\u015fi say\u0131lan olu\u015fumdur. Belli bir amac\u0131 ger\u00e7ekle\u015ftirmek \u00fczere ki\u015fi veya emtia (mal) toplulu\u011fu \u015feklinde ba\u011f\u0131ms\u0131z olarak \u00f6rg\u00fctlenmi\u015f, haklara sahip olabilen, bor\u00e7 veya alacak edinebilen varl\u0131klara t\u00fczel ki\u015fi&#8230;<\/p>\n","protected":false},"author":245,"featured_media":50262,"comment_status":"open","ping_status":"open","sticky":false,"template":"","format":"standard","meta":{"footnotes":""},"categories":[102,64,1002],"tags":[],"class_list":["post-49877","post","type-post","status-publish","format-standard","has-post-thumbnail","hentry","category-girisimcilik","category-is-gelistirme","category-oneri-icerikler"],"yoast_head":"<!-- This site is optimized with the Yoast SEO plugin v22.7 - https:\/\/yoast.com\/wordpress\/plugins\/seo\/ -->\n<title>T\u00fczel ki\u015fi nedir? Nas\u0131l Olunur Ger\u00e7ek Ki\u015fi ile Aras\u0131ndaki Farklar Nelerdir?<\/title>\n<meta name=\"description\" content=\"T\u00fczel ki\u015filik ne demek? Ger\u00e7ek ki\u015fi ile aras\u0131ndaki farklar nelerdir? Kamu t\u00fczel ki\u015fili\u011fi nedir bu yaz\u0131m\u0131zda sizin i\u00e7in a\u00e7\u0131klad\u0131k.\" \/>\n<meta name=\"robots\" content=\"index, follow, max-snippet:-1, max-image-preview:large, max-video-preview:-1\" \/>\n<link rel=\"canonical\" href=\"https:\/\/earnado.com\/tr\/tuzel-kisilik-ne-demek\/\" \/>\n<meta property=\"og:locale\" content=\"tr_TR\" \/>\n<meta property=\"og:type\" content=\"article\" \/>\n<meta property=\"og:title\" content=\"T\u00fczel ki\u015fi nedir? Nas\u0131l Olunur Ger\u00e7ek Ki\u015fi ile Aras\u0131ndaki Farklar Nelerdir?\" \/>\n<meta property=\"og:description\" content=\"T\u00fczel ki\u015filik ne demek? Ger\u00e7ek ki\u015fi ile aras\u0131ndaki farklar nelerdir? Kamu t\u00fczel ki\u015fili\u011fi nedir bu yaz\u0131m\u0131zda sizin i\u00e7in a\u00e7\u0131klad\u0131k.\" \/>\n<meta property=\"og:url\" content=\"https:\/\/earnado.com\/tr\/tuzel-kisilik-ne-demek\/\" \/>\n<meta property=\"og:site_name\" content=\"Earnado\" \/>\n<meta property=\"article:author\" content=\"https:\/\/www.facebook.com\/yilmaztuzen\" \/>\n<meta property=\"article:published_time\" content=\"2021-10-11T07:45:32+00:00\" \/>\n<meta property=\"article:modified_time\" content=\"2023-01-06T08:13:06+00:00\" \/>\n<meta property=\"og:image\" content=\"https:\/\/earnado.com\/tr\/wp-content\/uploads\/2021\/10\/tu\u0308zelkisiliknedemek.png\" \/>\n\t<meta property=\"og:image:width\" content=\"700\" \/>\n\t<meta property=\"og:image:height\" content=\"350\" \/>\n\t<meta property=\"og:image:type\" content=\"image\/png\" \/>\n<meta name=\"author\" content=\"yilmaztuzenn@gmail.com\" \/>\n<meta name=\"twitter:card\" content=\"summary_large_image\" \/>\n<meta name=\"twitter:label1\" content=\"Yazan:\" \/>\n\t<meta name=\"twitter:data1\" content=\"yilmaztuzenn@gmail.com\" \/>\n\t<meta name=\"twitter:label2\" content=\"Tahmini okuma s\u00fcresi\" \/>\n\t<meta name=\"twitter:data2\" content=\"7 dakika\" \/>\n<script type=\"application\/ld+json\" class=\"yoast-schema-graph\">{\"@context\":\"https:\/\/schema.org\",\"@graph\":[{\"@type\":\"WebPage\",\"@id\":\"https:\/\/earnado.com\/tr\/tuzel-kisilik-ne-demek\/\",\"url\":\"https:\/\/earnado.com\/tr\/tuzel-kisilik-ne-demek\/\",\"name\":\"T\u00fczel ki\u015fi nedir? Nas\u0131l Olunur Ger\u00e7ek Ki\u015fi ile Aras\u0131ndaki Farklar Nelerdir?\",\"isPartOf\":{\"@id\":\"https:\/\/earnado.com\/tr\/#website\"},\"primaryImageOfPage\":{\"@id\":\"https:\/\/earnado.com\/tr\/tuzel-kisilik-ne-demek\/#primaryimage\"},\"image\":{\"@id\":\"https:\/\/earnado.com\/tr\/tuzel-kisilik-ne-demek\/#primaryimage\"},\"thumbnailUrl\":\"https:\/\/earnado.com\/tr\/wp-content\/uploads\/2021\/10\/tu\u0308zelkisiliknedemek.png\",\"datePublished\":\"2021-10-11T07:45:32+00:00\",\"dateModified\":\"2023-01-06T08:13:06+00:00\",\"author\":{\"@id\":\"https:\/\/earnado.com\/tr\/#\/schema\/person\/3770590c6ad8f5219d65a86740890b15\"},\"description\":\"T\u00fczel ki\u015filik ne demek? Ger\u00e7ek ki\u015fi ile aras\u0131ndaki farklar nelerdir? Kamu t\u00fczel ki\u015fili\u011fi nedir bu yaz\u0131m\u0131zda sizin i\u00e7in a\u00e7\u0131klad\u0131k.\",\"inLanguage\":\"tr\",\"potentialAction\":[{\"@type\":\"ReadAction\",\"target\":[\"https:\/\/earnado.com\/tr\/tuzel-kisilik-ne-demek\/\"]}]},{\"@type\":\"ImageObject\",\"inLanguage\":\"tr\",\"@id\":\"https:\/\/earnado.com\/tr\/tuzel-kisilik-ne-demek\/#primaryimage\",\"url\":\"https:\/\/earnado.com\/tr\/wp-content\/uploads\/2021\/10\/tu\u0308zelkisiliknedemek.png\",\"contentUrl\":\"https:\/\/earnado.com\/tr\/wp-content\/uploads\/2021\/10\/tu\u0308zelkisiliknedemek.png\",\"width\":700,\"height\":350,\"caption\":\"t\u00fczelkisiliknedemek\"},{\"@type\":\"WebSite\",\"@id\":\"https:\/\/earnado.com\/tr\/#website\",\"url\":\"https:\/\/earnado.com\/tr\/\",\"name\":\"Earnado\",\"description\":\"\u0130\u015finizi Kafan\u0131zda De\u011fil \u0130nternette B\u00fcy\u00fct\u00fcn!\",\"potentialAction\":[{\"@type\":\"SearchAction\",\"target\":{\"@type\":\"EntryPoint\",\"urlTemplate\":\"https:\/\/earnado.com\/tr\/?s={search_term_string}\"},\"query-input\":\"required name=search_term_string\"}],\"inLanguage\":\"tr\"},{\"@type\":\"Person\",\"@id\":\"https:\/\/earnado.com\/tr\/#\/schema\/person\/3770590c6ad8f5219d65a86740890b15\",\"name\":\"yilmaztuzenn@gmail.com\",\"image\":{\"@type\":\"ImageObject\",\"inLanguage\":\"tr\",\"@id\":\"https:\/\/earnado.com\/tr\/#\/schema\/person\/image\/\",\"url\":\"https:\/\/secure.gravatar.com\/avatar\/4bf1e873a42bfb0bb29cb4427876deb6e449bb1531fc4b681bc14d15aa90c754?s=96&d=mm&r=g\",\"contentUrl\":\"https:\/\/secure.gravatar.com\/avatar\/4bf1e873a42bfb0bb29cb4427876deb6e449bb1531fc4b681bc14d15aa90c754?s=96&d=mm&r=g\",\"caption\":\"yilmaztuzenn@gmail.com\"},\"description\":\"Facebook reklamlar\u0131 ve Sosyal medya i\u00e7erik y\u00f6netimi konular\u0131nda sizlere yard\u0131mc\u0131 oluyorum.\",\"sameAs\":[\"https:\/\/www.facebook.com\/yilmaztuzen\",\"https:\/\/www.instagram.com\/yilmaztuzen\/\"],\"url\":\"https:\/\/earnado.com\/tr\/author\/yilmaztuzenngmail-com\/\"}]}<\/script>\n<!-- \/ Yoast SEO plugin. -->","yoast_head_json":{"title":"T\u00fczel ki\u015fi nedir? Nas\u0131l Olunur Ger\u00e7ek Ki\u015fi ile Aras\u0131ndaki Farklar Nelerdir?","description":"T\u00fczel ki\u015filik ne demek? Ger\u00e7ek ki\u015fi ile aras\u0131ndaki farklar nelerdir? Kamu t\u00fczel ki\u015fili\u011fi nedir bu yaz\u0131m\u0131zda sizin i\u00e7in a\u00e7\u0131klad\u0131k.","robots":{"index":"index","follow":"follow","max-snippet":"max-snippet:-1","max-image-preview":"max-image-preview:large","max-video-preview":"max-video-preview:-1"},"canonical":"https:\/\/earnado.com\/tr\/tuzel-kisilik-ne-demek\/","og_locale":"tr_TR","og_type":"article","og_title":"T\u00fczel ki\u015fi nedir? Nas\u0131l Olunur Ger\u00e7ek Ki\u015fi ile Aras\u0131ndaki Farklar Nelerdir?","og_description":"T\u00fczel ki\u015filik ne demek? Ger\u00e7ek ki\u015fi ile aras\u0131ndaki farklar nelerdir? Kamu t\u00fczel ki\u015fili\u011fi nedir bu yaz\u0131m\u0131zda sizin i\u00e7in a\u00e7\u0131klad\u0131k.","og_url":"https:\/\/earnado.com\/tr\/tuzel-kisilik-ne-demek\/","og_site_name":"Earnado","article_author":"https:\/\/www.facebook.com\/yilmaztuzen","article_published_time":"2021-10-11T07:45:32+00:00","article_modified_time":"2023-01-06T08:13:06+00:00","og_image":[{"width":700,"height":350,"url":"https:\/\/earnado.com\/tr\/wp-content\/uploads\/2021\/10\/tu\u0308zelkisiliknedemek.png","type":"image\/png"}],"author":"yilmaztuzenn@gmail.com","twitter_card":"summary_large_image","twitter_misc":{"Yazan:":"yilmaztuzenn@gmail.com","Tahmini okuma s\u00fcresi":"7 dakika"},"schema":{"@context":"https:\/\/schema.org","@graph":[{"@type":"WebPage","@id":"https:\/\/earnado.com\/tr\/tuzel-kisilik-ne-demek\/","url":"https:\/\/earnado.com\/tr\/tuzel-kisilik-ne-demek\/","name":"T\u00fczel ki\u015fi nedir? Nas\u0131l Olunur Ger\u00e7ek Ki\u015fi ile Aras\u0131ndaki Farklar Nelerdir?","isPartOf":{"@id":"https:\/\/earnado.com\/tr\/#website"},"primaryImageOfPage":{"@id":"https:\/\/earnado.com\/tr\/tuzel-kisilik-ne-demek\/#primaryimage"},"image":{"@id":"https:\/\/earnado.com\/tr\/tuzel-kisilik-ne-demek\/#primaryimage"},"thumbnailUrl":"https:\/\/earnado.com\/tr\/wp-content\/uploads\/2021\/10\/tu\u0308zelkisiliknedemek.png","datePublished":"2021-10-11T07:45:32+00:00","dateModified":"2023-01-06T08:13:06+00:00","author":{"@id":"https:\/\/earnado.com\/tr\/#\/schema\/person\/3770590c6ad8f5219d65a86740890b15"},"description":"T\u00fczel ki\u015filik ne demek? Ger\u00e7ek ki\u015fi ile aras\u0131ndaki farklar nelerdir? Kamu t\u00fczel ki\u015fili\u011fi nedir bu yaz\u0131m\u0131zda sizin i\u00e7in a\u00e7\u0131klad\u0131k.","inLanguage":"tr","potentialAction":[{"@type":"ReadAction","target":["https:\/\/earnado.com\/tr\/tuzel-kisilik-ne-demek\/"]}]},{"@type":"ImageObject","inLanguage":"tr","@id":"https:\/\/earnado.com\/tr\/tuzel-kisilik-ne-demek\/#primaryimage","url":"https:\/\/earnado.com\/tr\/wp-content\/uploads\/2021\/10\/tu\u0308zelkisiliknedemek.png","contentUrl":"https:\/\/earnado.com\/tr\/wp-content\/uploads\/2021\/10\/tu\u0308zelkisiliknedemek.png","width":700,"height":350,"caption":"t\u00fczelkisiliknedemek"},{"@type":"WebSite","@id":"https:\/\/earnado.com\/tr\/#website","url":"https:\/\/earnado.com\/tr\/","name":"Earnado","description":"\u0130\u015finizi Kafan\u0131zda De\u011fil \u0130nternette B\u00fcy\u00fct\u00fcn!","potentialAction":[{"@type":"SearchAction","target":{"@type":"EntryPoint","urlTemplate":"https:\/\/earnado.com\/tr\/?s={search_term_string}"},"query-input":"required name=search_term_string"}],"inLanguage":"tr"},{"@type":"Person","@id":"https:\/\/earnado.com\/tr\/#\/schema\/person\/3770590c6ad8f5219d65a86740890b15","name":"yilmaztuzenn@gmail.com","image":{"@type":"ImageObject","inLanguage":"tr","@id":"https:\/\/earnado.com\/tr\/#\/schema\/person\/image\/","url":"https:\/\/secure.gravatar.com\/avatar\/4bf1e873a42bfb0bb29cb4427876deb6e449bb1531fc4b681bc14d15aa90c754?s=96&d=mm&r=g","contentUrl":"https:\/\/secure.gravatar.com\/avatar\/4bf1e873a42bfb0bb29cb4427876deb6e449bb1531fc4b681bc14d15aa90c754?s=96&d=mm&r=g","caption":"yilmaztuzenn@gmail.com"},"description":"Facebook reklamlar\u0131 ve Sosyal medya i\u00e7erik y\u00f6netimi konular\u0131nda sizlere yard\u0131mc\u0131 oluyorum.","sameAs":["https:\/\/www.facebook.com\/yilmaztuzen","https:\/\/www.instagram.com\/yilmaztuzen\/"],"url":"https:\/\/earnado.com\/tr\/author\/yilmaztuzenngmail-com\/"}]}},"_links":{"self":[{"href":"https:\/\/earnado.com\/tr\/wp-json\/wp\/v2\/posts\/49877","targetHints":{"allow":["GET"]}}],"collection":[{"href":"https:\/\/earnado.com\/tr\/wp-json\/wp\/v2\/posts"}],"about":[{"href":"https:\/\/earnado.com\/tr\/wp-json\/wp\/v2\/types\/post"}],"author":[{"embeddable":true,"href":"https:\/\/earnado.com\/tr\/wp-json\/wp\/v2\/users\/245"}],"replies":[{"embeddable":true,"href":"https:\/\/earnado.com\/tr\/wp-json\/wp\/v2\/comments?post=49877"}],"version-history":[{"count":1,"href":"https:\/\/earnado.com\/tr\/wp-json\/wp\/v2\/posts\/49877\/revisions"}],"predecessor-version":[{"id":57515,"href":"https:\/\/earnado.com\/tr\/wp-json\/wp\/v2\/posts\/49877\/revisions\/57515"}],"wp:featuredmedia":[{"embeddable":true,"href":"https:\/\/earnado.com\/tr\/wp-json\/wp\/v2\/media\/50262"}],"wp:attachment":[{"href":"https:\/\/earnado.com\/tr\/wp-json\/wp\/v2\/media?parent=49877"}],"wp:term":[{"taxonomy":"category","embeddable":true,"href":"https:\/\/earnado.com\/tr\/wp-json\/wp\/v2\/categories?post=49877"},{"taxonomy":"post_tag","embeddable":true,"href":"https:\/\/earnado.com\/tr\/wp-json\/wp\/v2\/tags?post=49877"}],"curies":[{"name":"wp","href":"https:\/\/api.w.org\/{rel}","templated":true}]}}