{"id":50295,"date":"2021-11-01T15:12:33","date_gmt":"2021-11-01T12:12:33","guid":{"rendered":"http:\/\/earnado.com\/tr\/?p=50295"},"modified":"2023-01-05T17:17:07","modified_gmt":"2023-01-05T14:17:07","slug":"instagram-tanitimi-yapma-ve-reklam-verme","status":"publish","type":"post","link":"https:\/\/earnado.com\/tr\/instagram-tanitimi-yapma-ve-reklam-verme\/","title":{"rendered":"Instagram Hesab\u0131 Tan\u0131t\u0131m\u0131 Yapmak ve Reklam Vermek"},"content":{"rendered":"<p>Sosyal medya ara\u00e7lar\u0131, teknolojinin geli\u015fmesiyle beraber hayat\u0131m\u0131za katm\u0131\u015f oldu\u011fu olanaklarla art\u0131k her t\u00fcrl\u00fc reklam ve pazarlama stratejisine y\u00f6n veriyor. Bir \u00e7o\u011fumuzun kulland\u0131\u011f\u0131 Facebook, YouTube ve Instagram gibi a\u011flardan ister ki\u015fisel hesab\u0131n\u0131z , isterseniz i\u015fletmenizin hesab\u0131 i\u00e7in tan\u0131t\u0131m yaparak kendi kitlenizi olu\u015fturup, kar oranlar\u0131n\u0131z\u0131 art\u0131rabilece\u011finizi biliyor muydunuz? Bu yaz\u0131m\u0131zda size Instagram hesab\u0131 tan\u0131t\u0131m\u0131 yapmak ve reklam vermek neden \u00f6nemli ve neler yapabilirsiniz onlardan bahsedece\u011fim.<\/p>\n<p><img fetchpriority=\"high\" decoding=\"async\" class=\"aligncenter wp-image-50296 size-full\" src=\"https:\/\/earnado.com\/tr\/wp-content\/uploads\/2021\/10\/Instagramreklam.png\" alt=\"\u0130nstagramreklam\" width=\"700\" height=\"350\" srcset=\"https:\/\/earnado.com\/tr\/wp-content\/uploads\/2021\/10\/Instagramreklam.png 700w, https:\/\/earnado.com\/tr\/wp-content\/uploads\/2021\/10\/Instagramreklam-300x150.png 300w, https:\/\/earnado.com\/tr\/wp-content\/uploads\/2021\/10\/Instagramreklam-600x300.png 600w\" sizes=\"(max-width: 700px) 100vw, 700px\" \/><\/p>\n<p>Peki en \u00e7ok kullan\u0131lan tan\u0131t\u0131m arac\u0131 nedir? Tabii ki sizin de tahmin edece\u011finiz \u00fczere Instagram\u2019d\u0131r. Bunun nedenlerini daha rahat anlayabilmeniz a\u00e7\u0131s\u0131ndan bir ka\u00e7 maddeye g\u00f6z atal\u0131m.<\/p>\n<ul>\n<li>1 milyardan fazla kullan\u0131c\u0131ya sahiptir.<\/li>\n<li>Kullan\u0131c\u0131lar\u0131n neredeyse %70&#8217;den fazlas\u0131, \u00a0markalar\u0131 Instagram\u2019da bulmaya \u00e7al\u0131\u015f\u0131yor<\/li>\n<li>Neredeyse %80 den fazla kullan\u0131c\u0131 ise i\u015fletmeleri takip etmeyi seviyor. ( Eminim hepimizin Instagram \u00fczerinden takip etti\u011fi en az bir tane marka veya i\u015fletme vard\u0131r.)<\/li>\n<li>Di\u011fer sosyal medya ara\u00e7lar\u0131ndan daha fazla etkile\u015fim sa\u011fl\u0131yor.<\/li>\n<li>Bir \u00e7ok kullan\u0131c\u0131 son \u00e7\u0131kan \u00fcr\u00fcnleri ilk kez Instagram da ke\u015ffediyor.<\/li>\n<\/ul>\n<p>Asl\u0131nda Instagram tan\u0131t\u0131m\u0131 bir \u00e7e\u015fit pazarlama ve reklam stratejisidir. Yaratt\u0131\u011f\u0131n\u0131z marka veya pazarlamaya \u00e7al\u0131\u015ft\u0131\u011f\u0131n\u0131z \u00fcr\u00fcn\u00fcn dijital ortamlarda daha h\u0131zl\u0131 bir \u015fekilde duyulmas\u0131n\u0131 sa\u011flamakt\u0131r. Instagram\u2019da tan\u0131t\u0131mlar\u0131n\u0131z\u0131 yapmadan \u00f6nce kitlenizi belirlemeniz ve kitleninizin neler istedi\u011fini belirleyip ona g\u00f6re bir yol haritas\u0131 \u00e7izmeniz gerekiyor. B\u00f6ylece \u00fcr\u00fcnlerinizi hedef kitlenize daha h\u0131zl\u0131 ve verimli bir \u015fekilde aktar\u0131p b\u00fcy\u00fcme oran\u0131n\u0131z\u0131 art\u0131rabilirsiniz.<\/p>\n<h2>Instagram G\u00f6nderi Tan\u0131t\u0131m\u0131 Nedir?<\/h2>\n<p>Instagram g\u00f6nderilerinize fazladan para harcayarak \u00f6ne \u00e7\u0131karabildi\u011finiz ve yukar\u0131da bahsetti\u011fim gibi hedef kitlenizi do\u011fru belirleyerek reklam performans\u0131n\u0131z\u0131 art\u0131rabilece\u011finiz bir tan\u0131t\u0131m y\u00f6ntemidir. G\u00f6r\u00fcnt\u00fc olarak Instagram\u2019da ki di\u011fer reklam t\u00fcrlerinden farkl\u0131 de\u011fildir. Instagram&#8217;da g\u00f6nderi tan\u0131t\u0131m\u0131 yaparak kitlenizi h\u0131zla geni\u015fletebilirsiniz. B\u00f6ylece i\u015fletmenizin hem b\u00fcy\u00fcmesine hem de i\u015fletmenizin kar oranlar\u0131n\u0131n artmas\u0131na yard\u0131mc\u0131 olursunuz. E\u011fer bir web siteniz varsa g\u00f6nderi tan\u0131t\u0131m\u0131 yaparken tan\u0131t\u0131m\u0131n\u0131za web adresinizide ekleyerek sitenize daha fazla trafik almay\u0131 sa\u011flayabilirsiniz.<\/p>\n<h2>Instagram G\u00f6nderi Reklam\u0131 Nas\u0131l Verilir?<\/h2>\n<ul>\n<li>\u0130lk \u00f6nce reklam olarak belirledi\u011finiz g\u00f6nderinize gidip, \u201ctan\u0131t\u0131m\u0131n\u0131 yap\u201d butonuna t\u0131kl\u0131yorsunuz. (K\u00fc\u00e7\u00fck bir t\u00fcyo: etkile\u015fimi en fazla olan g\u00f6nderiyi se\u00e7erseniz verece\u011finiz reklam\u0131n etkisi o kadar iyi olur.)<\/li>\n<li>Daha sonra reklam\u0131 g\u00f6stermek istedi\u011finiz kitleyi se\u00e7meli ve neyin mesaj\u0131n\u0131 vermek istiyorsan\u0131z k\u0131sa ve \u00f6z bir \u015fekilde olarak onu se\u00e7melisiniz.<\/li>\n<li>Bu iki k\u0131s\u0131mdan sonra reklam\u0131n g\u00f6r\u00fcnme s\u00fcresini belirlemelisiniz. Bununla beraber reklam i\u00e7in ay\u0131rabilece\u011finiz b\u00fct\u00e7eyi de belirlemeniz gerekmektedir.<\/li>\n<li>T\u00fcm bu k\u0131s\u0131mlar\u0131 hallettikten sonra reklam\u0131n\u0131z de\u011ferlendirme a\u015famas\u0131na ge\u00e7iyor. De\u011ferlendirmeden sonra yay\u0131nlan reklam\u0131n\u0131z\u0131 takip edebilirsiniz ve istedi\u011finiz an reklam\u0131 durdurabilirsiniz.<\/li>\n<\/ul>\n<h2>Facebook Reklam Y\u00f6neticisi \u00dczerinden Nas\u0131l Tan\u0131t\u0131m Yap\u0131l\u0131r?<\/h2>\n<p>G\u00f6nderi tan\u0131t\u0131m\u0131 y\u00f6nteminin yan\u0131 s\u0131ra alternatif olarak kullanabilece\u011finiz bir y\u00f6ntem ise Facebook reklam y\u00f6neticisidir. Etkile\u015fim amac\u0131yla daha \u00f6nceden payla\u015ft\u0131\u011f\u0131n\u0131z bir g\u00f6nderiyi sponsorlu hale d\u00f6n\u00fc\u015ft\u00fcrebilirsiniz. Bu y\u00f6ntem sayesinde daha fazla etkile\u015fim sa\u011flaman\u0131z olanakt\u0131r \u00e7\u00fcnk\u00fc reklam\u0131n\u0131z\u0131 Instagram\u2019\u0131n yan\u0131nda Facebook\u2019taki hedef kitlenize de g\u00f6sterme \u015fans\u0131n\u0131z oluyor.<\/p>\n<p>Hangisini se\u00e7meliyim? Diye soracak olursan\u0131z; bu asl\u0131nda i\u015fletmenizin durumuna ba\u011fl\u0131 olarak de\u011fi\u015fkenlik g\u00f6steriyor. \u015e\u00f6yle anlatay\u0131m: E\u011fer i\u015fletmeniz b\u00fcy\u00fck ve genel bir kitleye hitap ediyorsa Instagram g\u00f6nderi tan\u0131t\u0131m\u0131n\u0131 se\u00e7mek daha avantajl\u0131 olacakt\u0131r. \u00c7\u00fcnk\u00fc bu y\u00f6ntemde hedef kitlenizi fazla detayl\u0131 se\u00e7emez ve yeniden pazarlama yapamazs\u0131n\u0131z. Ancak daha belirli yani spesifik bir kitleyi ama\u00e7layan bir i\u015fletmeyseniz o zaman Facebook reklam y\u00f6neticisini kullanarak tan\u0131t\u0131m yapman\u0131z uzun vadede daha iyi sonu\u00e7lar alman\u0131z\u0131 sa\u011flayacakt\u0131r.<\/p>\n<p><img decoding=\"async\" class=\"size-full wp-image-50299 aligncenter\" src=\"https:\/\/earnado.com\/tr\/wp-content\/uploads\/2021\/10\/Facebookreklamyoneticisi.png\" alt=\"Facebookreklamy\u00f6neticisi\" width=\"700\" height=\"350\" srcset=\"https:\/\/earnado.com\/tr\/wp-content\/uploads\/2021\/10\/Facebookreklamyoneticisi.png 700w, https:\/\/earnado.com\/tr\/wp-content\/uploads\/2021\/10\/Facebookreklamyoneticisi-300x150.png 300w, https:\/\/earnado.com\/tr\/wp-content\/uploads\/2021\/10\/Facebookreklamyoneticisi-600x300.png 600w\" sizes=\"(max-width: 700px) 100vw, 700px\" \/><\/p>\n<p>Facebook Reklam y\u00f6neticisi reklam\u0131n\u0131 ise \u015fu \u015fekilde verebilirsiniz:<\/p>\n<ul>\n<li>\u0130lk \u00f6nce hedef belirlemekle ba\u015fl\u0131yorsunuz. \u0130lk defa reklam verecekler i\u00e7in k\u0131lavuzla olu\u015fturma k\u0131sm\u0131 daha faydal\u0131 olacakt\u0131r. Burada hedefinizle ilgili ba\u015fl\u0131klar\u0131 se\u00e7erek i\u015fe ba\u015flayabilirsiniz.<\/li>\n<li>Daha sonra hedefledi\u011finiz kitlenin \u00e7e\u015fitli \u00f6zelliklerini belirleyin. Her t\u00fcrl\u00fc detay\u0131 (ya\u015f, cinsiyet, demografik \u00f6zellikler davran\u0131\u015flar ilgilendi\u011fi alanlar v.b.) girerek kitlenizi olu\u015fturun.<\/li>\n<li>Reklam\u0131n\u0131z\u0131n nerelerde g\u00f6r\u00fcnmesini istiyorsan\u0131z ona g\u00f6re tercihler yap\u0131n. Bu reklam\u0131n\u0131z\u0131n Facebook ve Instagram\u2019da kitlenize g\u00f6r\u00fcnece\u011fi yeri belirlemenizi sa\u011flar.<\/li>\n<li>Di\u011fer tan\u0131t\u0131m t\u00fcr\u00fcnde oldu\u011fu gibi ay\u0131rabilece\u011finiz b\u00fct\u00e7eyi ve g\u00f6r\u00fcnmesini istedi\u011finiz zaman aral\u0131\u011f\u0131n\u0131 se\u00e7in.<\/li>\n<li>Son ad\u0131mda ise reklam\u0131n\u0131z\u0131 onaylayarak i\u015fleminizi tamamlay\u0131n.<\/li>\n<\/ul>\n<p>\u0130lginizi \u00e7ekebilir: <a href=\"https:\/\/earnado.com\/tr\/instagram-reklam-verme\/\">Instagram Reklam Verme<\/a><\/p>\n<h2>Instagram\u2019da Tan\u0131t\u0131m Stratejileri Nelerdir?<\/h2>\n<p>Yukar\u0131da bahsetti\u011fim tan\u0131t\u0131m y\u00f6ntemlerini kullan\u0131rken ayn\u0131 zamanda do\u011fru stratejiler kullanmak da hedef kitlenizi b\u00fcy\u00fctebilmek ve i\u015fletmenizin tan\u0131n\u0131rl\u0131\u011f\u0131n\u0131 art\u0131rabilmek i\u00e7in olduk\u00e7a \u00f6nemlidir.<br \/>\n<img decoding=\"async\" class=\"size-full wp-image-50300 aligncenter\" src=\"https:\/\/earnado.com\/tr\/wp-content\/uploads\/2021\/10\/Reklamstratejileri.png\" alt=\"Reklamstratejileri\" width=\"700\" height=\"350\" srcset=\"https:\/\/earnado.com\/tr\/wp-content\/uploads\/2021\/10\/Reklamstratejileri.png 700w, https:\/\/earnado.com\/tr\/wp-content\/uploads\/2021\/10\/Reklamstratejileri-300x150.png 300w, https:\/\/earnado.com\/tr\/wp-content\/uploads\/2021\/10\/Reklamstratejileri-600x300.png 600w\" sizes=\"(max-width: 700px) 100vw, 700px\" \/><\/p>\n<h3><strong>Profilinizi Tamamlamay\u0131 \u0130hmal etmeyin<\/strong><\/h3>\n<p>Hedef kitleniz ve m\u00fc\u015fterilerinizin ilk bakaca\u011f\u0131 k\u0131s\u0131m ku\u015fkusuz ki profiliniz olacakt\u0131r. Sizi tan\u0131t\u0131mlar\u0131n\u0131zdan g\u00f6r\u00fcp yeni ke\u015ffeden bir ki\u015fi ilk olarak profilinize girip, inceleyip sizin hakk\u0131n\u0131zda bilgi sahibi olmak isteyecektir. Eksik veya do\u011fru ifade edilememi\u015f bir profil, etkile\u015fimlerinize k\u00f6t\u00fc yans\u0131y\u0131p markan\u0131z\u0131n k\u00f6t\u00fc bir izlenime sahip olmas\u0131na neden olabilir. Bu y\u00fczden profilinizi do\u011fru kelimelerle ifade ederek \u00a0%100 tamamlam\u0131\u015f olmal\u0131s\u0131n\u0131z.<\/p>\n<h3><strong>Profilinizi i\u015fletme profiline \u00e7evirin<\/strong><\/h3>\n<p>Profesyonel olarak ilerlemek i\u00e7in i\u015fletme profiline ge\u00e7i\u015f yapmal\u0131s\u0131n\u0131z. Bu sayede reklam y\u00f6ntemlerini deneyerek i\u015fletmenize en uygun olana karar verebilirsiniz. \u0130statistiksel verilerle ilerlemelerinizi takip edebilir veya yapt\u0131\u011f\u0131n\u0131z tan\u0131t\u0131mlar\u0131n geri d\u00f6n\u00fc\u015flerini inceleyip yol haritan\u0131z\u0131 ona g\u00f6re \u00e7izebilirsiniz.<\/p>\n<h3><strong>Tan\u0131t\u0131mlar\u0131n\u0131z\u0131 Yaparken Instagram\u2019\u0131n \u00d6zelliklerini Kullan\u0131n<\/strong><\/h3>\n<p>Foto\u011fraf veya video olarak olu\u015fturdu\u011funuz g\u00f6nderilerinizi Instagram\u2019\u0131n olu\u015fturdu\u011fu \u00f6zelliklerle zenginle\u015ftirip, daha dikkat \u00e7ekici hale getirebilirsiniz.<\/p>\n<ul>\n<li>Filtreler kullanarak daha dikkat \u00e7ekici hale getirebilir, ayn\u0131 zamanda foto\u011fraflar\u0131n g\u00f6ze daha fazla hitap etmesini sa\u011flayabilirsiniz.<\/li>\n<li>Yapaca\u011f\u0131n\u0131z reklamda vermek istedi\u011finiz mesaj k\u0131sa ve \u00f6z olmal\u0131d\u0131r. Bu y\u00fczden gif ve text kullanabilirsiniz. Daha k\u0131sa c\u00fcmlelerle vermek istedi\u011fimiz mesaj\u0131 dikkat \u00e7ekici hale getirebilirsiniz.<\/li>\n<li>Instagram\u2019\u0131n m\u00fczik k\u0131sm\u0131ndaki \u015fark\u0131lar\u0131 g\u00f6nderilerinize ekleyerek daha fazla etkile\u015fim sa\u011flayabilirsiniz. Her hafta pop\u00fcler olan m\u00fczikler de\u011fi\u015fkenlik g\u00f6stermekte oldu\u011fu i\u00e7in takip etmeye \u00f6zen g\u00f6stermeli ve m\u00fczik se\u00e7imleri yaparken bu kritere dikkat etmelisiniz.<\/li>\n<li>Kitlenizle daha fazla ileti\u015fim halinde olmak insanlar\u0131n i\u015fletmenizi kendisine yak\u0131n hissetmesini sa\u011flar. B\u00f6ylelikle i\u015fletmenizle aralar\u0131ndaki ba\u011f\u0131 g\u00fc\u00e7lendirebilirsiniz. Hikaye k\u0131sm\u0131ndaki soru-cevap ve anket butonlar\u0131n\u0131 kullanarak hem kitlenizle ileti\u015fim halinde olup onlar\u0131n size yak\u0131n hissetmesini sa\u011flayabilirsiniz. Ayr\u0131ca hedef kitlenizin neler istedi\u011fini daha etkili analiz edebilirsiniz.<\/li>\n<\/ul>\n<h3><strong>Canl\u0131 Yay\u0131nlar Yap\u0131n<\/strong><\/h3>\n<p>Canl\u0131 yay\u0131n yapmak asl\u0131nda ba\u015fl\u0131 ba\u015f\u0131na bir tan\u0131t\u0131m y\u00f6ntemidir. \u00dcr\u00fcnlerinizin kullan\u0131m \u015fekillerini g\u00f6sterebilirsiniz., m\u00fc\u015fterilerle etkile\u015fim sa\u011flayarak geri d\u00f6n\u00fc\u015fler sa\u011flayabilirsiniz. \u00c7ekili\u015f, soru-cevap ve indirim haberlerini canl\u0131 yay\u0131n ile e\u011flenceli bir hale getirebilirsiniz.<\/p>\n<h3><strong>G\u00f6nderi Payla\u015f\u0131m Takvimi Olu\u015fturun<\/strong><\/h3>\n<p>\u0130\u00e7eriklerinizi payla\u015f\u0131rken periyodik bir takvim olu\u015fturup, payla\u015f\u0131mlar\u0131n\u0131z\u0131 ayn\u0131 zaman aral\u0131klar\u0131nda yapmak hem Instagram algoritmas\u0131 i\u00e7in hem de sizi takip edenlerin ak\u0131llar\u0131nda kalabilmeniz i\u00e7in olduk\u00e7a \u00f6nemlidir. Ayr\u0131ca bu sayede g\u00f6nderilerinizi daha\u00a0 ilgi \u00e7ekici olu\u015fturabilirsiniz.<\/p>\n<p><img loading=\"lazy\" decoding=\"async\" class=\"aligncenter wp-image-50305 size-full\" src=\"https:\/\/earnado.com\/tr\/wp-content\/uploads\/2021\/10\/Reklamonerileri.png\" alt=\"instagram-reklam-vermek\" width=\"700\" height=\"350\" srcset=\"https:\/\/earnado.com\/tr\/wp-content\/uploads\/2021\/10\/Reklamonerileri.png 700w, https:\/\/earnado.com\/tr\/wp-content\/uploads\/2021\/10\/Reklamonerileri-300x150.png 300w, https:\/\/earnado.com\/tr\/wp-content\/uploads\/2021\/10\/Reklamonerileri-600x300.png 600w\" sizes=\"(max-width: 700px) 100vw, 700px\" \/><\/p>\n<h2>Instagram Reklam T\u00fcrleri Nelerdir?<\/h2>\n<p>Instagram \u00fczerinden verebilece\u011finiz 4 \u00e7e\u015fit reklam t\u00fcr\u00fc vard\u0131r.<\/p>\n<ul>\n<li>D\u00f6ng\u00fc Reklamlar<\/li>\n<li>G\u00f6rsel Reklamlar<\/li>\n<li>Video Reklamlar<\/li>\n<li>Hikaye Reklamlar\u0131<\/li>\n<\/ul>\n<h3><strong>D\u00f6ng\u00fc Reklamlar<\/strong><\/h3>\n<p>D\u00f6ng\u00fc reklamlar birden fazla \u00fcr\u00fcn\u00fcn reklam\u0131n\u0131 yapmak i\u00e7in veya bir \u00fcr\u00fcn\u00fcn \u00e7e\u015fitli \u00f6zelliklerine farkl\u0131 g\u00f6rsellerle de\u011finmek i\u00e7in kullan\u0131lan bir reklam t\u00fcr\u00fcd\u00fcr. Genelde birden fazla g\u00f6rsel veya video ile yay\u0131nlayabildi\u011finiz kayd\u0131rmal\u0131 diye adland\u0131rabilece\u011fimiz t\u00fcrden reklamlard\u0131r.<\/p>\n<p><img loading=\"lazy\" decoding=\"async\" class=\"size-full wp-image-50301 aligncenter\" src=\"https:\/\/earnado.com\/tr\/wp-content\/uploads\/2021\/10\/Dongureklamlar.png\" alt=\"D\u00f6ng\u00fcreklamlar\" width=\"700\" height=\"350\" srcset=\"https:\/\/earnado.com\/tr\/wp-content\/uploads\/2021\/10\/Dongureklamlar.png 700w, https:\/\/earnado.com\/tr\/wp-content\/uploads\/2021\/10\/Dongureklamlar-300x150.png 300w, https:\/\/earnado.com\/tr\/wp-content\/uploads\/2021\/10\/Dongureklamlar-600x300.png 600w\" sizes=\"(max-width: 700px) 100vw, 700px\" \/><\/p>\n<h3><strong>G\u00f6rsel Reklamlar<\/strong><\/h3>\n<p>Tek bir tane foto\u011fraf ile yay\u0131nlanan reklamlard\u0131r. Dikkat \u00e7ekici ve vermek istedi\u011finiz mesaj\u0131 en uygun \u015fekilde yans\u0131tan foto\u011fraf\u0131 se\u00e7melisiniz. Se\u00e7ilecek olan foto\u011fraf\u0131n b\u00fcy\u00fckl\u00fc\u011f\u00fcn\u00fcn 1080&#215;1080, oran\u0131n\u0131n ise 1:1 olmas\u0131 gerekmektedir. Instagram bu t\u00fcr reklamlar\u0131n \u00fczerinde \u00e7ok fazla yaz\u0131 bulundu\u011funda reklam\u0131n g\u00f6r\u00fcnme oran\u0131n\u0131 d\u00fc\u015f\u00fcr\u00fcyor. Olabildi\u011fince az ve \u00f6z olmal\u0131 sadece verilmesi gereken mesaj verilmelidir.<\/p>\n<p><img loading=\"lazy\" decoding=\"async\" class=\"aligncenter wp-image-50302 size-full\" src=\"https:\/\/earnado.com\/tr\/wp-content\/uploads\/2021\/10\/Gorselreklamlar.png\" alt=\"g\u00f6rsel-reklam-vermek-instagram\" width=\"700\" height=\"350\" srcset=\"https:\/\/earnado.com\/tr\/wp-content\/uploads\/2021\/10\/Gorselreklamlar.png 700w, https:\/\/earnado.com\/tr\/wp-content\/uploads\/2021\/10\/Gorselreklamlar-300x150.png 300w, https:\/\/earnado.com\/tr\/wp-content\/uploads\/2021\/10\/Gorselreklamlar-600x300.png 600w\" sizes=\"(max-width: 700px) 100vw, 700px\" \/><\/p>\n<h3><strong>Video Reklamlar <\/strong><\/h3>\n<p>Tek bir video ile verilen reklamlard\u0131r. Instagram\u2019da son y\u0131llarda video izlenme oranlar\u0131n\u0131n olduk\u00e7a artt\u0131. O y\u00fczden bu t\u00fcr reklamlar\u0131n kullan\u0131lmas\u0131 olduk\u00e7a verimli olacakt\u0131r. Video uzunluklar\u0131n\u0131n 15 sn olmas\u0131 tavsiye edilmektedir. Bunu yan\u0131 s\u0131ra videolar\u0131n\u0131z\u0131n oran\u0131 4:5 olmal\u0131, minimum 600 pixel geni\u015fli\u011finde ve maksimum 4GB olmas\u0131 gerekmektedir.<\/p>\n<p><img loading=\"lazy\" decoding=\"async\" class=\"size-full wp-image-50303 aligncenter\" src=\"https:\/\/earnado.com\/tr\/wp-content\/uploads\/2021\/10\/Videoreklam.png\" alt=\"Videoreklam\" width=\"700\" height=\"350\" srcset=\"https:\/\/earnado.com\/tr\/wp-content\/uploads\/2021\/10\/Videoreklam.png 700w, https:\/\/earnado.com\/tr\/wp-content\/uploads\/2021\/10\/Videoreklam-300x150.png 300w, https:\/\/earnado.com\/tr\/wp-content\/uploads\/2021\/10\/Videoreklam-600x300.png 600w\" sizes=\"(max-width: 700px) 100vw, 700px\" \/><\/p>\n<h3><strong>Hikaye Reklamlar\u0131<\/strong><\/h3>\n<p><a href=\"https:\/\/earnado.com\/tr\/instagram-hikaye-reklamlari\/\" target=\"_blank\" rel=\"noopener\"><strong>Instagram hikaye reklamlar\u0131<\/strong><\/a>nda di\u011fer \u00fc\u00e7 t\u00fcrdeki t\u00fcm \u00f6zelliklerde reklam verebilirsiniz. E\u011fer hikaye reklam\u0131n\u0131 foto\u011fraf ile verecekseniz; En boy oran\u0131 9.16, boyutu ise 1080&#215;1920 olmal\u0131d\u0131r. Video ile verecekseniz ise; oran 9:16 olmal\u0131 ve videonun uzunlu\u011fu ise 60 saniyeyi ge\u00e7memelidir.<\/p>\n<p><img loading=\"lazy\" decoding=\"async\" class=\"aligncenter wp-image-50304 size-full\" src=\"https:\/\/earnado.com\/tr\/wp-content\/uploads\/2021\/10\/Hikayereklamlari.png\" alt=\"instagram-story-reklam-vermek\" width=\"700\" height=\"350\" srcset=\"https:\/\/earnado.com\/tr\/wp-content\/uploads\/2021\/10\/Hikayereklamlari.png 700w, https:\/\/earnado.com\/tr\/wp-content\/uploads\/2021\/10\/Hikayereklamlari-300x150.png 300w, https:\/\/earnado.com\/tr\/wp-content\/uploads\/2021\/10\/Hikayereklamlari-600x300.png 600w\" sizes=\"(max-width: 700px) 100vw, 700px\" \/><br \/>\n\u0130lginizi \u00e7ekebilir: <a href=\"https:\/\/earnado.com\/tr\/sosyal-medya-reklam-ornekleri\/\">Sosyal Medya Re<\/a><a href=\"https:\/\/earnado.com\/tr\/sosyal-medya-reklam-ornekleri\/\">klam \u00d6rnekleri<\/a><\/p>\n<h2>Instagram\u2019da Reklam Vermek i\u00e7in Ne Yap\u0131lmal\u0131?<\/h2>\n<h3><strong>Hedef kitleyi do\u011fru se\u00e7in<\/strong><\/h3>\n<p>Hedef kitlenizin \u00f6zelliklerini sizden neler istedi\u011fini bilmelisiniz. \u00d6rne\u011fin siz bir fastfood yemek i\u015fletmesisiniz. Ancak payla\u015f\u0131mlar\u0131n\u0131zda aralara sa\u011fl\u0131kl\u0131 ve sebze a\u011f\u0131rl\u0131kl\u0131 yemek foto\u011fraflar\u0131 ili\u015ftiriyorsunuz. Hedef kitlenizin sizi takip etme sebebi fastfood iken sizce salata foto\u011fraf\u0131 ile yap\u0131lan reklam\u0131n bir getirisi olabilir mi? Tabii ki hay\u0131r.<\/p>\n<h3><strong>Dikkat \u00c7eken Bir Instagram Format\u0131n\u0131z Olsun<\/strong><\/h3>\n<p>Kullan\u0131c\u0131lar, sizin profillerinize girdi\u011finde belirli bir d\u00fczen ve konsept g\u00f6rmek ilgilerini \u00e7ekecektir. Sat\u0131\u015flar\u0131n\u0131z\u0131n artmas\u0131 i\u00e7in ise harekete ge\u00e7irici olmas\u0131 a\u00e7\u0131s\u0131ndan g\u00f6nderilerinize \u201c\u015fimdi al\u0131\u015fveri\u015f yap\u201d butonu koyabilirsiniz.<\/p>\n<h3><strong>B\u00fct\u00e7e Planlaman\u0131z\u0131 Do\u011fru Yap\u0131n<\/strong><\/h3>\n<p>Instagram reklamlar\u0131n\u0131z\u0131 verirken b\u00fct\u00e7eyi do\u011fru ve ak\u0131ll\u0131ca\u00a0 ayarlaman\u0131z olduk\u00e7a \u00f6nemli. Uzmanlar daha \u00e7ok s\u0131n\u0131rs\u0131z b\u00fct\u00e7e k\u0131sm\u0131n\u0131 kullanmay\u0131 tercih ediyor. Bunun nedeni Instagram bu se\u00e7ene\u011fi tercih etti\u011finiz zaman planl\u0131 b\u00fct\u00e7elendirmeyi aktif hale getirip o \u015fekilde uyguluyor.<\/p>\n<p>&nbsp;<\/p>\n","protected":false},"excerpt":{"rendered":"<p>Sosyal medya ara\u00e7lar\u0131, teknolojinin geli\u015fmesiyle beraber hayat\u0131m\u0131za katm\u0131\u015f oldu\u011fu olanaklarla art\u0131k her t\u00fcrl\u00fc reklam ve pazarlama stratejisine y\u00f6n veriyor. Bir \u00e7o\u011fumuzun kulland\u0131\u011f\u0131 Facebook, YouTube ve Instagram gibi a\u011flardan ister ki\u015fisel hesab\u0131n\u0131z , isterseniz i\u015fletmenizin hesab\u0131 i\u00e7in tan\u0131t\u0131m yaparak kendi kitlenizi&#8230;<\/p>\n","protected":false},"author":266,"featured_media":50800,"comment_status":"open","ping_status":"open","sticky":false,"template":"","format":"standard","meta":{"footnotes":""},"categories":[851,62],"tags":[],"class_list":["post-50295","post","type-post","status-publish","format-standard","has-post-thumbnail","hentry","category-instagram-pazarlama","category-sosyal-medya"],"yoast_head":"<!-- This site is optimized with the Yoast SEO plugin v22.7 - https:\/\/yoast.com\/wordpress\/plugins\/seo\/ -->\n<title>Instagram Hesab\u0131 Tan\u0131t\u0131m\u0131 Yapmak ve Reklam Vermek Nas\u0131l Yap\u0131l\u0131r?<\/title>\n<meta name=\"description\" content=\"Instagram hesab\u0131n\u0131z\u0131 nas\u0131l tan\u0131t\u0131rs\u0131n\u0131z? Instagram \u00fczerinden nas\u0131l reklam verilir? En etkili stratejiler nelerdir? \u00d6rneklerle anlatt\u0131k.\" \/>\n<meta name=\"robots\" content=\"index, follow, max-snippet:-1, max-image-preview:large, max-video-preview:-1\" \/>\n<link rel=\"canonical\" href=\"https:\/\/earnado.com\/tr\/instagram-tanitimi-yapma-ve-reklam-verme\/\" \/>\n<meta property=\"og:locale\" content=\"tr_TR\" \/>\n<meta property=\"og:type\" content=\"article\" \/>\n<meta property=\"og:title\" content=\"Instagram Hesab\u0131 Tan\u0131t\u0131m\u0131 Yapmak ve Reklam Vermek Nas\u0131l Yap\u0131l\u0131r?\" \/>\n<meta property=\"og:description\" content=\"Instagram hesab\u0131n\u0131z\u0131 nas\u0131l tan\u0131t\u0131rs\u0131n\u0131z? Instagram \u00fczerinden nas\u0131l reklam verilir? En etkili stratejiler nelerdir? \u00d6rneklerle anlatt\u0131k.\" \/>\n<meta property=\"og:url\" content=\"https:\/\/earnado.com\/tr\/instagram-tanitimi-yapma-ve-reklam-verme\/\" \/>\n<meta property=\"og:site_name\" content=\"Earnado\" \/>\n<meta property=\"article:published_time\" content=\"2021-11-01T12:12:33+00:00\" \/>\n<meta property=\"article:modified_time\" content=\"2023-01-05T14:17:07+00:00\" \/>\n<meta property=\"og:image\" content=\"https:\/\/earnado.com\/tr\/wp-content\/uploads\/2021\/11\/instagramgonderireklamvehesaptanitimi.png\" \/>\n\t<meta property=\"og:image:width\" content=\"800\" \/>\n\t<meta property=\"og:image:height\" content=\"400\" \/>\n\t<meta property=\"og:image:type\" content=\"image\/png\" \/>\n<meta name=\"author\" content=\"R\u00fcveyda \u00d6zkul\" \/>\n<meta name=\"twitter:card\" content=\"summary_large_image\" \/>\n<meta name=\"twitter:label1\" content=\"Yazan:\" \/>\n\t<meta name=\"twitter:data1\" content=\"R\u00fcveyda \u00d6zkul\" \/>\n\t<meta name=\"twitter:label2\" content=\"Tahmini okuma s\u00fcresi\" \/>\n\t<meta name=\"twitter:data2\" content=\"10 dakika\" \/>\n<script type=\"application\/ld+json\" class=\"yoast-schema-graph\">{\"@context\":\"https:\/\/schema.org\",\"@graph\":[{\"@type\":\"WebPage\",\"@id\":\"https:\/\/earnado.com\/tr\/instagram-tanitimi-yapma-ve-reklam-verme\/\",\"url\":\"https:\/\/earnado.com\/tr\/instagram-tanitimi-yapma-ve-reklam-verme\/\",\"name\":\"Instagram Hesab\u0131 Tan\u0131t\u0131m\u0131 Yapmak ve Reklam Vermek Nas\u0131l Yap\u0131l\u0131r?\",\"isPartOf\":{\"@id\":\"https:\/\/earnado.com\/tr\/#website\"},\"primaryImageOfPage\":{\"@id\":\"https:\/\/earnado.com\/tr\/instagram-tanitimi-yapma-ve-reklam-verme\/#primaryimage\"},\"image\":{\"@id\":\"https:\/\/earnado.com\/tr\/instagram-tanitimi-yapma-ve-reklam-verme\/#primaryimage\"},\"thumbnailUrl\":\"https:\/\/earnado.com\/tr\/wp-content\/uploads\/2021\/11\/instagramgonderireklamvehesaptanitimi.png\",\"datePublished\":\"2021-11-01T12:12:33+00:00\",\"dateModified\":\"2023-01-05T14:17:07+00:00\",\"author\":{\"@id\":\"https:\/\/earnado.com\/tr\/#\/schema\/person\/691092cc68a8531da63e6592eceb3900\"},\"description\":\"Instagram hesab\u0131n\u0131z\u0131 nas\u0131l tan\u0131t\u0131rs\u0131n\u0131z? Instagram \u00fczerinden nas\u0131l reklam verilir? En etkili stratejiler nelerdir? \u00d6rneklerle anlatt\u0131k.\",\"inLanguage\":\"tr\",\"potentialAction\":[{\"@type\":\"ReadAction\",\"target\":[\"https:\/\/earnado.com\/tr\/instagram-tanitimi-yapma-ve-reklam-verme\/\"]}]},{\"@type\":\"ImageObject\",\"inLanguage\":\"tr\",\"@id\":\"https:\/\/earnado.com\/tr\/instagram-tanitimi-yapma-ve-reklam-verme\/#primaryimage\",\"url\":\"https:\/\/earnado.com\/tr\/wp-content\/uploads\/2021\/11\/instagramgonderireklamvehesaptanitimi.png\",\"contentUrl\":\"https:\/\/earnado.com\/tr\/wp-content\/uploads\/2021\/11\/instagramgonderireklamvehesaptanitimi.png\",\"width\":800,\"height\":400,\"caption\":\"instagramgonderireklamvehesaptanitimi\"},{\"@type\":\"WebSite\",\"@id\":\"https:\/\/earnado.com\/tr\/#website\",\"url\":\"https:\/\/earnado.com\/tr\/\",\"name\":\"Earnado\",\"description\":\"\u0130\u015finizi Kafan\u0131zda De\u011fil \u0130nternette B\u00fcy\u00fct\u00fcn!\",\"potentialAction\":[{\"@type\":\"SearchAction\",\"target\":{\"@type\":\"EntryPoint\",\"urlTemplate\":\"https:\/\/earnado.com\/tr\/?s={search_term_string}\"},\"query-input\":\"required name=search_term_string\"}],\"inLanguage\":\"tr\"},{\"@type\":\"Person\",\"@id\":\"https:\/\/earnado.com\/tr\/#\/schema\/person\/691092cc68a8531da63e6592eceb3900\",\"name\":\"R\u00fcveyda \u00d6zkul\",\"image\":{\"@type\":\"ImageObject\",\"inLanguage\":\"tr\",\"@id\":\"https:\/\/earnado.com\/tr\/#\/schema\/person\/image\/\",\"url\":\"https:\/\/secure.gravatar.com\/avatar\/e169216f608d9c2907a62cb389b9e484b9deee3bf590b43cdc0a86d89c903908?s=96&d=mm&r=g\",\"contentUrl\":\"https:\/\/secure.gravatar.com\/avatar\/e169216f608d9c2907a62cb389b9e484b9deee3bf590b43cdc0a86d89c903908?s=96&d=mm&r=g\",\"caption\":\"R\u00fcveyda \u00d6zkul\"},\"description\":\"Erciyes \u00dcniversitesi \u0130\u015fletme B\u00f6l\u00fcm\u00fc mezunuyum. Dijital pazarlama ve \u0130nsan Kaynaklar\u0131 alanlar\u0131na ilgi duyuyorum. i\u015fletme b\u00f6l\u00fcm\u00fcnde e\u011fitim g\u00f6rd\u00fckten sonra ilgi alan\u0131m\u0131n pazarlama ve y\u00f6netim \u00fczerine oldu\u011funu farkettim. Bu alanlar \u00fczerinde kendimi geli\u015ftirmek ve bilgi birikimimi artt\u0131rmak i\u00e7in elimden geldi\u011fince ara\u015ft\u0131rma yap\u0131p videolar izleyip \u00e7e\u015fitli yaz\u0131lar okumaya \u00f6zen g\u00f6sterdim. Ayr\u0131ca hala devam eden kurs ve e\u011fitimleri takip edip kat\u0131l\u0131yorum. Ara\u015ft\u0131r\u0131p \u00f6\u011frenmeyi kendimi geli\u015ftirmeyi \u00e7ok seviyorum.\",\"sameAs\":[\"https:\/\/instagram.com\/rvydaozkul?r=nametag\",\"https:\/\/www.linkedin.com\/in\/ruveyda-zkul-409b51113\"],\"url\":\"https:\/\/earnado.com\/tr\/author\/ruveydazkloutlook-com\/\"}]}<\/script>\n<!-- \/ Yoast SEO plugin. -->","yoast_head_json":{"title":"Instagram Hesab\u0131 Tan\u0131t\u0131m\u0131 Yapmak ve Reklam Vermek Nas\u0131l Yap\u0131l\u0131r?","description":"Instagram hesab\u0131n\u0131z\u0131 nas\u0131l tan\u0131t\u0131rs\u0131n\u0131z? Instagram \u00fczerinden nas\u0131l reklam verilir? En etkili stratejiler nelerdir? \u00d6rneklerle anlatt\u0131k.","robots":{"index":"index","follow":"follow","max-snippet":"max-snippet:-1","max-image-preview":"max-image-preview:large","max-video-preview":"max-video-preview:-1"},"canonical":"https:\/\/earnado.com\/tr\/instagram-tanitimi-yapma-ve-reklam-verme\/","og_locale":"tr_TR","og_type":"article","og_title":"Instagram Hesab\u0131 Tan\u0131t\u0131m\u0131 Yapmak ve Reklam Vermek Nas\u0131l Yap\u0131l\u0131r?","og_description":"Instagram hesab\u0131n\u0131z\u0131 nas\u0131l tan\u0131t\u0131rs\u0131n\u0131z? Instagram \u00fczerinden nas\u0131l reklam verilir? En etkili stratejiler nelerdir? \u00d6rneklerle anlatt\u0131k.","og_url":"https:\/\/earnado.com\/tr\/instagram-tanitimi-yapma-ve-reklam-verme\/","og_site_name":"Earnado","article_published_time":"2021-11-01T12:12:33+00:00","article_modified_time":"2023-01-05T14:17:07+00:00","og_image":[{"width":800,"height":400,"url":"https:\/\/earnado.com\/tr\/wp-content\/uploads\/2021\/11\/instagramgonderireklamvehesaptanitimi.png","type":"image\/png"}],"author":"R\u00fcveyda \u00d6zkul","twitter_card":"summary_large_image","twitter_misc":{"Yazan:":"R\u00fcveyda \u00d6zkul","Tahmini okuma s\u00fcresi":"10 dakika"},"schema":{"@context":"https:\/\/schema.org","@graph":[{"@type":"WebPage","@id":"https:\/\/earnado.com\/tr\/instagram-tanitimi-yapma-ve-reklam-verme\/","url":"https:\/\/earnado.com\/tr\/instagram-tanitimi-yapma-ve-reklam-verme\/","name":"Instagram Hesab\u0131 Tan\u0131t\u0131m\u0131 Yapmak ve Reklam Vermek Nas\u0131l Yap\u0131l\u0131r?","isPartOf":{"@id":"https:\/\/earnado.com\/tr\/#website"},"primaryImageOfPage":{"@id":"https:\/\/earnado.com\/tr\/instagram-tanitimi-yapma-ve-reklam-verme\/#primaryimage"},"image":{"@id":"https:\/\/earnado.com\/tr\/instagram-tanitimi-yapma-ve-reklam-verme\/#primaryimage"},"thumbnailUrl":"https:\/\/earnado.com\/tr\/wp-content\/uploads\/2021\/11\/instagramgonderireklamvehesaptanitimi.png","datePublished":"2021-11-01T12:12:33+00:00","dateModified":"2023-01-05T14:17:07+00:00","author":{"@id":"https:\/\/earnado.com\/tr\/#\/schema\/person\/691092cc68a8531da63e6592eceb3900"},"description":"Instagram hesab\u0131n\u0131z\u0131 nas\u0131l tan\u0131t\u0131rs\u0131n\u0131z? Instagram \u00fczerinden nas\u0131l reklam verilir? En etkili stratejiler nelerdir? \u00d6rneklerle anlatt\u0131k.","inLanguage":"tr","potentialAction":[{"@type":"ReadAction","target":["https:\/\/earnado.com\/tr\/instagram-tanitimi-yapma-ve-reklam-verme\/"]}]},{"@type":"ImageObject","inLanguage":"tr","@id":"https:\/\/earnado.com\/tr\/instagram-tanitimi-yapma-ve-reklam-verme\/#primaryimage","url":"https:\/\/earnado.com\/tr\/wp-content\/uploads\/2021\/11\/instagramgonderireklamvehesaptanitimi.png","contentUrl":"https:\/\/earnado.com\/tr\/wp-content\/uploads\/2021\/11\/instagramgonderireklamvehesaptanitimi.png","width":800,"height":400,"caption":"instagramgonderireklamvehesaptanitimi"},{"@type":"WebSite","@id":"https:\/\/earnado.com\/tr\/#website","url":"https:\/\/earnado.com\/tr\/","name":"Earnado","description":"\u0130\u015finizi Kafan\u0131zda De\u011fil \u0130nternette B\u00fcy\u00fct\u00fcn!","potentialAction":[{"@type":"SearchAction","target":{"@type":"EntryPoint","urlTemplate":"https:\/\/earnado.com\/tr\/?s={search_term_string}"},"query-input":"required name=search_term_string"}],"inLanguage":"tr"},{"@type":"Person","@id":"https:\/\/earnado.com\/tr\/#\/schema\/person\/691092cc68a8531da63e6592eceb3900","name":"R\u00fcveyda \u00d6zkul","image":{"@type":"ImageObject","inLanguage":"tr","@id":"https:\/\/earnado.com\/tr\/#\/schema\/person\/image\/","url":"https:\/\/secure.gravatar.com\/avatar\/e169216f608d9c2907a62cb389b9e484b9deee3bf590b43cdc0a86d89c903908?s=96&d=mm&r=g","contentUrl":"https:\/\/secure.gravatar.com\/avatar\/e169216f608d9c2907a62cb389b9e484b9deee3bf590b43cdc0a86d89c903908?s=96&d=mm&r=g","caption":"R\u00fcveyda \u00d6zkul"},"description":"Erciyes \u00dcniversitesi \u0130\u015fletme B\u00f6l\u00fcm\u00fc mezunuyum. Dijital pazarlama ve \u0130nsan Kaynaklar\u0131 alanlar\u0131na ilgi duyuyorum. i\u015fletme b\u00f6l\u00fcm\u00fcnde e\u011fitim g\u00f6rd\u00fckten sonra ilgi alan\u0131m\u0131n pazarlama ve y\u00f6netim \u00fczerine oldu\u011funu farkettim. Bu alanlar \u00fczerinde kendimi geli\u015ftirmek ve bilgi birikimimi artt\u0131rmak i\u00e7in elimden geldi\u011fince ara\u015ft\u0131rma yap\u0131p videolar izleyip \u00e7e\u015fitli yaz\u0131lar okumaya \u00f6zen g\u00f6sterdim. Ayr\u0131ca hala devam eden kurs ve e\u011fitimleri takip edip kat\u0131l\u0131yorum. Ara\u015ft\u0131r\u0131p \u00f6\u011frenmeyi kendimi geli\u015ftirmeyi \u00e7ok seviyorum.","sameAs":["https:\/\/instagram.com\/rvydaozkul?r=nametag","https:\/\/www.linkedin.com\/in\/ruveyda-zkul-409b51113"],"url":"https:\/\/earnado.com\/tr\/author\/ruveydazkloutlook-com\/"}]}},"_links":{"self":[{"href":"https:\/\/earnado.com\/tr\/wp-json\/wp\/v2\/posts\/50295","targetHints":{"allow":["GET"]}}],"collection":[{"href":"https:\/\/earnado.com\/tr\/wp-json\/wp\/v2\/posts"}],"about":[{"href":"https:\/\/earnado.com\/tr\/wp-json\/wp\/v2\/types\/post"}],"author":[{"embeddable":true,"href":"https:\/\/earnado.com\/tr\/wp-json\/wp\/v2\/users\/266"}],"replies":[{"embeddable":true,"href":"https:\/\/earnado.com\/tr\/wp-json\/wp\/v2\/comments?post=50295"}],"version-history":[{"count":3,"href":"https:\/\/earnado.com\/tr\/wp-json\/wp\/v2\/posts\/50295\/revisions"}],"predecessor-version":[{"id":57373,"href":"https:\/\/earnado.com\/tr\/wp-json\/wp\/v2\/posts\/50295\/revisions\/57373"}],"wp:featuredmedia":[{"embeddable":true,"href":"https:\/\/earnado.com\/tr\/wp-json\/wp\/v2\/media\/50800"}],"wp:attachment":[{"href":"https:\/\/earnado.com\/tr\/wp-json\/wp\/v2\/media?parent=50295"}],"wp:term":[{"taxonomy":"category","embeddable":true,"href":"https:\/\/earnado.com\/tr\/wp-json\/wp\/v2\/categories?post=50295"},{"taxonomy":"post_tag","embeddable":true,"href":"https:\/\/earnado.com\/tr\/wp-json\/wp\/v2\/tags?post=50295"}],"curies":[{"name":"wp","href":"https:\/\/api.w.org\/{rel}","templated":true}]}}