{"id":50415,"date":"2021-11-01T15:08:49","date_gmt":"2021-11-01T12:08:49","guid":{"rendered":"http:\/\/earnado.com\/tr\/?p=50415"},"modified":"2023-01-05T17:17:15","modified_gmt":"2023-01-05T14:17:15","slug":"instagram-icerigi-ve-icerik-plani-nasil-olusturulmali","status":"publish","type":"post","link":"https:\/\/earnado.com\/tr\/instagram-icerigi-ve-icerik-plani-nasil-olusturulmali\/","title":{"rendered":"Instagram \u0130\u00e7in \u0130\u00e7erik ve \u0130\u00e7erik Plan\u0131 Nas\u0131l Olu\u015fturulmal\u0131?"},"content":{"rendered":"<p>S\u0130Z\u0130Instagram g\u00fcn\u00fcm\u00fczde 1 milyar \u00a0aktif kullan\u0131c\u0131s\u0131yla s\u00fcrekli kendini yenileyen dinami\u011fe sahip bir sosyal medya platformu. Instagram kullan\u0131c\u0131lar\u0131n\u0131n g\u00fcnde ortalama 30 dakika harcad\u0131\u011f\u0131 biliniyor. Severek takip etti\u011fimiz ki\u015filerin, markalar\u0131n Instagram i\u00e7eriklerini be\u011fenirken nas\u0131l ba\u015far\u0131l\u0131 olduklar\u0131n\u0131 hi\u00e7 d\u00fc\u015f\u00fcnd\u00fck m\u00fc? E\u011fer bir Instagram sayfan\u0131z varsa ve siz de ba\u015far\u0131l\u0131 <strong>Instagram i\u00e7erikleri<\/strong> ve Instagram i\u00e7erik plan\u0131 olu\u015fturmak istiyorsan\u0131z bu yaz\u0131 tam olarak size g\u00f6re.<\/p>\n<h2>Do\u011fru Instagram Profili Nas\u0131l Olu\u015fturulur?<\/h2>\n<p>\u00d6ncelikle i\u00e7erik planlamaya ge\u00e7meden yapaca\u011f\u0131n\u0131z en do\u011fru ad\u0131m Instagram profil bilgilerinizin do\u011fru ve eksiksiz olmas\u0131d\u0131r. \u0130leti\u015fim bilgileri, websitesi, hizmetler gibi kullan\u0131c\u0131lar\u0131n ula\u015fmak istedi\u011fi bilgilerin ula\u015f\u0131labilir olmas\u0131 i\u015finizi hayli kolayla\u015ft\u0131racakt\u0131r. Boxycharm\u2019 \u0131n Instagram hesab\u0131na giren bir kullan\u0131c\u0131 websitesi ve di\u011fer sosyal medya hesap bilgilerine ula\u015fabilir. Bu da kullan\u0131c\u0131 i\u00e7in kullan\u0131m rahatl\u0131\u011f\u0131 vermenin yan\u0131 s\u0131ra profil sahibinin hedef kitleye ula\u015fmas\u0131n\u0131 sa\u011flayacakt\u0131r.<\/p>\n<p><img fetchpriority=\"high\" decoding=\"async\" class=\"aligncenter wp-image-50420 size-full\" src=\"https:\/\/earnado.com\/tr\/wp-content\/uploads\/2021\/10\/Ekran-Goruntusu-54-e1634415342102.png\" alt=\"instagrami\u00e7erik\" width=\"766\" height=\"255\" \/><\/p>\n<p>\u0130lk etapta <strong>Instagram i\u00e7erik plan\u0131<\/strong> pusulan\u0131z olur ve y\u00f6n\u00fcn\u00fcz\u00fc bulmak ad\u0131na size \u00e7ok faydal\u0131 olacakt\u0131r. Platformda stratejik bir Instagram i\u00e7eri\u011fi size hem zaman hem de ba\u015far\u0131 kazand\u0131racakt\u0131r. Instagram hesab\u0131n\u0131z\u0131 hangi amaca y\u00f6nelik olarak, hangi kitleye hitaben yapt\u0131\u011f\u0131n\u0131z\u0131 belirledikten sonra i\u00e7erik plan\u0131 olu\u015fturma a\u015famas\u0131na ge\u00e7ebilirsiniz. \u00a0Bu planlamalar\u0131 ne do\u011frultuda yapaca\u011f\u0131n\u0131z\u0131 6 temel ad\u0131mda inceleyelim.<\/p>\n<h2>G\u00f6rsel Tema Belirleyerek Ba\u015flay\u0131n<\/h2>\n<p>Instagram \u00f6ncelikle g\u00f6ze hitap eden bir platform oldu\u011fu i\u00e7in hedef kitlenin ilgisini ilk etapta g\u00f6rsellikle \u00e7ekebilirsiniz. Bunun i\u00e7in sayfan\u0131za uygun ve \u00f6zg\u00fcn bir tema bulmak ilk ad\u0131m i\u00e7in \u00e7ok \u00f6nemlidir. Instagram sayfan\u0131za bak\u0131ld\u0131\u011f\u0131nda estetik ve b\u00fct\u00fcnsel duran bir g\u00f6r\u00fcn\u00fc\u015f kimli\u011finiz i\u00e7in i\u015fe yaray\u0131c\u0131 olacakt\u0131r. Bu temalar\u0131 olu\u015ftururken her sayfan\u0131n kendi dinami\u011fine g\u00f6re bir yol izlemesi gerekmektedir. Sayfan\u0131zla uyum i\u00e7inde bir tema belilemelisiniz. Bu sayede Instagram hesab\u0131n\u0131z\u0131 ilgi \u00e7ekici ve kullan\u0131c\u0131lar\u0131n oda\u011f\u0131nda olan bir profile d\u00f6n\u00fc\u015fecektir.<\/p>\n<p>\u00d6rnek olmas\u0131 a\u00e7\u0131s\u0131ndan ho\u015funuza giden, g\u00f6rsel olarak ilgi \u00e7ekici Instagram hesaplar\u0131n\u0131 inceleyerek i\u015fe ba\u015flayabilirsiniz. Do\u011fal \u00fcr\u00fcnler pazarlayan bir Instagram hesab\u0131 daha soft bir tema kullan\u0131rken moda ile ilgili bir marka renkli bir tema belirleyebilir.<\/p>\n<p style=\"text-align: left;\"><img decoding=\"async\" class=\"wp-image-50422 size-medium aligncenter\" src=\"https:\/\/earnado.com\/tr\/wp-content\/uploads\/2021\/10\/Ekran-Goruntusu-57-300x300.png\" alt=\"instagram i\u00e7erik plan\u0131\" width=\"300\" height=\"300\" srcset=\"https:\/\/earnado.com\/tr\/wp-content\/uploads\/2021\/10\/Ekran-Goruntusu-57-300x300.png 300w, https:\/\/earnado.com\/tr\/wp-content\/uploads\/2021\/10\/Ekran-Goruntusu-57-150x150.png 150w, https:\/\/earnado.com\/tr\/wp-content\/uploads\/2021\/10\/Ekran-Goruntusu-57-400x400.png 400w, https:\/\/earnado.com\/tr\/wp-content\/uploads\/2021\/10\/Ekran-Goruntusu-57-75x75.png 75w, https:\/\/earnado.com\/tr\/wp-content\/uploads\/2021\/10\/Ekran-Goruntusu-57-460x460.png 460w, https:\/\/earnado.com\/tr\/wp-content\/uploads\/2021\/10\/Ekran-Goruntusu-57-100x100.png 100w, https:\/\/earnado.com\/tr\/wp-content\/uploads\/2021\/10\/Ekran-Goruntusu-57.png 469w\" sizes=\"(max-width: 300px) 100vw, 300px\" \/><\/p>\n<p style=\"text-align: left;\">\u00d6rne\u011fin M\u00b7A\u00b7C Cosmetics\u2019in Instagram hesab\u0131nda k\u0131rm\u0131z\u0131 teman\u0131n hakim oldu\u011fu bir i\u00e7erik plan\u0131 g\u00f6r\u00fcyoruz. Kullan\u0131c\u0131lar\u0131n uygulamal\u0131 olarak \u00fcr\u00fcnleri tan\u0131yabildi\u011fi bu temada b\u00fct\u00fcnsel bir g\u00f6r\u00fcnt\u00fcy\u00fc fark edebiliyoruz. Kaliteli \u00e7ekilmi\u015f foto\u011fraf ve videolar kullan\u0131c\u0131larda estetik olarak dikkat \u00e7ekmektedir. Bunun i\u00e7in kendi Instagram hesab\u0131n\u0131z\u0131n ruhuna en uygun temay\u0131 bulmal\u0131 ve tasarlamal\u0131s\u0131n\u0131z.<\/p>\n<p style=\"text-align: left;\">Payla\u015f\u0131mlar\u0131n daha ilgi \u00e7ekici olabilmesi i\u00e7in \u00e7e\u015fitli foto\u011fraf ve video uygulamalar\u0131 kullanmak i\u015finizi kolayla\u015ft\u0131racakt\u0131r. Mesela g\u00f6nderi boyutlar\u0131n\u0131z\u0131 \u015fekillendirmek ad\u0131na Canva veya SparkPost uygulamalar\u0131 faydal\u0131 olacakt\u0131r. G\u00f6nderilerinizdeki renk b\u00fct\u00fcnl\u00fc\u011f\u00fcn\u00fc sa\u011flamak i\u00e7in Lightroom veya VSCO gibi alternatif uygulamalar, video yay\u0131nlar\u0131n\u0131z i\u00e7in InShot uygulamas\u0131 kullan\u0131\u015fl\u0131 olabilir.<\/p>\n<h2>Yarat\u0131c\u0131 ve Do\u011fru Payla\u015f\u0131mlar \u00dcretin<\/h2>\n<p>Teman\u0131z\u0131 haz\u0131rlad\u0131n\u0131z ve payla\u015f\u0131mlar\u0131n\u0131z\u0131 ne \u015fekilde yapaca\u011f\u0131n\u0131z\u0131 d\u00fc\u015f\u00fcn\u00fcyorsunuz. Markan\u0131za veya ki\u015fisel Instagram hesab\u0131n\u0131za \u00f6zel do\u011fru zamanda ve do\u011fru foto\u011fraf tercihleriyle ilgi \u00e7ekici payla\u015f\u0131mlar yapmal\u0131s\u0131n\u0131z. \u00d6rne\u011fin zaman\u0131n ruhuna uymayan payla\u015f\u0131mlar sizin i\u00e7in ho\u015f sonu\u00e7lar do\u011furmayabilir mesela yaz mevsiminde k\u0131\u015f konseptli bir payla\u015f\u0131m takip\u00e7iler taraf\u0131ndan ilgi g\u00f6rmeyebilir. G\u00f6rsellik Instagram\u2019 \u0131n yap\u0131 ta\u015f\u0131 oldu\u011fu i\u00e7in kaliteli \u00e7ekilmi\u015f foto\u011fraflar, videolar takip\u00e7ilerin oda\u011f\u0131nda olman\u0131z\u0131 sa\u011flayacakt\u0131r. 500 milyon Instagram hesab\u0131 her g\u00fcn Instagram hikayelerini kullanmakta. Kullan\u0131c\u0131larla her an etkile\u015fim halinde olabilece\u011finiz e\u011flenceli, ilham verici hikayeler sizi ileriye g\u00f6t\u00fcrecektir. Instagram\u0131n hikayeler k\u0131sm\u0131n\u0131n yan\u0131 s\u0131ra yarat\u0131c\u0131 IGTV ve Reels videolar\u0131 ile yeni kitlelere ula\u015fabilir sayfan\u0131n bilinirlili\u011fini art\u0131rabilirsiniz. \u0130leriki d\u00f6nemlerde i\u00e7erik zorlu\u011fu ya\u015famamak i\u00e7in g\u00f6rselleri depolayabilir, i\u00e7erik takviminize g\u00f6re payla\u015f\u0131mlar\u0131n\u0131z\u0131 yapabilirsiniz.<\/p>\n<p><img decoding=\"async\" class=\"wp-image-50424 size-full aligncenter\" src=\"https:\/\/earnado.com\/tr\/wp-content\/uploads\/2021\/10\/Ekran-Goruntusu-58.png\" alt=\"instagrami\u00e7erik\" width=\"472\" height=\"466\" srcset=\"https:\/\/earnado.com\/tr\/wp-content\/uploads\/2021\/10\/Ekran-Goruntusu-58.png 472w, https:\/\/earnado.com\/tr\/wp-content\/uploads\/2021\/10\/Ekran-Goruntusu-58-300x296.png 300w, https:\/\/earnado.com\/tr\/wp-content\/uploads\/2021\/10\/Ekran-Goruntusu-58-75x75.png 75w, https:\/\/earnado.com\/tr\/wp-content\/uploads\/2021\/10\/Ekran-Goruntusu-58-100x100.png 100w\" sizes=\"(max-width: 472px) 100vw, 472px\" \/><\/p>\n<p>Global bir giyim markas\u0131 olan Mango\u2019 nun k\u0131\u015f aylar\u0131na \u00f6zel olu\u015fturdu\u011fu i\u00e7erik plan\u0131nda takip\u00e7i kitlesinin dikkatini \u00e7ekecek payla\u015f\u0131mlar yapt\u0131\u011f\u0131n\u0131 g\u00f6r\u00fcyoruz. Zamana ve ihtiya\u00e7lara uygun bir i\u00e7erik planlamas\u0131 Instagram hesab\u0131n\u0131z\u0131n bilinirli\u011fini art\u0131racakt\u0131r.<\/p>\n<h2>\u0130\u00e7erik Plan\u0131n\u0131z\u0131 Haz\u0131rlay\u0131n<\/h2>\n<p>Bir yola ba\u015flarken elimizde rotalar\u0131m\u0131z\u0131n olmas\u0131 i\u015fimizi kolayla\u015ft\u0131racakt\u0131r. \u0130\u00e7erik planlar\u0131n\u0131z\u0131 da bu \u015fekilde d\u00fc\u015f\u00fcnmelisiniz. Yapman\u0131z gereken hangi i\u00e7erikleri ne zaman payla\u015fman\u0131z daha aktif olman\u0131z\u0131 sa\u011flar bunu tespit etmelisiniz. \u00d6zel g\u00fcnler, mevsimlere g\u00f6re ilgi \u00e7ekici konseptler veya son g\u00fcnlerde trend olan konular\u2026 Bunlar hedef kitleniz i\u00e7in do\u011fru zamanda do\u011fru payla\u015f\u0131mlarla sizi daha ba\u015far\u0131l\u0131 hale getirecektir. Yap\u0131lan istatiksel ara\u015ft\u0131rmalarda Instagram\u2019\u0131 en s\u0131k kullanan ya\u015f aral\u0131\u011f\u0131 25-34 ya\u015f aras\u0131 oldu\u011fu ortaya \u00e7\u0131km\u0131\u015ft\u0131r. Bunu 18-24 ya\u015f aras\u0131 kullan\u0131c\u0131lar takip etmektedir. Siz de hedef kitlenizin hangi grupta yer ald\u0131\u011f\u0131n\u0131 bilerek planlaman\u0131z\u0131 yapmal\u0131s\u0131n\u0131z.<\/p>\n<p>\u0130\u00e7erik pazarlamac\u0131lar\u0131 ne yay\u0131nlayacaklar\u0131na karar vermek i\u00e7in pazarlama matrisini kullanmaktad\u0131rlar. Instagram i\u00e7eri\u011finiz, takip\u00e7i kitlenize ve konseptinize ba\u011fl\u0131 olarak e\u011flendirmeli, e\u011fitmeli, ilham vermeli veya ikna etmelidir.<\/p>\n<p><em><img loading=\"lazy\" decoding=\"async\" class=\"wp-image-50425 size-full aligncenter\" src=\"https:\/\/earnado.com\/tr\/wp-content\/uploads\/2021\/10\/iii.png\" alt=\"instagram i\u00e7in i\u00e7erik plan\u0131\" width=\"697\" height=\"699\" srcset=\"https:\/\/earnado.com\/tr\/wp-content\/uploads\/2021\/10\/iii.png 697w, https:\/\/earnado.com\/tr\/wp-content\/uploads\/2021\/10\/iii-300x300.png 300w, https:\/\/earnado.com\/tr\/wp-content\/uploads\/2021\/10\/iii-150x150.png 150w, https:\/\/earnado.com\/tr\/wp-content\/uploads\/2021\/10\/iii-400x400.png 400w, https:\/\/earnado.com\/tr\/wp-content\/uploads\/2021\/10\/iii-75x75.png 75w, https:\/\/earnado.com\/tr\/wp-content\/uploads\/2021\/10\/iii-460x460.png 460w, https:\/\/earnado.com\/tr\/wp-content\/uploads\/2021\/10\/iii-600x602.png 600w, https:\/\/earnado.com\/tr\/wp-content\/uploads\/2021\/10\/iii-100x100.png 100w\" sizes=\"(max-width: 697px) 100vw, 697px\" \/><\/em><\/p>\n<p><em>SmartInsights&#8217;\u0131n olu\u015fturmu\u015f oldu\u011fu matriste g\u00f6rd\u00fc\u011f\u00fcm\u00fcz gibi takip\u00e7ilerin asl\u0131nda talep etti\u011fi \u015feylerin 4 temelden olu\u015ftu\u011funu ve buna g\u00f6re yapt\u0131\u011f\u0131n\u0131z payla\u015f\u0131mlar\u0131n sizi ba\u015far\u0131ya g\u00f6t\u00fcrece\u011fini d\u00fc\u015f\u00fcnebiliriz. Instagram sayfan\u0131z\u0131n konseptine g\u00f6re e\u011flenceli, e\u011fitici veya ilham verici payla\u015f\u0131mlar\u0131n\u0131z takip\u00e7ilerinizi i\u00e7eriklerinize \u00e7ekecektir.<\/em><\/p>\n<h3>Instagram \u0130\u00e7eriklerinize \u00d6zel Takvim Olu\u015fturun<\/h3>\n<p><img loading=\"lazy\" decoding=\"async\" class=\"alignnone wp-image-50429 size-full\" src=\"https:\/\/earnado.com\/tr\/wp-content\/uploads\/2021\/10\/il.jpg\" alt=\"instagrami\u00e7erik\" width=\"683\" height=\"512\" srcset=\"https:\/\/earnado.com\/tr\/wp-content\/uploads\/2021\/10\/il.jpg 683w, https:\/\/earnado.com\/tr\/wp-content\/uploads\/2021\/10\/il-300x225.jpg 300w, https:\/\/earnado.com\/tr\/wp-content\/uploads\/2021\/10\/il-600x450.jpg 600w\" sizes=\"(max-width: 683px) 100vw, 683px\" \/><\/p>\n<p>Bu ad\u0131m\u0131 atmak i\u00e7in Instagram hesab\u0131n\u0131za \u00f6zel bir g\u00f6nderi takvimi olu\u015fturman\u0131z zaman ve enerji olarak size \u00e7ok faydal\u0131 olacakt\u0131r. \u0130\u00e7eriklerinizi 2 hafta \u00f6nceden planlamak hem g\u00f6r\u00fcn\u00fc\u015f olarak size daha \u00e7ok fikir verecek hem de daha profesyonel kararlar alabileceksiniz. Takvim do\u011frultusunda ilerlerken g\u00fcncel konular\u0131 g\u00f6z ard\u0131 edersek bu durum Instagram hesab\u0131m\u0131za olumsuz yans\u0131yabilir. Trendleri ve kullan\u0131c\u0131lar\u0131n dikkatini daha \u00e7ok \u00e7eken i\u00e7erikleri de takip ederek bu planlamalar\u0131 yapmal\u0131s\u0131n\u0131z. Planoly gibi uygulamalarda payla\u015f\u0131mlar\u0131n\u0131z\u0131n plan\u0131n\u0131 yapabilir, Instagram i\u00e7erikleriniz i\u00e7in takvim olu\u015fturabilirsiniz. \u00d6zel g\u00fcnler veya dikkat \u00e7ekici olabilecek bir tarih i\u00e7in i\u00e7erik takvimi takip\u00e7ilerinizin sayfan\u0131za ilgisini art\u0131racakt\u0131r.<\/p>\n<h3>Payla\u015f\u0131mlar\u0131n\u0131za Do\u011fru A\u00e7\u0131klamalar Yap\u0131n<\/h3>\n<p><img loading=\"lazy\" decoding=\"async\" class=\"alignleft wp-image-50427 size-full\" src=\"https:\/\/earnado.com\/tr\/wp-content\/uploads\/2021\/10\/is.jpg\" alt=\"instagram-i\u00e7erik-plan\u0131\" width=\"1024\" height=\"445\" srcset=\"https:\/\/earnado.com\/tr\/wp-content\/uploads\/2021\/10\/is.jpg 1024w, https:\/\/earnado.com\/tr\/wp-content\/uploads\/2021\/10\/is-300x130.jpg 300w, https:\/\/earnado.com\/tr\/wp-content\/uploads\/2021\/10\/is-768x334.jpg 768w, https:\/\/earnado.com\/tr\/wp-content\/uploads\/2021\/10\/is-600x261.jpg 600w\" sizes=\"(max-width: 1024px) 100vw, 1024px\" \/>Instagram her ne kadar g\u00f6rsel bir platform olsa da sadece \u00e7ekilmi\u015f kaliteli foto\u011fraflar ve videolar s\u00fcreklilik i\u00e7in yeterli olmayacakt\u0131r.\u00a0 Payla\u015f\u0131mlar\u0131m\u0131z i\u00e7in do\u011fru g\u00f6rselleri se\u00e7tik ve art\u0131k a\u00e7\u0131klay\u0131c\u0131 bir altyaz\u0131ya ihtiyac\u0131m\u0131z var, peki nelere dikkat etmeliyiz? Instagram hesab\u0131m\u0131z\u0131n dinami\u011fine g\u00f6re payla\u015f\u0131mlar\u0131m\u0131z uzun bilgiler isteyen bir kitleye mi sahip, yoksa k\u0131sa ve net bilgilerin yeterli geldi\u011fi bir yap\u0131ya m\u0131 sahip? Bunlar\u0131n ayr\u0131m\u0131n\u0131 yaparak her payla\u015f\u0131m\u0131m\u0131za \u00f6zel e\u011flenceli veya ilham verici a\u00e7\u0131klamalar ba\u015far\u0131m\u0131z\u0131 etkileyecektir. Bu a\u00e7\u0131klamalara ek olarak sizi \u00f6nplana atayacak \u2018hashtag\u2019leri bulmal\u0131s\u0131n\u0131z. En son Instagram istatistikleri ortalama bir Instagram g\u00f6nderisinin 10.7 hashtag i\u00e7erdi\u011fini g\u00f6steriyor. Asl\u0131nda ara\u015ft\u0131rmalar alt\u0131 veya daha fazla hashtagin etkile\u015fimi azaltt\u0131\u011f\u0131n\u0131 g\u00f6stermi\u015ftir. Stratejik olarak bir i\u00e7erik planlamas\u0131 yapmay\u0131 d\u00fc\u015f\u00fcnd\u00fc\u011f\u00fcn\u00fcz i\u00e7in bu konuda ara\u015ft\u0131rmalara kulak vermelisiniz. Hashtag y\u00f6neticileri ile g\u00f6nderilerinizle alakal\u0131 farkl\u0131 hashtagleri se\u00e7meniz sizin i\u00e7in faydal\u0131 olacakt\u0131r.<\/p>\n<p>\u0130lginizi \u00c7ekebilir: <a href=\"https:\/\/earnado.com\/tr\/instagram-hesabi-gelistirme-buyutme-onerileri\/\">Uzmanlardan Instagram Hesab\u0131 Geli\u015ftirme \u00d6nerileri<\/a><\/p>\n<h3>Etkile\u015fim Oranlar\u0131n\u0131z\u0131 Takip Edin<\/h3>\n<p>Art\u0131k do\u011fru i\u00e7erikleri \u00fcretti\u011finizi d\u00fc\u015f\u00fcn\u00fcyorsunuz ve sistematik bir i\u00e7erik plan\u0131na sahipsiniz. S\u0131rada atman\u0131z gereken ad\u0131m takip\u00e7ilerinizin ilgisini hangi oranlarda \u00e7ekti\u011finizi takip etmektir. Bu sayede hangi payla\u015f\u0131mlar\u0131n\u0131z\u0131n ne kadar ilgi g\u00f6rd\u00fc\u011f\u00fcn\u00fc ve taleplerin ne y\u00f6nde oldu\u011funu \u00f6ng\u00f6rebilirsiniz. Bu da gelecekteki i\u00e7eriklerinizde fikir sahibi olman\u0131z\u0131 sa\u011flar. Instagram etkile\u015fimi, takip\u00e7ilerinizin Instagram i\u00e7eri\u011finize g\u00f6sterdi\u011fi kat\u0131l\u0131m derecesidir. Be\u011feniler, yorumlar veya payla\u015f\u0131mlar \u015feklinde olabilir.\u00a0 Kitleniz ile empati yoluna girebilir ve sizden beklenen payla\u015f\u0131mlar\u0131 do\u011fru \u015fekilde yapabilirsiniz. Instagram Insights ile her g\u00f6nderiniz i\u00e7in eri\u015fiminizi bulabilirsiniz. Bu metrik, g\u00f6nderinizi g\u00f6ren toplam ki\u015fi say\u0131s\u0131 hakk\u0131nda bilgi vererek sizin i\u015finizi kolayla\u015ft\u0131racakt\u0131r. G\u00f6nderinizin ne kadar ba\u015far\u0131l\u0131 oldu\u011funa dair \u00f6l\u00e7\u00fcm yaparak kitlenizin sevdi\u011fi payla\u015f\u0131mlar\u0131 analiz edebilirsiniz.<\/p>\n<p>\u0130\u00e7eriklerimizin payla\u015f\u0131m\u0131n\u0131 yapt\u0131ktan sonra takip\u00e7i kitlemizin hangi payla\u015f\u0131mlara ilgisinin oldu\u011funu g\u00f6rmek i\u015fimizi kolayla\u015ft\u0131racakt\u0131r. Hedef kitlemizi tan\u0131yarak, hangi g\u00fcnler veya saatlerde aktif olmam\u0131z gerekti\u011fini bilmeliyiz. S\u00fcrekli etkile\u015fim halinde oldu\u011funuz takip\u00e7ilerinizin beklentisine g\u00f6re payla\u015f\u0131mlarda bulunmak planlama a\u00e7\u0131s\u0131ndan kolayl\u0131k sa\u011flayacakt\u0131r. Ve tabi ki takip\u00e7i kitlesini tan\u0131m\u0131\u015f olman\u0131n verdi\u011fi avantajla sayfan\u0131z\u0131n her g\u00fcn veya daha az aral\u0131klarla payla\u015f\u0131m yapma ihtiyac\u0131n\u0131 ortaya koyacakt\u0131r.<\/p>\n<h3>Instagram Hesap Geli\u015ftirme Ad\u0131mlar\u0131<\/h3>\n<p>Her ay 1 milyar aktif kullan\u0131c\u0131s\u0131 olan sosyal medya platformu Instagram\u2019 \u0131 i\u015finizi b\u00fcy\u00fctmek i\u00e7in veya hayalinizdeki ilham verici hesaba kavu\u015fmak i\u00e7in kullan\u0131yor olabilirsiniz. Ba\u015flang\u0131\u00e7ta Instagram\u2019 \u0131 etkili kullanma hedefine sahiptiniz, hesab\u0131n\u0131z\u0131 eksiksiz ve net bilgilerle tan\u0131tt\u0131n\u0131z. Hayalinizdeki konulara uygun bir tema belirleyip g\u00f6rselli\u011fe \u00f6nem vererek takip\u00e7ilerinizin dikkatini \u00e7ektiniz. Temel konunun sadece foto\u011fraf veya video payla\u015f\u0131m\u0131ndan ge\u00e7medi\u011fini yarat\u0131c\u0131 ve do\u011fru payla\u015f\u0131mlar\u0131 bir i\u00e7erik plan\u0131na g\u00f6re y\u00f6netti\u011finizde ba\u015far\u0131ya ula\u015ft\u0131\u011f\u0131n\u0131z\u0131 g\u00f6rd\u00fcn\u00fcz. Sonraki ad\u0131m tabi ki i\u00e7eriklerin etkile\u015fim oranlar\u0131n\u0131 takip ederek bir i\u00e7erik takvimi olu\u015fturmak olacakt\u0131r. Kitlenizin ilgili oldu\u011fu i\u00e7eriklere ve Instagram hesab\u0131n\u0131z\u0131n ruhuna uygun payla\u015f\u0131mlar yaparak stratejinizi olu\u015fturmu\u015f olacaks\u0131n\u0131z. Do\u011fru a\u00e7\u0131klamalar ve etiketlerle sizi ke\u015ffedecek kitlenize art\u0131k merhaba diyebilirsiniz. Bu s\u00fcre\u00e7te Instagram hesab\u0131n\u0131z\u0131n karakterine uygun aral\u0131klarla payla\u015f\u0131mda bulunarak aktif olmay\u0131 unutmay\u0131n.<\/p>\n<h3><\/h3>\n","protected":false},"excerpt":{"rendered":"<p>S\u0130Z\u0130Instagram g\u00fcn\u00fcm\u00fczde 1 milyar \u00a0aktif kullan\u0131c\u0131s\u0131yla s\u00fcrekli kendini yenileyen dinami\u011fe sahip bir sosyal medya platformu. Instagram kullan\u0131c\u0131lar\u0131n\u0131n g\u00fcnde ortalama 30 dakika harcad\u0131\u011f\u0131 biliniyor. Severek takip etti\u011fimiz ki\u015filerin, markalar\u0131n Instagram i\u00e7eriklerini be\u011fenirken nas\u0131l ba\u015far\u0131l\u0131 olduklar\u0131n\u0131 hi\u00e7 d\u00fc\u015f\u00fcnd\u00fck m\u00fc? E\u011fer bir Instagram&#8230;<\/p>\n","protected":false},"author":275,"featured_media":50433,"comment_status":"open","ping_status":"open","sticky":false,"template":"","format":"standard","meta":{"footnotes":""},"categories":[851,244,62],"tags":[],"class_list":["post-50415","post","type-post","status-publish","format-standard","has-post-thumbnail","hentry","category-instagram-pazarlama","category-markalasma","category-sosyal-medya"],"yoast_head":"<!-- This site is optimized with the Yoast SEO plugin v22.7 - https:\/\/yoast.com\/wordpress\/plugins\/seo\/ -->\n<title>Instagram \u0130\u00e7in \u0130\u00e7erik ve \u0130\u00e7erik Plan\u0131 Nas\u0131l Olu\u015fturulmal\u0131? - Earnado<\/title>\n<meta name=\"description\" content=\"Instagram&#039;da i\u00e7erik olu\u015fturma ve i\u00e7erik planlama ile ilgili bu yaz\u0131m\u0131z\u0131 inceleyerek Instagram hesab\u0131n\u0131z\u0131 daha aktif hale getirebilirsiniz.\" \/>\n<meta name=\"robots\" content=\"index, follow, max-snippet:-1, max-image-preview:large, max-video-preview:-1\" \/>\n<link rel=\"canonical\" href=\"https:\/\/earnado.com\/tr\/instagram-icerigi-ve-icerik-plani-nasil-olusturulmali\/\" \/>\n<meta property=\"og:locale\" content=\"tr_TR\" \/>\n<meta property=\"og:type\" content=\"article\" \/>\n<meta property=\"og:title\" content=\"Instagram \u0130\u00e7in \u0130\u00e7erik ve \u0130\u00e7erik Plan\u0131 Nas\u0131l Olu\u015fturulmal\u0131? - Earnado\" \/>\n<meta property=\"og:description\" content=\"Instagram&#039;da i\u00e7erik olu\u015fturma ve i\u00e7erik planlama ile ilgili bu yaz\u0131m\u0131z\u0131 inceleyerek Instagram hesab\u0131n\u0131z\u0131 daha aktif hale getirebilirsiniz.\" \/>\n<meta property=\"og:url\" content=\"https:\/\/earnado.com\/tr\/instagram-icerigi-ve-icerik-plani-nasil-olusturulmali\/\" \/>\n<meta property=\"og:site_name\" content=\"Earnado\" \/>\n<meta property=\"article:published_time\" content=\"2021-11-01T12:08:49+00:00\" \/>\n<meta property=\"article:modified_time\" content=\"2023-01-05T14:17:15+00:00\" \/>\n<meta property=\"og:image\" content=\"https:\/\/earnado.com\/tr\/wp-content\/uploads\/2021\/10\/how-brands-can-leverage-instagram-in-a-work-from-home-mode-5eec4129ec8b3-1520x800-1-e1634415058695.png\" \/>\n\t<meta property=\"og:image:width\" content=\"800\" \/>\n\t<meta property=\"og:image:height\" content=\"421\" \/>\n\t<meta property=\"og:image:type\" content=\"image\/png\" \/>\n<meta name=\"author\" content=\"Meryem Do\u011fan\" \/>\n<meta name=\"twitter:card\" content=\"summary_large_image\" \/>\n<meta name=\"twitter:label1\" content=\"Yazan:\" \/>\n\t<meta name=\"twitter:data1\" content=\"Meryem Do\u011fan\" \/>\n\t<meta name=\"twitter:label2\" content=\"Tahmini okuma s\u00fcresi\" \/>\n\t<meta name=\"twitter:data2\" content=\"9 dakika\" \/>\n<script type=\"application\/ld+json\" class=\"yoast-schema-graph\">{\"@context\":\"https:\/\/schema.org\",\"@graph\":[{\"@type\":\"WebPage\",\"@id\":\"https:\/\/earnado.com\/tr\/instagram-icerigi-ve-icerik-plani-nasil-olusturulmali\/\",\"url\":\"https:\/\/earnado.com\/tr\/instagram-icerigi-ve-icerik-plani-nasil-olusturulmali\/\",\"name\":\"Instagram \u0130\u00e7in \u0130\u00e7erik ve \u0130\u00e7erik Plan\u0131 Nas\u0131l Olu\u015fturulmal\u0131? - Earnado\",\"isPartOf\":{\"@id\":\"https:\/\/earnado.com\/tr\/#website\"},\"primaryImageOfPage\":{\"@id\":\"https:\/\/earnado.com\/tr\/instagram-icerigi-ve-icerik-plani-nasil-olusturulmali\/#primaryimage\"},\"image\":{\"@id\":\"https:\/\/earnado.com\/tr\/instagram-icerigi-ve-icerik-plani-nasil-olusturulmali\/#primaryimage\"},\"thumbnailUrl\":\"https:\/\/earnado.com\/tr\/wp-content\/uploads\/2021\/10\/how-brands-can-leverage-instagram-in-a-work-from-home-mode-5eec4129ec8b3-1520x800-1-e1634415058695.png\",\"datePublished\":\"2021-11-01T12:08:49+00:00\",\"dateModified\":\"2023-01-05T14:17:15+00:00\",\"author\":{\"@id\":\"https:\/\/earnado.com\/tr\/#\/schema\/person\/9f1103dc259ecc15645629f8de30463b\"},\"description\":\"Instagram'da i\u00e7erik olu\u015fturma ve i\u00e7erik planlama ile ilgili bu yaz\u0131m\u0131z\u0131 inceleyerek Instagram hesab\u0131n\u0131z\u0131 daha aktif hale getirebilirsiniz.\",\"inLanguage\":\"tr\",\"potentialAction\":[{\"@type\":\"ReadAction\",\"target\":[\"https:\/\/earnado.com\/tr\/instagram-icerigi-ve-icerik-plani-nasil-olusturulmali\/\"]}]},{\"@type\":\"ImageObject\",\"inLanguage\":\"tr\",\"@id\":\"https:\/\/earnado.com\/tr\/instagram-icerigi-ve-icerik-plani-nasil-olusturulmali\/#primaryimage\",\"url\":\"https:\/\/earnado.com\/tr\/wp-content\/uploads\/2021\/10\/how-brands-can-leverage-instagram-in-a-work-from-home-mode-5eec4129ec8b3-1520x800-1-e1634415058695.png\",\"contentUrl\":\"https:\/\/earnado.com\/tr\/wp-content\/uploads\/2021\/10\/how-brands-can-leverage-instagram-in-a-work-from-home-mode-5eec4129ec8b3-1520x800-1-e1634415058695.png\",\"width\":800,\"height\":421,\"caption\":\"Instagrami\u00e7erik\"},{\"@type\":\"WebSite\",\"@id\":\"https:\/\/earnado.com\/tr\/#website\",\"url\":\"https:\/\/earnado.com\/tr\/\",\"name\":\"Earnado\",\"description\":\"\u0130\u015finizi Kafan\u0131zda De\u011fil \u0130nternette B\u00fcy\u00fct\u00fcn!\",\"potentialAction\":[{\"@type\":\"SearchAction\",\"target\":{\"@type\":\"EntryPoint\",\"urlTemplate\":\"https:\/\/earnado.com\/tr\/?s={search_term_string}\"},\"query-input\":\"required name=search_term_string\"}],\"inLanguage\":\"tr\"},{\"@type\":\"Person\",\"@id\":\"https:\/\/earnado.com\/tr\/#\/schema\/person\/9f1103dc259ecc15645629f8de30463b\",\"name\":\"Meryem Do\u011fan\",\"image\":{\"@type\":\"ImageObject\",\"inLanguage\":\"tr\",\"@id\":\"https:\/\/earnado.com\/tr\/#\/schema\/person\/image\/\",\"url\":\"https:\/\/secure.gravatar.com\/avatar\/718f1a507471dd94356c7c9987934a4afce804ce69bd00462d4d2fedbdeb0766?s=96&d=mm&r=g\",\"contentUrl\":\"https:\/\/secure.gravatar.com\/avatar\/718f1a507471dd94356c7c9987934a4afce804ce69bd00462d4d2fedbdeb0766?s=96&d=mm&r=g\",\"caption\":\"Meryem Do\u011fan\"},\"description\":\"Dokuz Eyl\u00fcl \u00dcniversitesi \u0130ktisat (\u0130ng.) b\u00f6l\u00fcm\u00fcnden mezunum. Finans alan\u0131nda kendimi geli\u015ftirmeyi ve dijital pazarlamay\u0131 etkili bir \u015fekilde \u00f6\u011frenerek kariyerime devam etmeyi hedefliyorum. Yarat\u0131c\u0131 ve insanlara yarar\u0131 olacak i\u015flerde kendimi g\u00f6rmeyi \u00e7ok istiyorum.\",\"sameAs\":[\"https:\/\/www.linkedin.com\/in\/meryem-doan-62b823191\"],\"url\":\"https:\/\/earnado.com\/tr\/author\/meryemdogan24gmail-com\/\"}]}<\/script>\n<!-- \/ Yoast SEO plugin. -->","yoast_head_json":{"title":"Instagram \u0130\u00e7in \u0130\u00e7erik ve \u0130\u00e7erik Plan\u0131 Nas\u0131l Olu\u015fturulmal\u0131? - Earnado","description":"Instagram'da i\u00e7erik olu\u015fturma ve i\u00e7erik planlama ile ilgili bu yaz\u0131m\u0131z\u0131 inceleyerek Instagram hesab\u0131n\u0131z\u0131 daha aktif hale getirebilirsiniz.","robots":{"index":"index","follow":"follow","max-snippet":"max-snippet:-1","max-image-preview":"max-image-preview:large","max-video-preview":"max-video-preview:-1"},"canonical":"https:\/\/earnado.com\/tr\/instagram-icerigi-ve-icerik-plani-nasil-olusturulmali\/","og_locale":"tr_TR","og_type":"article","og_title":"Instagram \u0130\u00e7in \u0130\u00e7erik ve \u0130\u00e7erik Plan\u0131 Nas\u0131l Olu\u015fturulmal\u0131? - Earnado","og_description":"Instagram'da i\u00e7erik olu\u015fturma ve i\u00e7erik planlama ile ilgili bu yaz\u0131m\u0131z\u0131 inceleyerek Instagram hesab\u0131n\u0131z\u0131 daha aktif hale getirebilirsiniz.","og_url":"https:\/\/earnado.com\/tr\/instagram-icerigi-ve-icerik-plani-nasil-olusturulmali\/","og_site_name":"Earnado","article_published_time":"2021-11-01T12:08:49+00:00","article_modified_time":"2023-01-05T14:17:15+00:00","og_image":[{"width":800,"height":421,"url":"https:\/\/earnado.com\/tr\/wp-content\/uploads\/2021\/10\/how-brands-can-leverage-instagram-in-a-work-from-home-mode-5eec4129ec8b3-1520x800-1-e1634415058695.png","type":"image\/png"}],"author":"Meryem Do\u011fan","twitter_card":"summary_large_image","twitter_misc":{"Yazan:":"Meryem Do\u011fan","Tahmini okuma s\u00fcresi":"9 dakika"},"schema":{"@context":"https:\/\/schema.org","@graph":[{"@type":"WebPage","@id":"https:\/\/earnado.com\/tr\/instagram-icerigi-ve-icerik-plani-nasil-olusturulmali\/","url":"https:\/\/earnado.com\/tr\/instagram-icerigi-ve-icerik-plani-nasil-olusturulmali\/","name":"Instagram \u0130\u00e7in \u0130\u00e7erik ve \u0130\u00e7erik Plan\u0131 Nas\u0131l Olu\u015fturulmal\u0131? - Earnado","isPartOf":{"@id":"https:\/\/earnado.com\/tr\/#website"},"primaryImageOfPage":{"@id":"https:\/\/earnado.com\/tr\/instagram-icerigi-ve-icerik-plani-nasil-olusturulmali\/#primaryimage"},"image":{"@id":"https:\/\/earnado.com\/tr\/instagram-icerigi-ve-icerik-plani-nasil-olusturulmali\/#primaryimage"},"thumbnailUrl":"https:\/\/earnado.com\/tr\/wp-content\/uploads\/2021\/10\/how-brands-can-leverage-instagram-in-a-work-from-home-mode-5eec4129ec8b3-1520x800-1-e1634415058695.png","datePublished":"2021-11-01T12:08:49+00:00","dateModified":"2023-01-05T14:17:15+00:00","author":{"@id":"https:\/\/earnado.com\/tr\/#\/schema\/person\/9f1103dc259ecc15645629f8de30463b"},"description":"Instagram'da i\u00e7erik olu\u015fturma ve i\u00e7erik planlama ile ilgili bu yaz\u0131m\u0131z\u0131 inceleyerek Instagram hesab\u0131n\u0131z\u0131 daha aktif hale getirebilirsiniz.","inLanguage":"tr","potentialAction":[{"@type":"ReadAction","target":["https:\/\/earnado.com\/tr\/instagram-icerigi-ve-icerik-plani-nasil-olusturulmali\/"]}]},{"@type":"ImageObject","inLanguage":"tr","@id":"https:\/\/earnado.com\/tr\/instagram-icerigi-ve-icerik-plani-nasil-olusturulmali\/#primaryimage","url":"https:\/\/earnado.com\/tr\/wp-content\/uploads\/2021\/10\/how-brands-can-leverage-instagram-in-a-work-from-home-mode-5eec4129ec8b3-1520x800-1-e1634415058695.png","contentUrl":"https:\/\/earnado.com\/tr\/wp-content\/uploads\/2021\/10\/how-brands-can-leverage-instagram-in-a-work-from-home-mode-5eec4129ec8b3-1520x800-1-e1634415058695.png","width":800,"height":421,"caption":"Instagrami\u00e7erik"},{"@type":"WebSite","@id":"https:\/\/earnado.com\/tr\/#website","url":"https:\/\/earnado.com\/tr\/","name":"Earnado","description":"\u0130\u015finizi Kafan\u0131zda De\u011fil \u0130nternette B\u00fcy\u00fct\u00fcn!","potentialAction":[{"@type":"SearchAction","target":{"@type":"EntryPoint","urlTemplate":"https:\/\/earnado.com\/tr\/?s={search_term_string}"},"query-input":"required name=search_term_string"}],"inLanguage":"tr"},{"@type":"Person","@id":"https:\/\/earnado.com\/tr\/#\/schema\/person\/9f1103dc259ecc15645629f8de30463b","name":"Meryem Do\u011fan","image":{"@type":"ImageObject","inLanguage":"tr","@id":"https:\/\/earnado.com\/tr\/#\/schema\/person\/image\/","url":"https:\/\/secure.gravatar.com\/avatar\/718f1a507471dd94356c7c9987934a4afce804ce69bd00462d4d2fedbdeb0766?s=96&d=mm&r=g","contentUrl":"https:\/\/secure.gravatar.com\/avatar\/718f1a507471dd94356c7c9987934a4afce804ce69bd00462d4d2fedbdeb0766?s=96&d=mm&r=g","caption":"Meryem Do\u011fan"},"description":"Dokuz Eyl\u00fcl \u00dcniversitesi \u0130ktisat (\u0130ng.) b\u00f6l\u00fcm\u00fcnden mezunum. Finans alan\u0131nda kendimi geli\u015ftirmeyi ve dijital pazarlamay\u0131 etkili bir \u015fekilde \u00f6\u011frenerek kariyerime devam etmeyi hedefliyorum. Yarat\u0131c\u0131 ve insanlara yarar\u0131 olacak i\u015flerde kendimi g\u00f6rmeyi \u00e7ok istiyorum.","sameAs":["https:\/\/www.linkedin.com\/in\/meryem-doan-62b823191"],"url":"https:\/\/earnado.com\/tr\/author\/meryemdogan24gmail-com\/"}]}},"_links":{"self":[{"href":"https:\/\/earnado.com\/tr\/wp-json\/wp\/v2\/posts\/50415","targetHints":{"allow":["GET"]}}],"collection":[{"href":"https:\/\/earnado.com\/tr\/wp-json\/wp\/v2\/posts"}],"about":[{"href":"https:\/\/earnado.com\/tr\/wp-json\/wp\/v2\/types\/post"}],"author":[{"embeddable":true,"href":"https:\/\/earnado.com\/tr\/wp-json\/wp\/v2\/users\/275"}],"replies":[{"embeddable":true,"href":"https:\/\/earnado.com\/tr\/wp-json\/wp\/v2\/comments?post=50415"}],"version-history":[{"count":1,"href":"https:\/\/earnado.com\/tr\/wp-json\/wp\/v2\/posts\/50415\/revisions"}],"predecessor-version":[{"id":57374,"href":"https:\/\/earnado.com\/tr\/wp-json\/wp\/v2\/posts\/50415\/revisions\/57374"}],"wp:featuredmedia":[{"embeddable":true,"href":"https:\/\/earnado.com\/tr\/wp-json\/wp\/v2\/media\/50433"}],"wp:attachment":[{"href":"https:\/\/earnado.com\/tr\/wp-json\/wp\/v2\/media?parent=50415"}],"wp:term":[{"taxonomy":"category","embeddable":true,"href":"https:\/\/earnado.com\/tr\/wp-json\/wp\/v2\/categories?post=50415"},{"taxonomy":"post_tag","embeddable":true,"href":"https:\/\/earnado.com\/tr\/wp-json\/wp\/v2\/tags?post=50415"}],"curies":[{"name":"wp","href":"https:\/\/api.w.org\/{rel}","templated":true}]}}