{"id":50943,"date":"2021-11-24T11:50:36","date_gmt":"2021-11-24T08:50:36","guid":{"rendered":"http:\/\/earnado.com\/tr\/?p=50943"},"modified":"2023-01-05T17:14:24","modified_gmt":"2023-01-05T14:14:24","slug":"marka-stratejisi-nasil-olusturulur-nasil-yapilir","status":"publish","type":"post","link":"https:\/\/earnado.com\/tr\/marka-stratejisi-nasil-olusturulur-nasil-yapilir\/","title":{"rendered":"Marka Stratejisi Nas\u0131l Olu\u015fturulur? Nas\u0131l Yap\u0131l\u0131r?"},"content":{"rendered":"<p><span data-contrast=\"auto\">Marka, ticari bir \u00fcr\u00fcn\u00fc ya da i\u015fletmeyi tan\u0131tan, benzer \u00fcr\u00fcn ya da kurulu\u015flardan ay\u0131rmaya yarayan, sadece bir yere ait olan \u00f6zel bir imgedir. \u015eekil, harf ya da s\u00f6zc\u00fckle olu\u015fturulup ifade edilebilir.<\/span><span data-ccp-props=\"{&quot;201341983&quot;:0,&quot;335551550&quot;:6,&quot;335551620&quot;:6,&quot;335559739&quot;:160,&quot;335559740&quot;:259}\">\u00a0<\/span><\/p>\n<h2 aria-level=\"2\"><span data-contrast=\"none\">Marka Stratejisi Nedir?<\/span><span data-ccp-props=\"{&quot;201341983&quot;:0,&quot;335551550&quot;:6,&quot;335551620&quot;:6,&quot;335559738&quot;:40,&quot;335559739&quot;:0,&quot;335559740&quot;:259}\">\u00a0<\/span><\/h2>\n<blockquote><p><span data-contrast=\"auto\">Mevcut markay\u0131 geli\u015ftirmek, markan\u0131n de\u011ferini artt\u0131rmak i\u00e7in kullan\u0131lan uzun vadeli planlar b\u00fct\u00fcn\u00fcd\u00fcr. Marka stratejisi olu\u015fturmak hem t\u00fcketici hem de i\u015fletme i\u00e7in \u00e7ok \u00f6nemlidir. \u00c7\u00fcnk\u00fc marka stratejisi olu\u015fturulurken ama\u00e7 \u00fcr\u00fcn\u00fc en iyi \u015fekilde t\u00fcketicilere pazarlayabilmek ve tan\u0131t\u0131m\u0131n\u0131 yapabilmektir. Ayr\u0131ca bir markan\u0131n imaj\u0131n\u0131 kendi kendine yaratmas\u0131 beklenmemelidir. Bu imaj ve strateji \u00f6zel ve biricik olmal\u0131d\u0131r.<\/span><\/p><\/blockquote>\n<p><span data-contrast=\"auto\"> \u00d6rne\u011fin\u00a0<\/span><span data-contrast=\"none\">Mc Donalds<\/span><span data-contrast=\"auto\">\u00a0diyince\u00a0akl\u0131m\u0131za ilk beyaz ya da k\u0131rm\u0131z\u0131 fonun \u00fcst\u00fcndeki b\u00fcy\u00fcm turuncu \u2018\u2019m\u2019\u2019 harfi geliyor. Bu da herkes de ayn\u0131 \u015feyi \u00e7a\u011fr\u0131\u015ft\u0131r\u0131yor. \u2018\u2019 Hamburger\u2019\u2019.\u00a0<\/span><span data-ccp-props=\"{&quot;201341983&quot;:0,&quot;335551550&quot;:6,&quot;335551620&quot;:6,&quot;335559739&quot;:160,&quot;335559740&quot;:259}\">\u00a0<\/span><\/p>\n<h2 aria-level=\"3\"><span data-contrast=\"none\">Marka Stratejisi Neden \u00d6nemlidir?<\/span><span data-ccp-props=\"{&quot;201341983&quot;:0,&quot;335551550&quot;:6,&quot;335551620&quot;:6,&quot;335559738&quot;:40,&quot;335559739&quot;:0,&quot;335559740&quot;:259}\">\u00a0<\/span><\/h2>\n<p><span data-contrast=\"auto\">E\u011fer bir i\u015fletme markas\u0131, stratejisi olmadan pazara girerse ba\u015far\u0131l\u0131 olmas\u0131 ya da tan\u0131nmas\u0131 m\u00fcmk\u00fcn de\u011fildir. G\u00fcn\u00fcm\u00fczde bu kadar \u00e7ok t\u00fcketim yap\u0131l\u0131yorken ve \u00e7ok fazla birbirinden fazla marka varken, pazara girmeye \u00e7al\u0131\u015fan yeni markalar\u0131n muhakkak bir planlamas\u0131 ve \u00f6zg\u00fcnl\u00fc\u011f\u00fc olmal\u0131d\u0131r. Bu kadar \u00e7ok \u00fcr\u00fcn aras\u0131nda t\u00fcketicilerin markan\u0131z\u0131 bulabilmesi i\u00e7in olu\u015fturaca\u011f\u0131n\u0131z marka stratejisi, rakiplerinizden farkl\u0131la\u015fman\u0131za ve fark edilmenize olanak sa\u011flar.<\/span><span data-ccp-props=\"{&quot;201341983&quot;:0,&quot;335551550&quot;:6,&quot;335551620&quot;:6,&quot;335559739&quot;:160,&quot;335559740&quot;:259}\">\u00a0<\/span><\/p>\n<p><img fetchpriority=\"high\" decoding=\"async\" class=\"alignnone size-full wp-image-39718\" src=\"https:\/\/earnado.com\/tr\/wp-content\/uploads\/2020\/11\/markalasma.jpg\" alt=\"markalasma\" width=\"700\" height=\"350\" srcset=\"https:\/\/earnado.com\/tr\/wp-content\/uploads\/2020\/11\/markalasma.jpg 700w, https:\/\/earnado.com\/tr\/wp-content\/uploads\/2020\/11\/markalasma-600x300.jpg 600w, https:\/\/earnado.com\/tr\/wp-content\/uploads\/2020\/11\/markalasma-300x150.jpg 300w\" sizes=\"(max-width: 700px) 100vw, 700px\" \/><\/p>\n<h3 aria-level=\"3\"><span data-contrast=\"none\">Marka Stratejisi Nas\u0131l Olu\u015fturulur?<\/span><span data-ccp-props=\"{&quot;201341983&quot;:0,&quot;335551550&quot;:6,&quot;335551620&quot;:6,&quot;335559738&quot;:40,&quot;335559739&quot;:0,&quot;335559740&quot;:259}\">\u00a0<\/span><\/h3>\n<p><span data-contrast=\"auto\">\u0130\u015fletmenin; \u00e7e\u015fidine, b\u00fcy\u00fckl\u00fc\u011f\u00fcne, niteli\u011fine ve hedef pazara g\u00f6re marka stratejisi de\u011fi\u015fkenlik g\u00f6sterir. Marka stratejisi olu\u015ftururken bir \u00e7ok etmene dikkat etmelisiniz. Marka stratejisi olu\u015ftururken dikkat etmeniz gereken konular\u0131 sizler i\u00e7in bir araya getirdik.<\/span><\/p>\n<h3 aria-level=\"3\"><span data-contrast=\"none\">Ama\u00e7 ve Hedef Belirleyin<\/span><span data-ccp-props=\"{&quot;201341983&quot;:0,&quot;335551550&quot;:6,&quot;335551620&quot;:6,&quot;335559738&quot;:40,&quot;335559739&quot;:0,&quot;335559740&quot;:259}\">\u00a0<\/span><\/h3>\n<p><span data-contrast=\"auto\">Bu k\u0131s\u0131mda kendinize i\u015fletmenizle ilgili sorular sorun. \u00d6rne\u011fin, &#8216;Ben bu i\u015fletmeyi veya markay\u0131 neden kurdum?&#8217;\u00a0 &#8216;Bu markay\u0131 yarat\u0131rken \u00e7\u0131k\u0131\u015f noktam ve hedeflerim nelerdi?&#8217; vb.. Kurdu\u011funuz markan\u0131n g\u00fc\u00e7l\u00fc, i\u015flevsel ve sa\u011flam fikirlere dayan\u0131larak kuruldu\u011fundan emin olun. \u00d6rne\u011fin, yeni kurulan <\/span><span data-contrast=\"none\">Coffy<\/span><span data-contrast=\"auto\">\u00a0markas\u0131\u00a0insanlara lezzetli ve bunun yan\u0131nda tek fiyatl\u0131 ucuz kahve ve tatl\u0131 vermeyi hedeflediklerini belirtiyor.\u00a0<\/span><span data-ccp-props=\"{&quot;201341983&quot;:0,&quot;335551550&quot;:6,&quot;335551620&quot;:6,&quot;335559739&quot;:160,&quot;335559740&quot;:259}\">\u00a0<\/span><span data-contrast=\"auto\">Markalar veya i\u015fletmeler g\u00fcn\u00fcm\u00fczde kurulurken gelece\u011fi \u00e7ok d\u00fc\u015f\u00fcnmeden sadece bug\u00fcne odaklanarak kurulabiliyorlar. Ancak marka stratejisi olu\u015ftururken uzun vadeli d\u00fc\u015f\u00fcnerek iddial\u0131 hedefler koymak, bunlar\u0131n yan\u0131nda ger\u00e7ek\u00e7i planlar yapmak strateji olu\u015fturman\u0131n en \u00f6nemli \u00f6nc\u00fclleridir.\u00a0<\/span><span data-ccp-props=\"{&quot;201341983&quot;:0,&quot;335551550&quot;:6,&quot;335551620&quot;:6,&quot;335559739&quot;:160,&quot;335559740&quot;:259}\">\u00a0<\/span><\/p>\n<p><img decoding=\"async\" class=\"alignnone wp-image-51078 size-full\" src=\"https:\/\/earnado.com\/tr\/wp-content\/uploads\/2021\/11\/markanistratejisiolustururkenneleredikkatedilmeli.png\" alt=\"markanistratejisiolustururkenneleredikkatedilmeli\" width=\"700\" height=\"350\" srcset=\"https:\/\/earnado.com\/tr\/wp-content\/uploads\/2021\/11\/markanistratejisiolustururkenneleredikkatedilmeli.png 700w, https:\/\/earnado.com\/tr\/wp-content\/uploads\/2021\/11\/markanistratejisiolustururkenneleredikkatedilmeli-300x150.png 300w, https:\/\/earnado.com\/tr\/wp-content\/uploads\/2021\/11\/markanistratejisiolustururkenneleredikkatedilmeli-600x300.png 600w\" sizes=\"(max-width: 700px) 100vw, 700px\" \/><\/p>\n<h3 aria-level=\"3\"><span data-contrast=\"none\">Markan\u0131z\u0131n Hedef Kitlesini Tan\u0131y\u0131n <\/span><span data-ccp-props=\"{&quot;201341983&quot;:0,&quot;335551550&quot;:6,&quot;335551620&quot;:6,&quot;335559738&quot;:40,&quot;335559739&quot;:0,&quot;335559740&quot;:259}\">\u00a0<\/span><\/h3>\n<p><span data-contrast=\"auto\">Yap\u0131lan en b\u00fcy\u00fck hatalardan biri, kime hitap edece\u011fini bilmeyip hedef kitleyi tan\u0131madan yap\u0131lan giri\u015fimlerdir. Bu giri\u015fimler maalesef bir s\u00fcre sonra bitmeye mahkumdurlar. Ayn\u0131 zamanda herkese ve her \u015feye bir \u015feyler \u00fcretmeye \u00e7al\u0131\u015fmak da en az ba\u015fta bahsetti\u011fimiz durum kadar i\u015fletmenin veya markan\u0131n sonunu getirecek olaylardan biridir. \u00d6rne\u011fin hedef kitleyi en ba\u015fta; ya\u015f, cinsiyet, konum olarak belirlemek i\u015finizi kolayla\u015ft\u0131racak ilk ad\u0131mlardan biridir. Bu \u015fekilde hedef kitlesini yava\u015f yava\u015f belirlemek ve \u00fcretimi bu kitleye g\u00f6re yapmak da sat\u0131\u015flar\u0131n verimlili\u011fini artt\u0131racak, i\u015fimizi kolayla\u015ft\u0131racakt\u0131r.<\/span><span data-ccp-props=\"{&quot;201341983&quot;:0,&quot;335551550&quot;:6,&quot;335551620&quot;:6,&quot;335559739&quot;:160,&quot;335559740&quot;:259}\">\u00a0<\/span><\/p>\n<p><img decoding=\"async\" class=\"alignnone wp-image-39755 size-full\" src=\"https:\/\/earnado.com\/tr\/wp-content\/uploads\/2020\/11\/marka-1-1.jpg\" alt=\"marka\" width=\"700\" height=\"350\" srcset=\"https:\/\/earnado.com\/tr\/wp-content\/uploads\/2020\/11\/marka-1-1.jpg 700w, https:\/\/earnado.com\/tr\/wp-content\/uploads\/2020\/11\/marka-1-1-600x300.jpg 600w, https:\/\/earnado.com\/tr\/wp-content\/uploads\/2020\/11\/marka-1-1-300x150.jpg 300w\" sizes=\"(max-width: 700px) 100vw, 700px\" \/><\/p>\n<h3 aria-level=\"3\"><span data-contrast=\"none\">Sekt\u00f6rdeki Rakiplerinizi Tan\u0131y\u0131n<\/span><span data-ccp-props=\"{&quot;201341983&quot;:0,&quot;335551550&quot;:6,&quot;335551620&quot;:6,&quot;335559738&quot;:40,&quot;335559739&quot;:0,&quot;335559740&quot;:259}\">\u00a0<\/span><\/h3>\n<p><span data-contrast=\"auto\">Burada \u00f6ncelikle kendinize sorman\u0131z gereken sorular; \u2018\u2019 Benim markam\u0131 veya i\u015fletmemi di\u011ferlerinden farkl\u0131 k\u0131lan nedir?\u2019\u2019, \u2018\u2019 Onlar\u0131n \u00e7\u00f6zemedi\u011fi ama benim \u00e7\u00f6zd\u00fc\u011f\u00fcm sorun nedir?\u2019\u2019vb. sorular size hem kendinizle hem de rakip markalarla ilgili fikir verir. Yaz\u0131l\u0131m\u0131n \u00e7ok iyi olmas\u0131, \u00fcst\u00fcn m\u00fc\u015fteri hizmeti sunuyor olman\u0131z, i\u015f geli\u015ftirme ve pazarlama alanlar\u0131nda yapt\u0131\u011f\u0131n\u0131z yenilikler veya orijinal fikirler sizi ayn\u0131 kulvarda oldu\u011funuz di\u011fer markalar\u0131n \u00f6n\u00fcne ge\u00e7irebilecek olan unsurlar olabilir. \u00d6nemli olan bu konularda ger\u00e7ek\u00e7i ve emin olman\u0131z olacakt\u0131r. Ayn\u0131 zamanda markan\u0131z\u0131 en \u00e7ok tan\u0131tmaya \u00e7al\u0131\u015ft\u0131\u011f\u0131n\u0131z platform neresi ise bu g\u00fc\u00e7l\u00fc y\u00f6nlerinizi o platformlarda kendin markan\u0131za has olacak \u015fekilde g\u00f6stermelisiniz.\u00a0<\/span><span data-ccp-props=\"{&quot;201341983&quot;:0,&quot;335559739&quot;:160,&quot;335559740&quot;:259}\">\u00a0<\/span><\/p>\n<h3 aria-level=\"3\"><span data-contrast=\"none\">Reklam ve Metinlerinizde G\u00fc\u00e7l\u00fc Mesajlar Olu\u015fturun <\/span><span data-ccp-props=\"{&quot;201341983&quot;:0,&quot;335559738&quot;:40,&quot;335559739&quot;:0,&quot;335559740&quot;:259}\">\u00a0<\/span><\/h3>\n<p><span data-contrast=\"auto\">Markan\u0131n hedef kitlesi ve konumu belirlendikten sonra yap\u0131lmas\u0131 gereken \u015fey, t\u00fcketicilere markay\u0131 anlamalar\u0131 i\u00e7in do\u011fru bir mesaj vermektir. \u0130yi bir marka mesaj\u0131; basit, yal\u0131n, anla\u015f\u0131l\u0131r ve ilham verici olmal\u0131. Genelde marka mesaj\u0131, markan\u0131n misyonu ile ilgili olur ve bunun m\u00fc\u015fterilere uyarlanm\u0131\u015f versiyonudur. M\u00fc\u015fterilerinizin sorunlar\u0131n\u0131 anlamak ve onlarla ileti\u015fimde olman\u0131z do\u011fru marka mesaj\u0131 verebilmeniz ad\u0131na \u00e7ok \u00f6nemlidir. Bunlar\u0131 \u00f6\u011frenmek i\u00e7in anketler, telefon g\u00f6r\u00fc\u015fmeleri yap\u0131labilir ve bu yap\u0131lan g\u00f6r\u00fc\u015fmeler sonucunda bir marka mesaj\u0131 olu\u015fturulabilirsiniz. <\/span><span data-ccp-props=\"{&quot;201341983&quot;:0,&quot;335559739&quot;:160,&quot;335559740&quot;:259}\">\u00a0<\/span><\/p>\n<p><img loading=\"lazy\" decoding=\"async\" class=\"alignnone wp-image-51077 size-full\" src=\"https:\/\/earnado.com\/tr\/wp-content\/uploads\/2021\/11\/markamesajinizinetverin.png\" alt=\"markamesajinizinetverin\" width=\"700\" height=\"350\" srcset=\"https:\/\/earnado.com\/tr\/wp-content\/uploads\/2021\/11\/markamesajinizinetverin.png 700w, https:\/\/earnado.com\/tr\/wp-content\/uploads\/2021\/11\/markamesajinizinetverin-300x150.png 300w, https:\/\/earnado.com\/tr\/wp-content\/uploads\/2021\/11\/markamesajinizinetverin-600x300.png 600w\" sizes=\"(max-width: 700px) 100vw, 700px\" \/><\/p>\n<h3 aria-level=\"3\"><span data-contrast=\"none\">Tutarl\u0131 Olun ve Uyum Sa\u011flay\u0131n\u00a0<\/span><span data-ccp-props=\"{&quot;201341983&quot;:0,&quot;335559738&quot;:40,&quot;335559739&quot;:0,&quot;335559740&quot;:259}\">\u00a0<\/span><\/h3>\n<p><span data-contrast=\"auto\">Tutarl\u0131 olmak, iyi bir marka stratejisinin en \u00f6nemli unsurlar\u0131ndan biridir. Markan\u0131z, t\u00fcketicinin sizinle kar\u015f\u0131la\u015ft\u0131\u011f\u0131 her yerde kolayca tan\u0131nabilir olmal\u0131. Bu tutarl\u0131k bir s\u00fcre sonra marka de\u011feri haline gelece\u011finden; markan\u0131z ofiste, sosyal medyada, pazarlama kanallar\u0131nda k\u0131saca t\u00fcketiciye ula\u015ft\u0131\u011f\u0131n\u0131z her yerde onlara ayn\u0131 his ve deneyimi ya\u015fatmal\u0131d\u0131r. Ancak tabi ki tutarl\u0131 olmak markan\u0131n hep ayn\u0131 \u015feyleri yap\u0131p \u00fcretmesi anlam\u0131na gelmez. \u00d6zellikle yeni kurulmu\u015f i\u015fletme veya markalar kendilerini yenilemek, geli\u015ftirmek ve monotonluktan uzakla\u015fmak i\u00e7in yeni \u00fcr\u00fcnler ve i\u015fler denemek isterler. Ancak bunu yaparken yerel k\u00fclt\u00fcre sayg\u0131 g\u00f6stermek ve bu do\u011frultuda ilerlemek \u00f6nemlidir. <\/span><span data-ccp-props=\"{&quot;201341983&quot;:0,&quot;335559739&quot;:160,&quot;335559740&quot;:259}\">\u00a0<\/span><\/p>\n<p><img loading=\"lazy\" decoding=\"async\" class=\"alignnone size-full wp-image-43709\" src=\"https:\/\/earnado.com\/tr\/wp-content\/uploads\/2021\/03\/Marka-Yonetimi-5.png\" alt=\"B\u00fct\u00fcnle\u015fik pazarlama nas\u0131l yap\u0131l\u0131r\" width=\"700\" height=\"350\" srcset=\"https:\/\/earnado.com\/tr\/wp-content\/uploads\/2021\/03\/Marka-Yonetimi-5.png 700w, https:\/\/earnado.com\/tr\/wp-content\/uploads\/2021\/03\/Marka-Yonetimi-5-600x300.png 600w, https:\/\/earnado.com\/tr\/wp-content\/uploads\/2021\/03\/Marka-Yonetimi-5-300x150.png 300w\" sizes=\"(max-width: 700px) 100vw, 700px\" \/><\/p>\n<h3 aria-level=\"3\"><span data-contrast=\"none\">Markan\u0131z\u0131 Do\u011fru Bir \u015eekilde \u00d6ne \u00c7\u0131kar\u0131n<\/span><span data-ccp-props=\"{&quot;201341983&quot;:0,&quot;335559738&quot;:40,&quot;335559739&quot;:0,&quot;335559740&quot;:259}\">\u00a0<\/span><\/h3>\n<p><span data-contrast=\"auto\">\u00dcr\u00fcnlerden \u00e7ok markay\u0131 \u00f6ne \u00e7\u0131karmak, markan\u0131n imaj ve alg\u0131s\u0131n\u0131 y\u00fckseltir. \u0130nsanlar\u0131n g\u00f6z\u00fcnde tek bir \u00fcr\u00fcn\u00fcn\u00fcz\u00fcn y\u00fckselmesi yerine markan\u0131z\u0131n y\u00fckselmesi ve bilinmesi \u00e7ok daha iyidir. Bu duruma \u00f6rnek olarak\u00a0<\/span><span data-contrast=\"none\">Nike<\/span><span data-contrast=\"auto\">\u00a0verilebilir.\u00a0Nike\u00a0reklamlar\u0131nda, sosyal medya hesaplar\u0131nda ve sitesinde direkt bir \u00fcr\u00fcn\u00fcn\u00fc \u00f6ne \u00e7\u0131karmak yerine; sporcularla yapt\u0131\u011f\u0131 konu\u015fmalardan, sosyal projelerden, koleksiyonlar\u0131ndan vb. bahsederek marka imaj ve alg\u0131s\u0131n\u0131 y\u00fckseltmektedir.<\/span><span data-ccp-props=\"{&quot;201341983&quot;:0,&quot;335559739&quot;:160,&quot;335559740&quot;:259}\">\u00a0<\/span><\/p>\n<h3 aria-level=\"3\"><span data-contrast=\"none\">Anlaml\u0131 G\u00fcnlere \u00d6zel \u0130\u00e7erik Olu\u015fturun<\/span><span data-ccp-props=\"{&quot;201341983&quot;:0,&quot;335559738&quot;:40,&quot;335559739&quot;:0,&quot;335559740&quot;:259}\">\u00a0<\/span><\/h3>\n<p><span data-contrast=\"auto\">Markan\u0131z\u0131n ad\u0131 alt\u0131nda anlaml\u0131 g\u00fcnlere \u00f6zel i\u00e7erik olu\u015fturmak markan\u0131n bilinirli\u011fini ve pop\u00fclaritesini artt\u0131r\u0131r. Bu y\u00fczden g\u00fcn\u00fcn anlam ve \u00f6nemine \u00f6zel bir i\u00e7erik olu\u015fturup sosyal medya platformlar\u0131nda yay\u0131nlamak \u00f6nemlidir. Ko\u00e7 Holding\u2019in her y\u0131l 10 Kas\u0131m i\u00e7in video yay\u0131nlamas\u0131n\u0131 bu duruma \u00f6rnek verebiliriz.<\/span><span data-ccp-props=\"{&quot;201341983&quot;:0,&quot;335559739&quot;:160,&quot;335559740&quot;:259}\">\u00a0<\/span><\/p>\n<h3 aria-level=\"3\"><span data-contrast=\"none\">Markaya ve \u0130\u00e7eri\u011finize Anlam Kat\u0131n<\/span><span data-ccp-props=\"{&quot;201341983&quot;:0,&quot;335559738&quot;:40,&quot;335559739&quot;:0,&quot;335559740&quot;:259}\">\u00a0<\/span><\/h3>\n<p><span data-contrast=\"auto\">Markan\u0131n i\u00e7eri\u011fine\u00a0hikaye\u00a0ve anlam katmak, t\u00fcketicilerin ilgisini \u00e7ekmek i\u00e7in iyi bir y\u00f6ntemdir. \u0130nsanlar g\u00fcn\u00fcm\u00fczde al\u0131\u015fveri\u015f ve hizmet tercihlerinde bu gibi \u015feylere \u00f6nem vermektedirler. Markalar\u0131n %93\u2019\u00fc \u00fcr\u00fcn ve hizmetlerinde\u00a0<\/span><a href=\"https:\/\/earnado.com\/tr\/icerik-pazarlamasi-nedir-nasil-yapilir\/\"><span data-contrast=\"none\">i\u00e7erik pazarlamas\u0131<\/span><\/a> ve i\u00e7erik \u00fcretimine<span data-contrast=\"auto\">\u00a0odaklanmaktad\u0131rlar.\u00a0<\/span><span data-ccp-props=\"{&quot;201341983&quot;:0,&quot;335559739&quot;:160,&quot;335559740&quot;:259}\">\u00a0<\/span><\/p>\n<p><img loading=\"lazy\" decoding=\"async\" class=\"alignnone wp-image-51082 size-full\" src=\"https:\/\/earnado.com\/tr\/wp-content\/uploads\/2021\/11\/kendihikayeniziolusturunmarka.png\" alt=\"kendihikayeniziolusturunmarka\" width=\"700\" height=\"350\" srcset=\"https:\/\/earnado.com\/tr\/wp-content\/uploads\/2021\/11\/kendihikayeniziolusturunmarka.png 700w, https:\/\/earnado.com\/tr\/wp-content\/uploads\/2021\/11\/kendihikayeniziolusturunmarka-300x150.png 300w, https:\/\/earnado.com\/tr\/wp-content\/uploads\/2021\/11\/kendihikayeniziolusturunmarka-600x300.png 600w\" sizes=\"(max-width: 700px) 100vw, 700px\" \/><\/p>\n<p><span data-contrast=\"auto\">\u0130\u00e7erik pazarlamas\u0131 hakk\u0131nda daha fazla bilgi\u00a0i\u00e7in :\u00a0<\/span><a href=\"https:\/\/earnado.com\/tr\/etkili-bir-content-marketing-icerik-pazarlama-icin-7-adim\/\"><span data-contrast=\"none\">https:\/\/earnado.com\/tr\/etkili-bir-content-marketing-icerik-pazarlama-icin-7-adim\/<\/span><\/a><span data-ccp-props=\"{&quot;201341983&quot;:0,&quot;335559739&quot;:160,&quot;335559740&quot;:259}\">\u00a0<\/span><\/p>\n<h3 aria-level=\"3\"><span data-contrast=\"none\">Marka \u0130smi, Logosu ve Slogan\u0131<\/span><span data-ccp-props=\"{&quot;201341983&quot;:0,&quot;335559738&quot;:40,&quot;335559739&quot;:0,&quot;335559740&quot;:259}\">\u00a0<\/span><\/h3>\n<p><span data-contrast=\"auto\">Marka ile ilgili en \u00f6nemli alg\u0131lar\u0131n ba\u015f\u0131nda bu unsurlar gelir. Markan\u0131n ak\u0131lda kal\u0131c\u0131 bir ismi ve slogan\u0131n\u0131n olmas\u0131, logosunun renkli ya da ak\u0131lda kal\u0131c\u0131 bir imge olmas\u0131 markan\u0131n hat\u0131rlanma oran\u0131n\u0131 y\u00fckseltir. \u00d6rnek verecek olursak Google, logosunda alt\u0131n oran ve farkl\u0131 renkler kullanarak, her \u015feyi bulabilece\u011finiz mesaj\u0131n\u0131 vermi\u015ftir.<\/span><span data-ccp-props=\"{&quot;201341983&quot;:0,&quot;335559739&quot;:160,&quot;335559740&quot;:259}\">\u00a0<\/span><\/p>\n<h3 aria-level=\"3\"><span data-contrast=\"none\">T\u00fcketicilerle Duygusal Ba\u011f Kurun<\/span><\/h3>\n<p><span data-contrast=\"auto\">M\u00fc\u015fteriler bir \u00fcr\u00fcn sat\u0131n al\u0131rken d\u00fc\u015f\u00fcnd\u00fc\u011f\u00fcm\u00fcz kadar mant\u0131kl\u0131 davranmazlar. Tam tersinde duygusal hareket etmeleri olduk\u00e7a yayg\u0131n bir durumdur. Mant\u0131\u011fa hitap eden \u00fcr\u00fcnlere \u00f6ncelik vermek yerine, onlar\u0131 duyguland\u0131ran, d\u00fc\u015f\u00fcnd\u00fcren \u00fcr\u00fcn ve hizmetlere daha \u00e7ok \u00f6ncelik verme e\u011filimlerindedirler. Bu y\u00fczden bizim duygular\u0131m\u0131z kaliteli marka stratejileri olu\u015fturma yolunda \u00f6nemli unsurlardan biridir. Bu derin duygusal ili\u015fkiyi e\u011fer m\u00fc\u015fterilerle kurabilmenin bir yolunu bulursan\u0131z, uzun vadede daha s\u00fcrd\u00fcr\u00fclebilir bir \u015firket-m\u00fc\u015fteri ili\u015fkisi kurabilirsiniz. <\/span><span data-ccp-props=\"{&quot;201341983&quot;:0,&quot;335559739&quot;:160,&quot;335559740&quot;:259}\">\u00a0<\/span><\/p>\n<p><img loading=\"lazy\" decoding=\"async\" class=\"alignnone wp-image-51079 size-full\" src=\"https:\/\/earnado.com\/tr\/wp-content\/uploads\/2021\/11\/musterilerileduygusalbagkurun.png\" alt=\"marka-ile-bag-kurma\" width=\"700\" height=\"350\" srcset=\"https:\/\/earnado.com\/tr\/wp-content\/uploads\/2021\/11\/musterilerileduygusalbagkurun.png 700w, https:\/\/earnado.com\/tr\/wp-content\/uploads\/2021\/11\/musterilerileduygusalbagkurun-300x150.png 300w, https:\/\/earnado.com\/tr\/wp-content\/uploads\/2021\/11\/musterilerileduygusalbagkurun-600x300.png 600w\" sizes=\"(max-width: 700px) 100vw, 700px\" \/><\/p>\n<p><span data-contrast=\"auto\">M\u00fc\u015fteriler kadar \u00f6nemli olan bir di\u011fer unsur da i\u015fletmedeki \u00e7al\u0131\u015fanlar\u0131n\u0131zd\u0131r. \u00c7al\u0131\u015fanlar\u0131n \u00f6nemi \u00e7o\u011fu zaman g\u00f6zden ka\u00e7\u0131r\u0131lmas\u0131na ra\u011fmen, ba\u015far\u0131l\u0131 bir marka, i\u015fletme ya da start-up\u00a0olmak istiyorsan\u0131z \u00e7al\u0131\u015fanlar\u0131n markay\u0131 savunmas\u0131na ve desteklemesine f\u0131rsat vermelisiniz. \u00c7\u00fcnk\u00fc marka stratejilerine \u00e7al\u0131\u015fanlar\u0131n savunuculu\u011funu da ekledi\u011finizde \u00e7ok daha g\u00fc\u00e7l\u00fc bir imaj yaratm\u0131\u015f olursunuz. Bir \u015firkete ya da markaya ili\u015fkin tek bir ki\u015finin de\u011fil\u00a0de,\u00a0\u015firketin i\u00e7inden bir grup insan\u0131n ayn\u0131 \u015feyi s\u00f6ylemesi m\u00fc\u015fteriler i\u00e7in \u00e7ok daha inand\u0131r\u0131c\u0131 hale gelir. Yap\u0131lan bir ara\u015ft\u0131rmaya g\u00f6re, bu mesajlar \u00e7al\u0131\u015fanlar\u0131n\u0131z taraf\u0131ndan verildi\u011finde %561 daha fazla ki\u015fiye ula\u015fm\u0131\u015f olur.\u00a0<\/span><span data-ccp-props=\"{&quot;201341983&quot;:0,&quot;335559739&quot;:160,&quot;335559740&quot;:259}\">\u00a0<\/span><\/p>\n<h3 aria-level=\"3\"><span data-contrast=\"none\">Marka Konumland\u0131rma Nedir?<\/span><span data-ccp-props=\"{&quot;201341983&quot;:0,&quot;335559738&quot;:40,&quot;335559739&quot;:0,&quot;335559740&quot;:259}\">\u00a0<\/span><\/h3>\n<p><span data-contrast=\"auto\">T\u00fcketicinin akl\u0131nda bir marka imaj\u0131 olu\u015fturma s\u00fcrecine \u2018\u2019marka konumland\u0131rma\u2019\u2019 denir. Marka konumland\u0131rma, hedef kitlenin akl\u0131nda markalar\u0131n ilk izlenimlerini yaratmaya yard\u0131mc\u0131 olur. Daha iyi a\u00e7\u0131klamaya \u00e7al\u0131\u015facak olursak:<\/span><span data-ccp-props=\"{&quot;201341983&quot;:0,&quot;335559739&quot;:160,&quot;335559740&quot;:259}\">\u00a0<\/span><\/p>\n<ul>\n<li data-leveltext=\"\uf0b7\" data-font=\"Symbol\" data-listid=\"4\" aria-setsize=\"-1\" data-aria-posinset=\"1\" data-aria-level=\"1\"><span data-contrast=\"auto\">BMW, kendini s\u00fcr\u00fc\u015f keyfine odakl\u0131yor ve insanlar\u0131n akl\u0131na ilk bu geliyor.<\/span><span data-ccp-props=\"{&quot;134233279&quot;:true,&quot;201341983&quot;:0,&quot;335559739&quot;:160,&quot;335559740&quot;:259}\">\u00a0<\/span><\/li>\n<li data-leveltext=\"\uf0b7\" data-font=\"Symbol\" data-listid=\"4\" aria-setsize=\"-1\" data-aria-posinset=\"2\" data-aria-level=\"1\"><span data-contrast=\"auto\">Audi, marka konumland\u0131rmas\u0131n\u0131\u00a0\u0130novatif\u00a0Teknoloji \u00fczerine yap\u0131yor.<\/span><span data-ccp-props=\"{&quot;134233279&quot;:true,&quot;201341983&quot;:0,&quot;335559739&quot;:160,&quot;335559740&quot;:259}\">\u00a0<\/span><\/li>\n<li><span data-contrast=\"auto\">Mercedes ise kendini prestijli bir marka olarak konumland\u0131r\u0131yor.<\/span><span data-ccp-props=\"{&quot;134233279&quot;:true,&quot;201341983&quot;:0,&quot;335559739&quot;:160,&quot;335559740&quot;:259}\">\u00a0<\/span><\/li>\n<\/ul>\n<p>Dilerseniz konumland\u0131rma ve rakiplerden farkl\u0131la\u015fma hakk\u0131nda haz\u0131rlad\u0131\u011f\u0131m\u0131z videoyu izleyerek daha detayl\u0131 bilgilere ula\u015fabilirsiniz.<\/p>\n<h3 aria-level=\"3\"><span data-contrast=\"none\">Benzersiz Sat\u0131\u015f \u00d6nerisi (USP) Geli\u015ftirin<\/span><span data-ccp-props=\"{&quot;201341983&quot;:0,&quot;335559738&quot;:40,&quot;335559739&quot;:0,&quot;335559740&quot;:259}\">\u00a0<\/span><\/h3>\n<p><span data-contrast=\"auto\">Her \u00fcr\u00fcn en az\u0131ndan benzersiz oldu\u011fu d\u00fc\u015f\u00fcn\u00fclen \u00f6zellikleri bak\u0131m\u0131ndan bir\u00a0USP\u2019ye\u00a0sahip olmal\u0131d\u0131r. Bu\u00a0USP\u2019leri\u00a0kurulu\u015flar olu\u015fturmal\u0131 ve hedef kitleye iletmelidirler. \u00dcr\u00fcnlerin en iyi \u00f6zelliklerini ve en iyi neler yapabilece\u011fini pazarlamac\u0131lar\u0131n bilmesi gerekir.<\/span><span data-ccp-props=\"{&quot;201341983&quot;:0,&quot;335559739&quot;:160,&quot;335559740&quot;:259}\">\u00a0<\/span><\/p>\n<p><img loading=\"lazy\" decoding=\"async\" class=\"alignnone wp-image-41544 size-full\" src=\"https:\/\/earnado.com\/tr\/wp-content\/uploads\/2019\/07\/branding-concept-landing-page_52683-10995.jpg\" alt=\"marka-stratejisi-ve-konumland\u0131rma\" width=\"700\" height=\"350\" srcset=\"https:\/\/earnado.com\/tr\/wp-content\/uploads\/2019\/07\/branding-concept-landing-page_52683-10995.jpg 700w, https:\/\/earnado.com\/tr\/wp-content\/uploads\/2019\/07\/branding-concept-landing-page_52683-10995-600x300.jpg 600w, https:\/\/earnado.com\/tr\/wp-content\/uploads\/2019\/07\/branding-concept-landing-page_52683-10995-300x150.jpg 300w\" sizes=\"(max-width: 700px) 100vw, 700px\" \/><\/p>\n<h3 aria-level=\"3\"><span data-contrast=\"none\">Markan\u0131n Konumunu Koruyun<\/span><span data-ccp-props=\"{&quot;201341983&quot;:0,&quot;335559738&quot;:40,&quot;335559739&quot;:0,&quot;335559740&quot;:259}\">\u00a0<\/span><\/h3>\n<p><span data-contrast=\"auto\">S\u00fcreklilik ve tutarl\u0131l\u0131k ba\u015fl\u0131klar\u0131 alt\u0131nda da bahsetti\u011fimiz gibi son kullan\u0131c\u0131lar\u0131n beklentilerinin sa\u011flanmas\u0131na s\u00fcrekli devam edilmelidir. Kaliteden asla \u00f6d\u00fcn vermeyin. M\u00fcmk\u00fcnse her ge\u00e7en g\u00fcn daha da iyile\u015ftirin. \u00dcr\u00fcnlerin fiyat\u0131nda radikal d\u00fc\u015f\u00fc\u015fler yapmak markan\u0131n konumu ve de\u011feri i\u00e7in \u00e7ok zedeleyici bir davran\u0131\u015f olacakt\u0131r. \u00d6rne\u011fin Mercedes\u2019in fiyat\u0131n\u0131n Hyundai ile ayn\u0131 fiyata gelmesi, Mercedes\u2019i al\u0131c\u0131lar\u0131n\u0131n g\u00f6z\u00fcnden d\u00fc\u015f\u00fcr\u00fcr ve de\u011ferini kaybetmesine, eskisi kadar talep edilmemesine neden olur.<\/span><span data-ccp-props=\"{&quot;201341983&quot;:0,&quot;335559739&quot;:160,&quot;335559740&quot;:259}\">\u00a0<\/span><\/p>\n","protected":false},"excerpt":{"rendered":"<p>Marka, ticari bir \u00fcr\u00fcn\u00fc ya da i\u015fletmeyi tan\u0131tan, benzer \u00fcr\u00fcn ya da kurulu\u015flardan ay\u0131rmaya yarayan, sadece bir yere ait olan \u00f6zel bir imgedir. \u015eekil, harf ya da s\u00f6zc\u00fckle olu\u015fturulup ifade edilebilir.\u00a0 Marka Stratejisi Nedir?\u00a0 Mevcut markay\u0131 geli\u015ftirmek, markan\u0131n de\u011ferini artt\u0131rmak&#8230;<\/p>\n","protected":false},"author":290,"featured_media":50927,"comment_status":"open","ping_status":"open","sticky":false,"template":"","format":"standard","meta":{"footnotes":""},"categories":[853,851,66,244],"tags":[],"class_list":["post-50943","post","type-post","status-publish","format-standard","has-post-thumbnail","hentry","category-icerik-pazarlama","category-instagram-pazarlama","category-internet-reklamciligi","category-markalasma"],"yoast_head":"<!-- This site is optimized with the Yoast SEO plugin v22.7 - https:\/\/yoast.com\/wordpress\/plugins\/seo\/ -->\n<title>Marka Stratejisi Nas\u0131l Olu\u015fturulur? Nas\u0131l Yap\u0131l\u0131r? - Earnado<\/title>\n<meta name=\"description\" content=\"Marka Stratejisi Nas\u0131l Olu\u015fturulur? Nas\u0131l Yap\u0131l\u0131r? sorular\u0131n\u0131n cevaplar\u0131 ve daha fazlas\u0131n\u0131 blog i\u00e7eri\u011fimizi okuyup \u00f6\u011frenebilirsiniz.\" \/>\n<meta name=\"robots\" content=\"index, follow, max-snippet:-1, max-image-preview:large, max-video-preview:-1\" \/>\n<link rel=\"canonical\" href=\"https:\/\/earnado.com\/tr\/marka-stratejisi-nasil-olusturulur-nasil-yapilir\/\" \/>\n<meta property=\"og:locale\" content=\"tr_TR\" \/>\n<meta property=\"og:type\" content=\"article\" \/>\n<meta property=\"og:title\" content=\"Marka Stratejisi Nas\u0131l Olu\u015fturulur? Nas\u0131l Yap\u0131l\u0131r? - Earnado\" \/>\n<meta property=\"og:description\" content=\"Marka Stratejisi Nas\u0131l Olu\u015fturulur? Nas\u0131l Yap\u0131l\u0131r? sorular\u0131n\u0131n cevaplar\u0131 ve daha fazlas\u0131n\u0131 blog i\u00e7eri\u011fimizi okuyup \u00f6\u011frenebilirsiniz.\" \/>\n<meta property=\"og:url\" content=\"https:\/\/earnado.com\/tr\/marka-stratejisi-nasil-olusturulur-nasil-yapilir\/\" \/>\n<meta property=\"og:site_name\" content=\"Earnado\" \/>\n<meta property=\"article:published_time\" content=\"2021-11-24T08:50:36+00:00\" \/>\n<meta property=\"article:modified_time\" content=\"2023-01-05T14:14:24+00:00\" \/>\n<meta property=\"og:image\" content=\"https:\/\/earnado.com\/tr\/wp-content\/uploads\/2021\/11\/brand-marketing-g16c7e9d8b_1280.jpg\" \/>\n\t<meta property=\"og:image:width\" content=\"1280\" \/>\n\t<meta property=\"og:image:height\" content=\"913\" \/>\n\t<meta property=\"og:image:type\" content=\"image\/jpeg\" \/>\n<meta name=\"author\" content=\"Aysima Akg\u00fcl\" \/>\n<meta name=\"twitter:card\" content=\"summary_large_image\" \/>\n<meta name=\"twitter:label1\" content=\"Yazan:\" \/>\n\t<meta name=\"twitter:data1\" content=\"Aysima Akg\u00fcl\" \/>\n\t<meta name=\"twitter:label2\" content=\"Tahmini okuma s\u00fcresi\" \/>\n\t<meta name=\"twitter:data2\" content=\"9 dakika\" \/>\n<script type=\"application\/ld+json\" class=\"yoast-schema-graph\">{\"@context\":\"https:\/\/schema.org\",\"@graph\":[{\"@type\":\"WebPage\",\"@id\":\"https:\/\/earnado.com\/tr\/marka-stratejisi-nasil-olusturulur-nasil-yapilir\/\",\"url\":\"https:\/\/earnado.com\/tr\/marka-stratejisi-nasil-olusturulur-nasil-yapilir\/\",\"name\":\"Marka Stratejisi Nas\u0131l Olu\u015fturulur? Nas\u0131l Yap\u0131l\u0131r? - Earnado\",\"isPartOf\":{\"@id\":\"https:\/\/earnado.com\/tr\/#website\"},\"primaryImageOfPage\":{\"@id\":\"https:\/\/earnado.com\/tr\/marka-stratejisi-nasil-olusturulur-nasil-yapilir\/#primaryimage\"},\"image\":{\"@id\":\"https:\/\/earnado.com\/tr\/marka-stratejisi-nasil-olusturulur-nasil-yapilir\/#primaryimage\"},\"thumbnailUrl\":\"https:\/\/earnado.com\/tr\/wp-content\/uploads\/2021\/11\/brand-marketing-g16c7e9d8b_1280.jpg\",\"datePublished\":\"2021-11-24T08:50:36+00:00\",\"dateModified\":\"2023-01-05T14:14:24+00:00\",\"author\":{\"@id\":\"https:\/\/earnado.com\/tr\/#\/schema\/person\/85f6e4347c43caf51ab050859317f814\"},\"description\":\"Marka Stratejisi Nas\u0131l Olu\u015fturulur? Nas\u0131l Yap\u0131l\u0131r? sorular\u0131n\u0131n cevaplar\u0131 ve daha fazlas\u0131n\u0131 blog i\u00e7eri\u011fimizi okuyup \u00f6\u011frenebilirsiniz.\",\"inLanguage\":\"tr\",\"potentialAction\":[{\"@type\":\"ReadAction\",\"target\":[\"https:\/\/earnado.com\/tr\/marka-stratejisi-nasil-olusturulur-nasil-yapilir\/\"]}]},{\"@type\":\"ImageObject\",\"inLanguage\":\"tr\",\"@id\":\"https:\/\/earnado.com\/tr\/marka-stratejisi-nasil-olusturulur-nasil-yapilir\/#primaryimage\",\"url\":\"https:\/\/earnado.com\/tr\/wp-content\/uploads\/2021\/11\/brand-marketing-g16c7e9d8b_1280.jpg\",\"contentUrl\":\"https:\/\/earnado.com\/tr\/wp-content\/uploads\/2021\/11\/brand-marketing-g16c7e9d8b_1280.jpg\",\"width\":1280,\"height\":913,\"caption\":\"brand-marketing-g16c7e\"},{\"@type\":\"WebSite\",\"@id\":\"https:\/\/earnado.com\/tr\/#website\",\"url\":\"https:\/\/earnado.com\/tr\/\",\"name\":\"Earnado\",\"description\":\"\u0130\u015finizi Kafan\u0131zda De\u011fil \u0130nternette B\u00fcy\u00fct\u00fcn!\",\"potentialAction\":[{\"@type\":\"SearchAction\",\"target\":{\"@type\":\"EntryPoint\",\"urlTemplate\":\"https:\/\/earnado.com\/tr\/?s={search_term_string}\"},\"query-input\":\"required name=search_term_string\"}],\"inLanguage\":\"tr\"},{\"@type\":\"Person\",\"@id\":\"https:\/\/earnado.com\/tr\/#\/schema\/person\/85f6e4347c43caf51ab050859317f814\",\"name\":\"Aysima Akg\u00fcl\",\"image\":{\"@type\":\"ImageObject\",\"inLanguage\":\"tr\",\"@id\":\"https:\/\/earnado.com\/tr\/#\/schema\/person\/image\/\",\"url\":\"https:\/\/secure.gravatar.com\/avatar\/1e1eaadf40dd743602ccf9d54426c80c89e0845ea3ce84d4a0d06ea79299ab28?s=96&d=mm&r=g\",\"contentUrl\":\"https:\/\/secure.gravatar.com\/avatar\/1e1eaadf40dd743602ccf9d54426c80c89e0845ea3ce84d4a0d06ea79299ab28?s=96&d=mm&r=g\",\"caption\":\"Aysima Akg\u00fcl\"},\"description\":\"Merhaba! Ben Aysima Akg\u00fcl. Marmara \u00dcniversitesi \u0130\u015fletme 3. s\u0131n\u0131f \u00f6\u011frencisiyim. \u0130\u015f geli\u015ftirme ve insan kaynaklar\u0131 alanlar\u0131nda staj yapt\u0131ktan sonra kendimi en \u00e7ok geli\u015ftirmek istedi\u011fim alan pazarlama oldu\u011fu i\u00e7in buraday\u0131m. Dijital pazarlama alan\u0131nda \u00f6\u011frenmeye, geli\u015fmeye ve \u00f6\u011frendiklerimi uygulamaya d\u00f6kmeye devam ediyorum.\",\"sameAs\":[\"www.linkedin.com\/in\/aysima-akg\u00fcl-b79300172\"],\"url\":\"https:\/\/earnado.com\/tr\/author\/aysima929gmail-com\/\"}]}<\/script>\n<!-- \/ Yoast SEO plugin. -->","yoast_head_json":{"title":"Marka Stratejisi Nas\u0131l Olu\u015fturulur? Nas\u0131l Yap\u0131l\u0131r? - Earnado","description":"Marka Stratejisi Nas\u0131l Olu\u015fturulur? Nas\u0131l Yap\u0131l\u0131r? sorular\u0131n\u0131n cevaplar\u0131 ve daha fazlas\u0131n\u0131 blog i\u00e7eri\u011fimizi okuyup \u00f6\u011frenebilirsiniz.","robots":{"index":"index","follow":"follow","max-snippet":"max-snippet:-1","max-image-preview":"max-image-preview:large","max-video-preview":"max-video-preview:-1"},"canonical":"https:\/\/earnado.com\/tr\/marka-stratejisi-nasil-olusturulur-nasil-yapilir\/","og_locale":"tr_TR","og_type":"article","og_title":"Marka Stratejisi Nas\u0131l Olu\u015fturulur? Nas\u0131l Yap\u0131l\u0131r? - Earnado","og_description":"Marka Stratejisi Nas\u0131l Olu\u015fturulur? Nas\u0131l Yap\u0131l\u0131r? sorular\u0131n\u0131n cevaplar\u0131 ve daha fazlas\u0131n\u0131 blog i\u00e7eri\u011fimizi okuyup \u00f6\u011frenebilirsiniz.","og_url":"https:\/\/earnado.com\/tr\/marka-stratejisi-nasil-olusturulur-nasil-yapilir\/","og_site_name":"Earnado","article_published_time":"2021-11-24T08:50:36+00:00","article_modified_time":"2023-01-05T14:14:24+00:00","og_image":[{"width":1280,"height":913,"url":"https:\/\/earnado.com\/tr\/wp-content\/uploads\/2021\/11\/brand-marketing-g16c7e9d8b_1280.jpg","type":"image\/jpeg"}],"author":"Aysima Akg\u00fcl","twitter_card":"summary_large_image","twitter_misc":{"Yazan:":"Aysima Akg\u00fcl","Tahmini okuma s\u00fcresi":"9 dakika"},"schema":{"@context":"https:\/\/schema.org","@graph":[{"@type":"WebPage","@id":"https:\/\/earnado.com\/tr\/marka-stratejisi-nasil-olusturulur-nasil-yapilir\/","url":"https:\/\/earnado.com\/tr\/marka-stratejisi-nasil-olusturulur-nasil-yapilir\/","name":"Marka Stratejisi Nas\u0131l Olu\u015fturulur? Nas\u0131l Yap\u0131l\u0131r? - Earnado","isPartOf":{"@id":"https:\/\/earnado.com\/tr\/#website"},"primaryImageOfPage":{"@id":"https:\/\/earnado.com\/tr\/marka-stratejisi-nasil-olusturulur-nasil-yapilir\/#primaryimage"},"image":{"@id":"https:\/\/earnado.com\/tr\/marka-stratejisi-nasil-olusturulur-nasil-yapilir\/#primaryimage"},"thumbnailUrl":"https:\/\/earnado.com\/tr\/wp-content\/uploads\/2021\/11\/brand-marketing-g16c7e9d8b_1280.jpg","datePublished":"2021-11-24T08:50:36+00:00","dateModified":"2023-01-05T14:14:24+00:00","author":{"@id":"https:\/\/earnado.com\/tr\/#\/schema\/person\/85f6e4347c43caf51ab050859317f814"},"description":"Marka Stratejisi Nas\u0131l Olu\u015fturulur? Nas\u0131l Yap\u0131l\u0131r? sorular\u0131n\u0131n cevaplar\u0131 ve daha fazlas\u0131n\u0131 blog i\u00e7eri\u011fimizi okuyup \u00f6\u011frenebilirsiniz.","inLanguage":"tr","potentialAction":[{"@type":"ReadAction","target":["https:\/\/earnado.com\/tr\/marka-stratejisi-nasil-olusturulur-nasil-yapilir\/"]}]},{"@type":"ImageObject","inLanguage":"tr","@id":"https:\/\/earnado.com\/tr\/marka-stratejisi-nasil-olusturulur-nasil-yapilir\/#primaryimage","url":"https:\/\/earnado.com\/tr\/wp-content\/uploads\/2021\/11\/brand-marketing-g16c7e9d8b_1280.jpg","contentUrl":"https:\/\/earnado.com\/tr\/wp-content\/uploads\/2021\/11\/brand-marketing-g16c7e9d8b_1280.jpg","width":1280,"height":913,"caption":"brand-marketing-g16c7e"},{"@type":"WebSite","@id":"https:\/\/earnado.com\/tr\/#website","url":"https:\/\/earnado.com\/tr\/","name":"Earnado","description":"\u0130\u015finizi Kafan\u0131zda De\u011fil \u0130nternette B\u00fcy\u00fct\u00fcn!","potentialAction":[{"@type":"SearchAction","target":{"@type":"EntryPoint","urlTemplate":"https:\/\/earnado.com\/tr\/?s={search_term_string}"},"query-input":"required name=search_term_string"}],"inLanguage":"tr"},{"@type":"Person","@id":"https:\/\/earnado.com\/tr\/#\/schema\/person\/85f6e4347c43caf51ab050859317f814","name":"Aysima Akg\u00fcl","image":{"@type":"ImageObject","inLanguage":"tr","@id":"https:\/\/earnado.com\/tr\/#\/schema\/person\/image\/","url":"https:\/\/secure.gravatar.com\/avatar\/1e1eaadf40dd743602ccf9d54426c80c89e0845ea3ce84d4a0d06ea79299ab28?s=96&d=mm&r=g","contentUrl":"https:\/\/secure.gravatar.com\/avatar\/1e1eaadf40dd743602ccf9d54426c80c89e0845ea3ce84d4a0d06ea79299ab28?s=96&d=mm&r=g","caption":"Aysima Akg\u00fcl"},"description":"Merhaba! Ben Aysima Akg\u00fcl. Marmara \u00dcniversitesi \u0130\u015fletme 3. s\u0131n\u0131f \u00f6\u011frencisiyim. \u0130\u015f geli\u015ftirme ve insan kaynaklar\u0131 alanlar\u0131nda staj yapt\u0131ktan sonra kendimi en \u00e7ok geli\u015ftirmek istedi\u011fim alan pazarlama oldu\u011fu i\u00e7in buraday\u0131m. Dijital pazarlama alan\u0131nda \u00f6\u011frenmeye, geli\u015fmeye ve \u00f6\u011frendiklerimi uygulamaya d\u00f6kmeye devam ediyorum.","sameAs":["www.linkedin.com\/in\/aysima-akg\u00fcl-b79300172"],"url":"https:\/\/earnado.com\/tr\/author\/aysima929gmail-com\/"}]}},"_links":{"self":[{"href":"https:\/\/earnado.com\/tr\/wp-json\/wp\/v2\/posts\/50943","targetHints":{"allow":["GET"]}}],"collection":[{"href":"https:\/\/earnado.com\/tr\/wp-json\/wp\/v2\/posts"}],"about":[{"href":"https:\/\/earnado.com\/tr\/wp-json\/wp\/v2\/types\/post"}],"author":[{"embeddable":true,"href":"https:\/\/earnado.com\/tr\/wp-json\/wp\/v2\/users\/290"}],"replies":[{"embeddable":true,"href":"https:\/\/earnado.com\/tr\/wp-json\/wp\/v2\/comments?post=50943"}],"version-history":[{"count":1,"href":"https:\/\/earnado.com\/tr\/wp-json\/wp\/v2\/posts\/50943\/revisions"}],"predecessor-version":[{"id":57363,"href":"https:\/\/earnado.com\/tr\/wp-json\/wp\/v2\/posts\/50943\/revisions\/57363"}],"wp:featuredmedia":[{"embeddable":true,"href":"https:\/\/earnado.com\/tr\/wp-json\/wp\/v2\/media\/50927"}],"wp:attachment":[{"href":"https:\/\/earnado.com\/tr\/wp-json\/wp\/v2\/media?parent=50943"}],"wp:term":[{"taxonomy":"category","embeddable":true,"href":"https:\/\/earnado.com\/tr\/wp-json\/wp\/v2\/categories?post=50943"},{"taxonomy":"post_tag","embeddable":true,"href":"https:\/\/earnado.com\/tr\/wp-json\/wp\/v2\/tags?post=50943"}],"curies":[{"name":"wp","href":"https:\/\/api.w.org\/{rel}","templated":true}]}}