{"id":52685,"date":"2022-01-27T20:15:51","date_gmt":"2022-01-27T17:15:51","guid":{"rendered":"http:\/\/earnado.com\/tr\/?p=52685"},"modified":"2023-01-05T17:10:31","modified_gmt":"2023-01-05T14:10:31","slug":"e-ticaret-firmalari-kargolama-rehberi","status":"publish","type":"post","link":"https:\/\/earnado.com\/tr\/e-ticaret-firmalari-kargolama-rehberi\/","title":{"rendered":"E-Ticaret Firmalar\u0131 \u0130\u00e7in Kargolama Rehberi"},"content":{"rendered":"<p>E-Ticaret i\u00e7in kargolama, s\u00fcrecin sa\u011fl\u0131kl\u0131 ilerleyi\u015fini sa\u011flamak i\u00e7in en \u00f6nemli par\u00e7alardan birini olu\u015fturur. G\u00fcn\u00fcm\u00fczde h\u0131zla geli\u015fen bir alan olan internet al\u0131\u015fveri\u015flerinde \u00fcr\u00fcnler t\u00fcketicilere kargo ile g\u00f6nderildi\u011fi i\u00e7in kargo y\u00f6netiminin en etkili \u015fekilde yap\u0131lmas\u0131 m\u00fc\u015fteri memnuniyetini art\u0131rman\u0131za da yard\u0131mc\u0131 olacakt\u0131r. Kargo s\u00fcrecinin sa\u011fl\u0131kl\u0131 bir \u015fekilde y\u00f6netilemedi\u011fi durumlarda ba\u015far\u0131l\u0131 bir E-Ticaret\u2019ten bahsetmemiz m\u00fcmk\u00fcn de\u011fildir. Dolay\u0131s\u0131yla E-Ticaret firmalar\u0131n\u0131n kargolama konusuna \u00f6nem vermeleri ve bu alan\u0131 geli\u015ftirecek etkili \u00e7\u00f6z\u00fcmler bulmalar\u0131 son derece \u00f6nemlidir.<\/p>\n<p>E-Ticaret i\u00e7in kargolama s\u00fcre\u00e7lerinde rehber niteli\u011fi ta\u015f\u0131yacak noktalar i\u00e7in yaz\u0131m\u0131z\u0131 okumaya devam edebilirsiniz!<\/p>\n<p><img fetchpriority=\"high\" decoding=\"async\" class=\"aligncenter wp-image-52688 size-full\" src=\"https:\/\/earnado.com\/tr\/wp-content\/uploads\/2022\/01\/Adsiz-tasarim-15.png\" alt=\"hangi-kargo-firmas\u0131-iyi\" width=\"800\" height=\"400\" srcset=\"https:\/\/earnado.com\/tr\/wp-content\/uploads\/2022\/01\/Adsiz-tasarim-15.png 800w, https:\/\/earnado.com\/tr\/wp-content\/uploads\/2022\/01\/Adsiz-tasarim-15-300x150.png 300w, https:\/\/earnado.com\/tr\/wp-content\/uploads\/2022\/01\/Adsiz-tasarim-15-768x384.png 768w, https:\/\/earnado.com\/tr\/wp-content\/uploads\/2022\/01\/Adsiz-tasarim-15-600x300.png 600w\" sizes=\"(max-width: 800px) 100vw, 800px\" \/><\/p>\n<h2>E-Ticaret Kargo Anla\u015fmas\u0131 Yaparken Bilmeniz Gerekenler<\/h2>\n<p>E-Ticaret sitesi \u00fczerinden d\u00fczenli olarak yap\u0131lan sat\u0131\u015flarda her bir \u00fcr\u00fcn g\u00f6nderimi i\u00e7in belli bir \u00fccret \u00f6denmesi gerekir. Bunlar\u0131n her biri firma i\u00e7in maliyet de\u011feri ta\u015f\u0131r. Kargo anla\u015fmas\u0131yla g\u00f6nderileri daha uygun bir \u015fekilde g\u00f6ndermek m\u00fcmk\u00fcn hale gelir. Kargo anla\u015fmalar\u0131 genellikle desi \u00fczerinden yap\u0131l\u0131r ve E-Ticaret i\u00e7in kargolama anla\u015fmas\u0131 kapsam\u0131nda, ba\u015fvuruda bulunulan kargo firmas\u0131n\u0131n verdi\u011fi fiyat bilgisi ve detaylar dikkatli bir \u015fekilde incelendikten sonra hareket edilmelidir.<\/p>\n<p>Firman\u0131z i\u00e7in avantajlar\u0131 bulunan uygun fiyatl\u0131 ve kampanyal\u0131 bir E-Ticaret kargo anla\u015fmas\u0131 sayesinde \u00fcr\u00fcnlerinizin ba\u015f\u0131na d\u00fc\u015fen maliyet oranlar\u0131n\u0131z azalacakt\u0131r. Bu durum ekonomik anlamda firman\u0131z i\u00e7in uzun ve k\u0131sa vadede bir\u00e7ok olumlu sonu\u00e7 do\u011furur. Bununla birlikte E-Ticaret kargo anla\u015fmalar\u0131yla m\u00fc\u015fterilerinize \u00fccretsiz kargo se\u00e7enekleri gibi baz\u0131 kampanyalar da sa\u011flayarak hedef kitlenizi geni\u015fletebilirsiniz.<\/p>\n<p>Bu i\u00e7erik de ilginizi \u00e7ekebilir: <a href=\"https:\/\/earnado.com\/tr\/stoksuz-e-ticaret-nasil-yapilir\/\"><span class=\"slide-in-container\"><span class=\"d-inline-block text-heading-default animated\">Stoksuz<\/span><\/span>\u00a0<span class=\"slide-in-container\"><span class=\"d-inline-block text-heading-default animated\">E-Ticaret<\/span><\/span>\u00a0<span class=\"slide-in-container\"><span class=\"d-inline-block text-heading-default animated\">Nas\u0131l<\/span><\/span>\u00a0<span class=\"slide-in-container\"><span class=\"d-inline-block text-heading-default animated\">Yap\u0131l\u0131r?<\/span><\/span>\u00a0<span class=\"slide-in-container\"><span class=\"d-inline-block text-heading-default animated\">Nelere<\/span><\/span>\u00a0<span class=\"slide-in-container\"><span class=\"d-inline-block text-heading-default animated\">Dikkat<\/span><\/span>\u00a0<span class=\"slide-in-container\"><span class=\"d-inline-block text-heading-default animated\">Edilir?<\/span><\/span><\/a><\/p>\n<p><img decoding=\"async\" class=\"aligncenter wp-image-52691 size-full\" src=\"https:\/\/earnado.com\/tr\/wp-content\/uploads\/2022\/01\/2-3.png\" alt=\"e-ticaret-kargolama-s\u00fcreci\" width=\"800\" height=\"400\" srcset=\"https:\/\/earnado.com\/tr\/wp-content\/uploads\/2022\/01\/2-3.png 800w, https:\/\/earnado.com\/tr\/wp-content\/uploads\/2022\/01\/2-3-300x150.png 300w, https:\/\/earnado.com\/tr\/wp-content\/uploads\/2022\/01\/2-3-768x384.png 768w, https:\/\/earnado.com\/tr\/wp-content\/uploads\/2022\/01\/2-3-600x300.png 600w\" sizes=\"(max-width: 800px) 100vw, 800px\" \/><\/p>\n<h2>E-Ticaret Kargo Kutusu Nas\u0131l Olmal\u0131? Paketleme T\u00fcyolar\u0131<\/h2>\n<p>\u00dcr\u00fcnlerin kargo paketleri m\u00fc\u015fteri memnuniyetinin sa\u011flanmas\u0131 konusunda \u00f6nemli noktalardan biri olarak kar\u015f\u0131m\u0131za \u00e7\u0131kar. \u00d6zenli bir \u015fekilde yap\u0131lm\u0131\u015f kargo paketleri m\u00fc\u015fteride firmaya dair bir g\u00fcven duygusu olu\u015ftururken kargo paketlerinin k\u00f6t\u00fc olmas\u0131 ise m\u00fc\u015fteride g\u00fcvensiz bir imaj b\u0131rakmaya neden olur. Kargo paketleme ile ilgili ilk ad\u0131m paketlenecek \u00fcr\u00fcn\u00fcn boyutu i\u00e7in uygun kargo paketinin se\u00e7ilmesidir. Kargo paketi \u00fcr\u00fcn\u00fc koruyacak nitelikte ve ekstra maliyet yaratmayacak \u00f6zellikte olmal\u0131d\u0131r.<\/p>\n<p>Kargo paketleme s\u0131ras\u0131nda kolide bo\u015f yer kalmamas\u0131na dikkat edilmelidir. Kolinin i\u00e7inde bo\u015f yer b\u0131rak\u0131lmamas\u0131 ta\u015f\u0131ma s\u0131ras\u0131nda \u00fcr\u00fcn\u00fcn hareket etmesini \u00f6nleyecek b\u00f6ylece hem kutunun hem de i\u00e7indeki \u00fcr\u00fcn\u00fcn zarar g\u00f6rmesi engellenmi\u015f olacakt\u0131r. Bununla birlikte bir kolide birden fazla e\u015fya g\u00f6nderilece\u011fi durumlarda her bir par\u00e7an\u0131n tek ba\u015f\u0131na sar\u0131lmas\u0131 ve karton ya da uygun di\u011fer b\u00f6l\u00fcc\u00fc malzemeler ile birbirinden ayr\u0131lmas\u0131 gerekir. Bu durum \u00fcr\u00fcnlerin zarar g\u00f6rmesini de engellemi\u015f olacakt\u0131r. T\u00fcm bunlar\u0131n yan\u0131 s\u0131ra kargo kutusunda markan\u0131n isminin ve logonun yer almas\u0131 marka bilinirli\u011fini art\u0131racak \u00f6nemli bir ad\u0131m olacakt\u0131r.<\/p>\n<p>\u00d6neri i\u00e7erik: <a href=\"https:\/\/earnado.com\/tr\/e-ticaret-satis-arttirma-yontemleri\/\"><span class=\"slide-in-container\"><span class=\"d-inline-block text-heading-default animated\">E-Ticaret<\/span><\/span>\u00a0<span class=\"slide-in-container\"><span class=\"d-inline-block text-heading-default animated\">Sat\u0131\u015f<\/span><\/span>\u00a0<span class=\"slide-in-container\"><span class=\"d-inline-block text-heading-default animated\">Artt\u0131rma<\/span><\/span>\u00a0<span class=\"slide-in-container\"><span class=\"d-inline-block text-heading-default animated\">Y\u00f6ntemleri<\/span><\/span><\/a><\/p>\n<h2>Kargolanacak \u00dcr\u00fcnlerin Desisi<\/h2>\n<p>E-Ticaret i\u00e7in kargolama s\u00fcre\u00e7lerinde \u00fcr\u00fcnlerin desisi de \u00f6nemli olan bir di\u011fer konudur. G\u00f6nderilecek kargolar\u0131n fiyat\u0131na do\u011frudan etki eden desi; paketin eni, boyu ve y\u00fcksekli\u011fi olmak \u00fczere \u00fc\u00e7 fakt\u00f6re g\u00f6re hesaplan\u0131r.<\/p>\n<p>E-ticaret kargo anla\u015fmas\u0131 ile kargolar\u0131n\u0131z\u0131n g\u00f6nderimlerinde g\u00f6nderi ba\u015f\u0131na ve desiye g\u00f6re fiyatlama se\u00e7eneklerini netle\u015ftirebilirsiniz.\u00a0 Bu noktada g\u00f6nderilecek \u00fcr\u00fcn\u00fcn boyutu ve a\u011f\u0131rl\u0131\u011f\u0131, teslimat \u00fccreti \u00fczerinde etkili olacakt\u0131r. Kargo anla\u015fmalar\u0131 ile belirlenen bu \u00fccretleri sabit bir h\u00e2le getirerek standart g\u00f6nderim \u00fccretlerinden daha hesapl\u0131 olacak \u015fekilde g\u00f6nderim i\u015flemlerinizi ger\u00e7ekle\u015ftirebilirsiniz.<\/p>\n<p><img decoding=\"async\" class=\"aligncenter wp-image-52690 size-full\" src=\"https:\/\/earnado.com\/tr\/wp-content\/uploads\/2022\/01\/1-2.png\" alt=\"e-ticaret-kargolama-teslimat-s\u011freci\" width=\"800\" height=\"400\" srcset=\"https:\/\/earnado.com\/tr\/wp-content\/uploads\/2022\/01\/1-2.png 800w, https:\/\/earnado.com\/tr\/wp-content\/uploads\/2022\/01\/1-2-300x150.png 300w, https:\/\/earnado.com\/tr\/wp-content\/uploads\/2022\/01\/1-2-768x384.png 768w, https:\/\/earnado.com\/tr\/wp-content\/uploads\/2022\/01\/1-2-600x300.png 600w\" sizes=\"(max-width: 800px) 100vw, 800px\" \/><\/p>\n<h3>Kargolanacak \u00dcr\u00fcnlerin Teslimat S\u00fcreci<\/h3>\n<p>E-Ticaret\u2019in en kilit noktas\u0131 \u00fcr\u00fcnlerin teslimat s\u00fcrecidir. E-Ticaret firmalar\u0131, al\u0131c\u0131ya \u00fcr\u00fcn\u00fc ula\u015ft\u0131rmak i\u00e7in genelde standart kargo hizmetini kullan\u0131rlar. Standart kargo s\u00fcre\u00e7lerinde \u00fcr\u00fcn al\u0131c\u0131ya teslim edilmek \u00fczere kargolan\u0131r, kargo firmas\u0131 \u00fcr\u00fcn\u00fc teslimat b\u00f6lgesine g\u00f6nderir, da\u011f\u0131t\u0131ma \u00e7\u0131kar\u0131lan \u00fcr\u00fcn kargoya verildikten bir ya da iki g\u00fcn sonra al\u0131c\u0131ya ula\u015ft\u0131r\u0131l\u0131r. Fakat bu durum m\u00fc\u015fterinin h\u0131z alg\u0131s\u0131n\u0131n da de\u011fi\u015fmesiyle birlikte geli\u015fme g\u00f6stermi\u015ftir. G\u00fcn\u00fcm\u00fcz \u015fartlar\u0131nda m\u00fc\u015fteriler ald\u0131klar\u0131 \u00fcr\u00fcn\u00fcn daha h\u0131zl\u0131 ve sorunsuz bir \u015fekilde eline ula\u015fmas\u0131n\u0131 ister. Bu nedenle E-Ticaret firmas\u0131n\u0131n kargo s\u00fcre\u00e7lerini h\u0131zland\u0131rmas\u0131 ve ayn\u0131 g\u00fcn kargo gibi etiketler kullanarak \u00fcr\u00fcnlerini sat\u0131\u015fa sunmas\u0131 m\u00fc\u015fterilerin al\u0131\u015fveri\u015f yapma ihtimalini de artt\u0131racakt\u0131r. Bununla birlikte kargolanacak \u00fcr\u00fcnlerin teslimat s\u00fcrecinde kargo teslimat\u0131 hakk\u0131nda m\u00fc\u015fterilere bilgilendirmelerin yap\u0131lmas\u0131 da son derece \u00f6nemlidir. M\u00fc\u015fterilerin al\u0131\u015fveri\u015flerinin ard\u0131ndan d\u00fczenli olarak \u00fcr\u00fcnlerinin kargo durumlar\u0131n\u0131n takibini yapabilecekleri ortam da sa\u011flanmal\u0131d\u0131r.<\/p>\n<p>E-ticaret yapan firmalar taraf\u0131ndan teslimat s\u00fcre\u00e7lerinin iyi y\u00f6netildi\u011fi durumlarda m\u00fc\u015fteri memnuniyeti de b\u00fcy\u00fck oranda art\u0131\u015f g\u00f6sterecektir. E-Ticaret i\u00e7in kargolama konusunda bu noktalar g\u00f6z \u00f6n\u00fcne bulundurularak firman\u0131z i\u00e7in en geli\u015ftirici se\u00e7enekleri dahil edebilirsiniz.<\/p>\n","protected":false},"excerpt":{"rendered":"<p>E-Ticaret i\u00e7in kargolama, s\u00fcrecin sa\u011fl\u0131kl\u0131 ilerleyi\u015fini sa\u011flamak i\u00e7in en \u00f6nemli par\u00e7alardan birini olu\u015fturur. G\u00fcn\u00fcm\u00fczde h\u0131zla geli\u015fen bir alan olan internet al\u0131\u015fveri\u015flerinde \u00fcr\u00fcnler t\u00fcketicilere kargo ile g\u00f6nderildi\u011fi i\u00e7in kargo y\u00f6netiminin en etkili \u015fekilde yap\u0131lmas\u0131 m\u00fc\u015fteri memnuniyetini art\u0131rman\u0131za da yard\u0131mc\u0131 olacakt\u0131r. Kargo&#8230;<\/p>\n","protected":false},"author":142,"featured_media":52693,"comment_status":"open","ping_status":"open","sticky":false,"template":"","format":"standard","meta":{"footnotes":""},"categories":[76,102,64,244,68,1239],"tags":[],"class_list":["post-52685","post","type-post","status-publish","format-standard","has-post-thumbnail","hentry","category-e-ticaret","category-girisimcilik","category-is-gelistirme","category-markalasma","category-satis","category-ticaret"],"yoast_head":"<!-- This site is optimized with the Yoast SEO plugin v22.7 - https:\/\/yoast.com\/wordpress\/plugins\/seo\/ -->\n<title>E-Ticaret Firmalar\u0131 \u0130\u00e7in Kargolama Rehberi - Earnado<\/title>\n<meta name=\"description\" content=\"E-Ticaret i\u00e7in kargolama s\u00fcre\u00e7lerinde rehber niteli\u011fi ta\u015f\u0131yacak noktalar\u0131 merak ediyorsan\u0131z bu i\u00e7eri\u011fimizi okuyabilirsini...\" \/>\n<meta name=\"robots\" content=\"index, follow, max-snippet:-1, max-image-preview:large, max-video-preview:-1\" \/>\n<link rel=\"canonical\" href=\"https:\/\/earnado.com\/tr\/e-ticaret-firmalari-kargolama-rehberi\/\" \/>\n<meta property=\"og:locale\" content=\"tr_TR\" \/>\n<meta property=\"og:type\" content=\"article\" \/>\n<meta property=\"og:title\" content=\"E-Ticaret Firmalar\u0131 \u0130\u00e7in Kargolama Rehberi - Earnado\" \/>\n<meta property=\"og:description\" content=\"E-Ticaret i\u00e7in kargolama s\u00fcre\u00e7lerinde rehber niteli\u011fi ta\u015f\u0131yacak noktalar\u0131 merak ediyorsan\u0131z bu i\u00e7eri\u011fimizi okuyabilirsini...\" \/>\n<meta property=\"og:url\" content=\"https:\/\/earnado.com\/tr\/e-ticaret-firmalari-kargolama-rehberi\/\" \/>\n<meta property=\"og:site_name\" content=\"Earnado\" \/>\n<meta property=\"article:published_time\" content=\"2022-01-27T17:15:51+00:00\" \/>\n<meta property=\"article:modified_time\" content=\"2023-01-05T14:10:31+00:00\" \/>\n<meta property=\"og:image\" content=\"https:\/\/earnado.com\/tr\/wp-content\/uploads\/2022\/01\/Adsiz-tasarim-18.png\" \/>\n\t<meta property=\"og:image:width\" content=\"800\" \/>\n\t<meta property=\"og:image:height\" content=\"400\" \/>\n\t<meta property=\"og:image:type\" content=\"image\/png\" \/>\n<meta name=\"author\" content=\"Tu\u011f\u00e7e Acar\" \/>\n<meta name=\"twitter:card\" content=\"summary_large_image\" \/>\n<meta name=\"twitter:label1\" content=\"Yazan:\" \/>\n\t<meta name=\"twitter:data1\" content=\"Tu\u011f\u00e7e Acar\" \/>\n\t<meta name=\"twitter:label2\" content=\"Tahmini okuma s\u00fcresi\" \/>\n\t<meta name=\"twitter:data2\" content=\"5 dakika\" \/>\n<script type=\"application\/ld+json\" class=\"yoast-schema-graph\">{\"@context\":\"https:\/\/schema.org\",\"@graph\":[{\"@type\":\"WebPage\",\"@id\":\"https:\/\/earnado.com\/tr\/e-ticaret-firmalari-kargolama-rehberi\/\",\"url\":\"https:\/\/earnado.com\/tr\/e-ticaret-firmalari-kargolama-rehberi\/\",\"name\":\"E-Ticaret Firmalar\u0131 \u0130\u00e7in Kargolama Rehberi - Earnado\",\"isPartOf\":{\"@id\":\"https:\/\/earnado.com\/tr\/#website\"},\"primaryImageOfPage\":{\"@id\":\"https:\/\/earnado.com\/tr\/e-ticaret-firmalari-kargolama-rehberi\/#primaryimage\"},\"image\":{\"@id\":\"https:\/\/earnado.com\/tr\/e-ticaret-firmalari-kargolama-rehberi\/#primaryimage\"},\"thumbnailUrl\":\"https:\/\/earnado.com\/tr\/wp-content\/uploads\/2022\/01\/Adsiz-tasarim-18.png\",\"datePublished\":\"2022-01-27T17:15:51+00:00\",\"dateModified\":\"2023-01-05T14:10:31+00:00\",\"author\":{\"@id\":\"https:\/\/earnado.com\/tr\/#\/schema\/person\/abe3a19540e8c3542032ad655eca8548\"},\"description\":\"E-Ticaret i\u00e7in kargolama s\u00fcre\u00e7lerinde rehber niteli\u011fi ta\u015f\u0131yacak noktalar\u0131 merak ediyorsan\u0131z bu i\u00e7eri\u011fimizi okuyabilirsini...\",\"inLanguage\":\"tr\",\"potentialAction\":[{\"@type\":\"ReadAction\",\"target\":[\"https:\/\/earnado.com\/tr\/e-ticaret-firmalari-kargolama-rehberi\/\"]}]},{\"@type\":\"ImageObject\",\"inLanguage\":\"tr\",\"@id\":\"https:\/\/earnado.com\/tr\/e-ticaret-firmalari-kargolama-rehberi\/#primaryimage\",\"url\":\"https:\/\/earnado.com\/tr\/wp-content\/uploads\/2022\/01\/Adsiz-tasarim-18.png\",\"contentUrl\":\"https:\/\/earnado.com\/tr\/wp-content\/uploads\/2022\/01\/Adsiz-tasarim-18.png\",\"width\":800,\"height\":400,\"caption\":\"e-ticaret-kargolama-nasil-yapilir\"},{\"@type\":\"WebSite\",\"@id\":\"https:\/\/earnado.com\/tr\/#website\",\"url\":\"https:\/\/earnado.com\/tr\/\",\"name\":\"Earnado\",\"description\":\"\u0130\u015finizi Kafan\u0131zda De\u011fil \u0130nternette B\u00fcy\u00fct\u00fcn!\",\"potentialAction\":[{\"@type\":\"SearchAction\",\"target\":{\"@type\":\"EntryPoint\",\"urlTemplate\":\"https:\/\/earnado.com\/tr\/?s={search_term_string}\"},\"query-input\":\"required name=search_term_string\"}],\"inLanguage\":\"tr\"},{\"@type\":\"Person\",\"@id\":\"https:\/\/earnado.com\/tr\/#\/schema\/person\/abe3a19540e8c3542032ad655eca8548\",\"name\":\"Tu\u011f\u00e7e Acar\",\"image\":{\"@type\":\"ImageObject\",\"inLanguage\":\"tr\",\"@id\":\"https:\/\/earnado.com\/tr\/#\/schema\/person\/image\/\",\"url\":\"https:\/\/secure.gravatar.com\/avatar\/320b5cbcde073a8f7644a394865b987b7daf04cf86002df58fd3fe5e212dba9e?s=96&d=mm&r=g\",\"contentUrl\":\"https:\/\/secure.gravatar.com\/avatar\/320b5cbcde073a8f7644a394865b987b7daf04cf86002df58fd3fe5e212dba9e?s=96&d=mm&r=g\",\"caption\":\"Tu\u011f\u00e7e Acar\"},\"description\":\"\u0130\u015f geli\u015ftirme, giri\u015fimcilik ve dijital pazarlama ile ilgili \u00f6\u011frendiklerimi sizlere aktarmaya \u00e7al\u0131\u015f\u0131yorum. \u0130\u015finizi geli\u015ftirmek i\u00e7in \u00f6neriler vermeye devam edece\u011fim. Ba\u015far\u0131lar,\",\"url\":\"https:\/\/earnado.com\/tr\/author\/tugceacar\/\"}]}<\/script>\n<!-- \/ Yoast SEO plugin. -->","yoast_head_json":{"title":"E-Ticaret Firmalar\u0131 \u0130\u00e7in Kargolama Rehberi - Earnado","description":"E-Ticaret i\u00e7in kargolama s\u00fcre\u00e7lerinde rehber niteli\u011fi ta\u015f\u0131yacak noktalar\u0131 merak ediyorsan\u0131z bu i\u00e7eri\u011fimizi okuyabilirsini...","robots":{"index":"index","follow":"follow","max-snippet":"max-snippet:-1","max-image-preview":"max-image-preview:large","max-video-preview":"max-video-preview:-1"},"canonical":"https:\/\/earnado.com\/tr\/e-ticaret-firmalari-kargolama-rehberi\/","og_locale":"tr_TR","og_type":"article","og_title":"E-Ticaret Firmalar\u0131 \u0130\u00e7in Kargolama Rehberi - Earnado","og_description":"E-Ticaret i\u00e7in kargolama s\u00fcre\u00e7lerinde rehber niteli\u011fi ta\u015f\u0131yacak noktalar\u0131 merak ediyorsan\u0131z bu i\u00e7eri\u011fimizi okuyabilirsini...","og_url":"https:\/\/earnado.com\/tr\/e-ticaret-firmalari-kargolama-rehberi\/","og_site_name":"Earnado","article_published_time":"2022-01-27T17:15:51+00:00","article_modified_time":"2023-01-05T14:10:31+00:00","og_image":[{"width":800,"height":400,"url":"https:\/\/earnado.com\/tr\/wp-content\/uploads\/2022\/01\/Adsiz-tasarim-18.png","type":"image\/png"}],"author":"Tu\u011f\u00e7e Acar","twitter_card":"summary_large_image","twitter_misc":{"Yazan:":"Tu\u011f\u00e7e Acar","Tahmini okuma s\u00fcresi":"5 dakika"},"schema":{"@context":"https:\/\/schema.org","@graph":[{"@type":"WebPage","@id":"https:\/\/earnado.com\/tr\/e-ticaret-firmalari-kargolama-rehberi\/","url":"https:\/\/earnado.com\/tr\/e-ticaret-firmalari-kargolama-rehberi\/","name":"E-Ticaret Firmalar\u0131 \u0130\u00e7in Kargolama Rehberi - Earnado","isPartOf":{"@id":"https:\/\/earnado.com\/tr\/#website"},"primaryImageOfPage":{"@id":"https:\/\/earnado.com\/tr\/e-ticaret-firmalari-kargolama-rehberi\/#primaryimage"},"image":{"@id":"https:\/\/earnado.com\/tr\/e-ticaret-firmalari-kargolama-rehberi\/#primaryimage"},"thumbnailUrl":"https:\/\/earnado.com\/tr\/wp-content\/uploads\/2022\/01\/Adsiz-tasarim-18.png","datePublished":"2022-01-27T17:15:51+00:00","dateModified":"2023-01-05T14:10:31+00:00","author":{"@id":"https:\/\/earnado.com\/tr\/#\/schema\/person\/abe3a19540e8c3542032ad655eca8548"},"description":"E-Ticaret i\u00e7in kargolama s\u00fcre\u00e7lerinde rehber niteli\u011fi ta\u015f\u0131yacak noktalar\u0131 merak ediyorsan\u0131z bu i\u00e7eri\u011fimizi okuyabilirsini...","inLanguage":"tr","potentialAction":[{"@type":"ReadAction","target":["https:\/\/earnado.com\/tr\/e-ticaret-firmalari-kargolama-rehberi\/"]}]},{"@type":"ImageObject","inLanguage":"tr","@id":"https:\/\/earnado.com\/tr\/e-ticaret-firmalari-kargolama-rehberi\/#primaryimage","url":"https:\/\/earnado.com\/tr\/wp-content\/uploads\/2022\/01\/Adsiz-tasarim-18.png","contentUrl":"https:\/\/earnado.com\/tr\/wp-content\/uploads\/2022\/01\/Adsiz-tasarim-18.png","width":800,"height":400,"caption":"e-ticaret-kargolama-nasil-yapilir"},{"@type":"WebSite","@id":"https:\/\/earnado.com\/tr\/#website","url":"https:\/\/earnado.com\/tr\/","name":"Earnado","description":"\u0130\u015finizi Kafan\u0131zda De\u011fil \u0130nternette B\u00fcy\u00fct\u00fcn!","potentialAction":[{"@type":"SearchAction","target":{"@type":"EntryPoint","urlTemplate":"https:\/\/earnado.com\/tr\/?s={search_term_string}"},"query-input":"required name=search_term_string"}],"inLanguage":"tr"},{"@type":"Person","@id":"https:\/\/earnado.com\/tr\/#\/schema\/person\/abe3a19540e8c3542032ad655eca8548","name":"Tu\u011f\u00e7e Acar","image":{"@type":"ImageObject","inLanguage":"tr","@id":"https:\/\/earnado.com\/tr\/#\/schema\/person\/image\/","url":"https:\/\/secure.gravatar.com\/avatar\/320b5cbcde073a8f7644a394865b987b7daf04cf86002df58fd3fe5e212dba9e?s=96&d=mm&r=g","contentUrl":"https:\/\/secure.gravatar.com\/avatar\/320b5cbcde073a8f7644a394865b987b7daf04cf86002df58fd3fe5e212dba9e?s=96&d=mm&r=g","caption":"Tu\u011f\u00e7e Acar"},"description":"\u0130\u015f geli\u015ftirme, giri\u015fimcilik ve dijital pazarlama ile ilgili \u00f6\u011frendiklerimi sizlere aktarmaya \u00e7al\u0131\u015f\u0131yorum. \u0130\u015finizi geli\u015ftirmek i\u00e7in \u00f6neriler vermeye devam edece\u011fim. Ba\u015far\u0131lar,","url":"https:\/\/earnado.com\/tr\/author\/tugceacar\/"}]}},"_links":{"self":[{"href":"https:\/\/earnado.com\/tr\/wp-json\/wp\/v2\/posts\/52685","targetHints":{"allow":["GET"]}}],"collection":[{"href":"https:\/\/earnado.com\/tr\/wp-json\/wp\/v2\/posts"}],"about":[{"href":"https:\/\/earnado.com\/tr\/wp-json\/wp\/v2\/types\/post"}],"author":[{"embeddable":true,"href":"https:\/\/earnado.com\/tr\/wp-json\/wp\/v2\/users\/142"}],"replies":[{"embeddable":true,"href":"https:\/\/earnado.com\/tr\/wp-json\/wp\/v2\/comments?post=52685"}],"version-history":[{"count":1,"href":"https:\/\/earnado.com\/tr\/wp-json\/wp\/v2\/posts\/52685\/revisions"}],"predecessor-version":[{"id":57347,"href":"https:\/\/earnado.com\/tr\/wp-json\/wp\/v2\/posts\/52685\/revisions\/57347"}],"wp:featuredmedia":[{"embeddable":true,"href":"https:\/\/earnado.com\/tr\/wp-json\/wp\/v2\/media\/52693"}],"wp:attachment":[{"href":"https:\/\/earnado.com\/tr\/wp-json\/wp\/v2\/media?parent=52685"}],"wp:term":[{"taxonomy":"category","embeddable":true,"href":"https:\/\/earnado.com\/tr\/wp-json\/wp\/v2\/categories?post=52685"},{"taxonomy":"post_tag","embeddable":true,"href":"https:\/\/earnado.com\/tr\/wp-json\/wp\/v2\/tags?post=52685"}],"curies":[{"name":"wp","href":"https:\/\/api.w.org\/{rel}","templated":true}]}}