{"id":52770,"date":"2023-01-05T13:55:00","date_gmt":"2023-01-05T10:55:00","guid":{"rendered":"http:\/\/earnado.com\/tr\/?p=52770"},"modified":"2026-02-27T22:41:24","modified_gmt":"2026-02-27T19:41:24","slug":"instagram-icin-yeni-hesap-acma-ipuclari-ve-pazarlama-onerileri","status":"publish","type":"post","link":"https:\/\/earnado.com\/tr\/instagram-icin-yeni-hesap-acma-ipuclari-ve-pazarlama-onerileri\/","title":{"rendered":"\u0130nstagram \u0130\u00e7in Yeni Hesap A\u00e7ma \u0130pu\u00e7lar\u0131 ve Pazarlama \u00d6nerileri"},"content":{"rendered":"\t\t<div data-elementor-type=\"wp-post\" data-elementor-id=\"52770\" class=\"elementor elementor-52770\">\n\t\t\t\t\t\t<section class=\"elementor-section elementor-top-section elementor-element elementor-element-562d70cd elementor-section-boxed elementor-section-height-default elementor-section-height-default\" data-id=\"562d70cd\" data-element_type=\"section\">\n\t\t\t\t\t\t<div class=\"elementor-container elementor-column-gap-default\">\n\t\t\t\t\t<div class=\"elementor-column elementor-col-100 elementor-top-column elementor-element elementor-element-355bb5d2\" data-id=\"355bb5d2\" data-element_type=\"column\">\n\t\t\t<div class=\"elementor-widget-wrap elementor-element-populated\">\n\t\t\t\t\t\t<div class=\"elementor-element elementor-element-7052c0bb elementor-widget elementor-widget-text-editor\" data-id=\"7052c0bb\" data-element_type=\"widget\" data-widget_type=\"text-editor.default\">\n\t\t\t\t<div class=\"elementor-widget-container\">\n\t\t\t<style>\/*! elementor - v3.21.0 - 08-05-2024 *\/\n.elementor-widget-text-editor.elementor-drop-cap-view-stacked .elementor-drop-cap{background-color:#69727d;color:#fff}.elementor-widget-text-editor.elementor-drop-cap-view-framed .elementor-drop-cap{color:#69727d;border:3px solid;background-color:transparent}.elementor-widget-text-editor:not(.elementor-drop-cap-view-default) .elementor-drop-cap{margin-top:8px}.elementor-widget-text-editor:not(.elementor-drop-cap-view-default) .elementor-drop-cap-letter{width:1em;height:1em}.elementor-widget-text-editor .elementor-drop-cap{float:left;text-align:center;line-height:1;font-size:50px}.elementor-widget-text-editor .elementor-drop-cap-letter{display:inline-block}<\/style>\t\t\t\t<h1>\u0130nstagram&#8217;\u0131n \u00d6nemi<\/h1>\r\nG\u00fcn\u00fcm\u00fczde art\u0131k sosyal medyan\u0131n g\u00f6z bebeklerinden olan <strong>\u0130nstagram<\/strong>&#8216;\u0131n \u00f6nemi tart\u0131\u015fmaya pek de a\u00e7\u0131k olmayan bir konu. Geldi\u011fimiz noktada aktif kullan\u0131c\u0131 say\u0131s\u0131 2 milyar\u0131 a\u015fm\u0131\u015f durumda. Art\u0131k \u00e7o\u011fumuzun bir \u0130nstagram hesab\u0131 var ve zaman\u0131m\u0131z\u0131n belirli bir k\u0131sm\u0131n\u0131 burada harcamaktay\u0131z. Hal b\u00f6yleyken hayat\u0131m\u0131za <strong>\u0130nstagram Pazarlama<\/strong> gibi kavramlar da girmi\u015f durumda. Peki bahsetti\u011fimiz bu kavram tam olarak nedir?\r\n\r\n<img fetchpriority=\"high\" decoding=\"async\" class=\"alignnone size-full wp-image-52805\" src=\"https:\/\/earnado.com\/tr\/wp-content\/uploads\/2022\/02\/Instagram-Pazarlama-12.png\" alt=\"\" width=\"700\" height=\"350\" srcset=\"https:\/\/earnado.com\/tr\/wp-content\/uploads\/2022\/02\/Instagram-Pazarlama-12.png 700w, https:\/\/earnado.com\/tr\/wp-content\/uploads\/2022\/02\/Instagram-Pazarlama-12-300x150.png 300w, https:\/\/earnado.com\/tr\/wp-content\/uploads\/2022\/02\/Instagram-Pazarlama-12-600x300.png 600w\" sizes=\"(max-width: 700px) 100vw, 700px\" \/>\r\n<h2>\u0130nstagram Pazarlama<\/h2>\r\n\u00dcr\u00fcn ve hizmetlerimizi pazarlamak i\u00e7in<a href=\"https:\/\/earnado.com\/tr\/instagram-algoritmasi-nasil-calisir-hesap-gelistirme-onerileri\/\"> \u0130nstagram<\/a>&#8216;\u0131 kullanmam\u0131za \u0130nstagram pazarlamas\u0131 denilmekte.\r\n\u0130nstagram pazarlamas\u0131, m\u00fc\u015fterilerimizle etkile\u015fim kurmak ve yeni m\u00fc\u015fterilere ula\u015fmak i\u00e7in tercih edebilece\u011fimiz mant\u0131kl\u0131 yollardan birisidir. Ayr\u0131ca \u0130nstagram pazarlamas\u0131, ama\u00e7lar\u0131m\u0131za ula\u015fmam\u0131z konusunda ne denli ba\u015far\u0131l\u0131 oldu\u011fumuzu a\u00e7\u0131k ve anla\u015f\u0131l\u0131r \u015fekilde g\u00f6steren veri analizi ara\u00e7lar\u0131na da sahiptir.\r\n\r\n\u0130nstagram&#8217;\u0131n bu denli fazla kullan\u0131ld\u0131\u011f\u0131 bir d\u00f6nemde \u0130nstagram pazarlaman\u0131n da yeri haliyle \u00f6nemli \u00e7ok \u00f6nemli. Bu denli \u00f6nemli bir yere sahip olan \u0130nstagram&#8217;da yeni bir hesap a\u00e7arken dikkat etmeniz gereken noktalar\u0131 ve pazarlama \u00f6nerilerini sizler i\u00e7in derledik.\r\n\r\n<img decoding=\"async\" class=\"alignnone size-full wp-image-52794\" src=\"https:\/\/earnado.com\/tr\/wp-content\/uploads\/2022\/02\/Instagram-Pazarlama-1.png\" alt=\"\" width=\"700\" height=\"350\" srcset=\"https:\/\/earnado.com\/tr\/wp-content\/uploads\/2022\/02\/Instagram-Pazarlama-1.png 700w, https:\/\/earnado.com\/tr\/wp-content\/uploads\/2022\/02\/Instagram-Pazarlama-1-300x150.png 300w, https:\/\/earnado.com\/tr\/wp-content\/uploads\/2022\/02\/Instagram-Pazarlama-1-600x300.png 600w\" sizes=\"(max-width: 700px) 100vw, 700px\" \/>\r\n\r\nDikkatini \u00e7ekebilir: <a href=\"https:\/\/earnado.com\/tr\/basarili-bir-sosyal-medya-pazarlamasi-icin-10-oneri\/\">https:\/\/earnado.com\/tr\/basarili-bir-sosyal-medya-pazarlamasi-icin-10-oneri\/<\/a>\r\n<h3 id=\"tw-target-text\" class=\"tw-data-text tw-text-large tw-ta\" dir=\"ltr\" data-placeholder=\"\u00c7eviri\"><span class=\"Y2IQFc\" lang=\"tr\">\u0130nstagram Pazarlama Avantajlar\u0131<\/span><\/h3>\r\n<ul>\r\n \t<li>\u0130nstagram kullan\u0131c\u0131lar\u0131, \u00fcr\u00fcn\u00fcn\u00fcz\u00fc\/hizmetlerinizi sat\u0131n alma f\u0131rsat\u0131na sahiptir.<\/li>\r\n \t<li>Platformun ayr\u0131ca g\u00fcnl\u00fck 500 milyon aktif kullan\u0131c\u0131s\u0131 var.<\/li>\r\n \t<li>Halihaz\u0131rda platformdan yararlanan pazarlamac\u0131lar, Instagram mobilden 7 milyar dolardan fazla gelir elde edildi\u011fini do\u011frulayabilir.<\/li>\r\n \t<li>Ayn\u0131 zamanda 2 milyondan fazla reklam verenin evi.<\/li>\r\n \t<li>Ara\u015ft\u0131rmalar, uygulamay\u0131 kullanan kitlenin 1\/3&#8217;\u00fcnden fazlas\u0131n\u0131n uygulamay\u0131 \u00fcr\u00fcn sat\u0131n almak i\u00e7in kulland\u0131\u011f\u0131n\u0131 g\u00f6steriyor.<\/li>\r\n \t<li>\u0130nstagram&#8217;da ne kadar \u00e7ok reklam verirseniz, \u00fcr\u00fcnlerinizin sat\u0131lma olas\u0131l\u0131\u011f\u0131n\u0131n o kadar y\u00fcksek oldu\u011funu belirtir.<\/li>\r\n \t<li>\u0130nstagram ayr\u0131ca \u00e7ok say\u0131da hedefleme se\u00e7ene\u011fi sunar. Ana \u015firketi Facebook (\u0130nstagram&#8217;\u0131n da bir reklam platformunu payla\u015ft\u0131\u011f\u0131) sayesinde, Facebook gibi Instagram da ya\u015fa, konuma, cinsiyete, ilgi alanlar\u0131na ve \u00e7ok daha fazlas\u0131na dayal\u0131 reklamc\u0131l\u0131k gibi \u00f6zelliklere eri\u015febilir.<\/li>\r\n \t<li>Ayr\u0131ca daha iyi marka takip\u00e7isi ili\u015fkileri kurabilirsiniz. Bir platform olarak Instagram, takip\u00e7ilerinizle sohbet etmenize ve onlarla ili\u015fkiler kurman\u0131za olanak tan\u0131r. Kitlenizi etkile\u015fime dayal\u0131 olarak anlamak, i\u00e7eri\u011finiz hakk\u0131nda ak\u0131ll\u0131 ve bilin\u00e7li kararlar vermenize de yard\u0131mc\u0131 olacakt\u0131r. Bu, takip\u00e7inizin bir m\u00fc\u015fteriye d\u00f6n\u00fc\u015fme \u015fans\u0131n\u0131 \u00f6nemli \u00f6l\u00e7\u00fcde art\u0131rabilir.<\/li>\r\n<\/ul>\r\n<img decoding=\"async\" class=\"alignnone size-full wp-image-52795\" src=\"https:\/\/earnado.com\/tr\/wp-content\/uploads\/2022\/02\/Instagram-Pazarlama-2.png\" alt=\"\" width=\"700\" height=\"350\" srcset=\"https:\/\/earnado.com\/tr\/wp-content\/uploads\/2022\/02\/Instagram-Pazarlama-2.png 700w, https:\/\/earnado.com\/tr\/wp-content\/uploads\/2022\/02\/Instagram-Pazarlama-2-300x150.png 300w, https:\/\/earnado.com\/tr\/wp-content\/uploads\/2022\/02\/Instagram-Pazarlama-2-600x300.png 600w\" sizes=\"(max-width: 700px) 100vw, 700px\" \/>\r\n<h3>1) \u0130\u00e7erik Stratejinize Karar Verin<\/h3>\r\n\u00dcretmek istedi\u011finiz i\u00e7eri\u011fin ne ile alakal\u0131 oldu\u011fu, insanlara y\u00f6nelik ne gibi faydalar\u0131 oldu\u011funu, hangi kategoriye girdi\u011fi gibi konulara karar verin. Bu \u015fekilde bir hesap olu\u015fturman\u0131z en mant\u0131kl\u0131 ba\u015flang\u0131\u00e7lardan olacakt\u0131r. Olu\u015fturaca\u011f\u0131n\u0131z i\u00e7eriklerin sahibi tamamen siz mi olacaks\u0131n\u0131z yoksa belirledi\u011finiz kaynaklardan yard\u0131m alarak m\u0131 i\u00e7erik olu\u015fturacaks\u0131n\u0131z? Bu da hesab\u0131n\u0131z i\u00e7in \u00fcst\u00fcnde \u00e7al\u0131\u015f\u0131p karar vermeniz gereken di\u011fer \u00f6nemli bir mevzu. Ayn\u0131 \u015fekilde ne kadar s\u0131kl\u0131kla i\u00e7erik olu\u015fturaca\u011f\u0131n\u0131z ve i\u00e7erik payla\u015faca\u011f\u0131n\u0131z da \u00f6nemli di\u011fer konulardan birisidir.\r\n\r\n<img loading=\"lazy\" decoding=\"async\" class=\"alignnone size-full wp-image-52802\" src=\"https:\/\/earnado.com\/tr\/wp-content\/uploads\/2022\/02\/Instagram-Pazarlama-9.png\" alt=\"\" width=\"700\" height=\"350\" srcset=\"https:\/\/earnado.com\/tr\/wp-content\/uploads\/2022\/02\/Instagram-Pazarlama-9.png 700w, https:\/\/earnado.com\/tr\/wp-content\/uploads\/2022\/02\/Instagram-Pazarlama-9-300x150.png 300w, https:\/\/earnado.com\/tr\/wp-content\/uploads\/2022\/02\/Instagram-Pazarlama-9-600x300.png 600w\" sizes=\"(max-width: 700px) 100vw, 700px\" \/>\r\n<h3>2) Kullan\u0131m S\u0131kl\u0131\u011f\u0131n\u0131 Ayarlay\u0131n<\/h3>\r\nHesab\u0131n\u0131zda g\u00f6nderileri payla\u015fmak i\u00e7in belli bir zaman ve g\u00f6nderi say\u0131s\u0131 belirlemenizde fayda var.\r\nG\u00fcnde 3 ila 5 g\u00f6nderi ve g\u00fcnde 5 ila 8 hikaye g\u00f6nderimi \u0130nstagram hesab\u0131n\u0131z i\u00e7in yeterli ve faydal\u0131 bir say\u0131d\u0131r. S\u0131k\u0131 \u00e7al\u0131\u015fman\u0131z, i\u00e7erik \u00fcretmeniz ve insanlar taraf\u0131ndan unutulmaman\u0131z gerekiyor. Unutmay\u0131n, \u0130nstagramda her zaman belirli zaman ve belirli bir say\u0131yla g\u00f6nderi payla\u015fan sayfalar ba\u015far\u0131l\u0131 olmaktad\u0131r.\r\n\r\n<img loading=\"lazy\" decoding=\"async\" class=\"alignnone size-full wp-image-52806\" src=\"https:\/\/earnado.com\/tr\/wp-content\/uploads\/2022\/02\/Instagram-Pazarlama-13.png\" alt=\"\" width=\"700\" height=\"350\" srcset=\"https:\/\/earnado.com\/tr\/wp-content\/uploads\/2022\/02\/Instagram-Pazarlama-13.png 700w, https:\/\/earnado.com\/tr\/wp-content\/uploads\/2022\/02\/Instagram-Pazarlama-13-300x150.png 300w, https:\/\/earnado.com\/tr\/wp-content\/uploads\/2022\/02\/Instagram-Pazarlama-13-600x300.png 600w\" sizes=\"(max-width: 700px) 100vw, 700px\" \/>\r\n<h3>3) \u0130\u00e7eriklerin \u00d6nemini Fark Edin<\/h3>\r\nHesab\u0131n\u0131z i\u00e7in i\u00e7erik olu\u015ftururken i\u00e7eriklerinizin \u00f6zg\u00fcn, dikkat \u00e7ekici ve i\u015fe yarar olmas\u0131na dikkat edin. Kendinize has tarz\u0131n\u0131zla her zaman \u00f6ne \u00e7\u0131kmay\u0131 ba\u015farabilirsiniz. Di\u011ferlerinden fark yaratacak i\u00e7erikler olu\u015fturmak size her zaman art\u0131 puan olarak geri d\u00f6necektir. Bu \u00f6nemli bir nokta unutmay\u0131n! \u0130nsanlar\u0131n i\u00e7eriklerinizi okuyup izlemeleri i\u00e7in onlara mant\u0131kl\u0131 sebepler verin. \u0130\u00e7eriklerinizi \u00f6nemsemelerini ve etkile\u015fim kurmalar\u0131n\u0131 sa\u011flay\u0131n. Belirledi\u011finiz amaca uygun i\u00e7erikler \u00fcretmeniz ve daima tutarl\u0131 bir \u015fekilde yol izlemeniz hesab\u0131n\u0131z i\u00e7in en iyisi olacakt\u0131r. Ayn\u0131 zamanda i\u00e7erik \u00fcretirken i\u00e7eriklerinizin g\u00f6rsellerden ya da videolardan olu\u015fmas\u0131na \u00f6zen g\u00f6sterin. \u0130nsanlar\u0131n dikkati genellikle video ya da g\u00f6rsellerden olu\u015fan i\u00e7eriklere kaymakta.\r\n\r\n<img loading=\"lazy\" decoding=\"async\" class=\"alignnone size-full wp-image-52808\" src=\"https:\/\/earnado.com\/tr\/wp-content\/uploads\/2022\/02\/Instagram-Pazarlama-15.png\" alt=\"\" width=\"700\" height=\"350\" srcset=\"https:\/\/earnado.com\/tr\/wp-content\/uploads\/2022\/02\/Instagram-Pazarlama-15.png 700w, https:\/\/earnado.com\/tr\/wp-content\/uploads\/2022\/02\/Instagram-Pazarlama-15-300x150.png 300w, https:\/\/earnado.com\/tr\/wp-content\/uploads\/2022\/02\/Instagram-Pazarlama-15-600x300.png 600w\" sizes=\"(max-width: 700px) 100vw, 700px\" \/>\r\n\r\n&nbsp;\r\n<h3>4) Kimli\u011finizi Olu\u015fturun<\/h3>\r\n\u0130nsanlara tam olarak kim oldu\u011funuzu, ama\u00e7lar\u0131n\u0131z\u0131, ne i\u00e7in sahip oldu\u011funuz hesab\u0131n var oldu\u011funu ve neler yapt\u0131\u011f\u0131n\u0131z\u0131 sade ve a\u00e7\u0131k bir \u015fekilde ifade edin. Takip\u00e7ilerinizin g\u00fcvenini sa\u011flay\u0131n ve tutarl\u0131 olun. Ama\u00e7lar\u0131n\u0131zdan sapmay\u0131n ve ba\u015flad\u0131\u011f\u0131n\u0131z ilk g\u00fcnden itibaren hep ayn\u0131 stilde devam etmeye \u00f6zen g\u00f6sterin.\r\n\r\n<img loading=\"lazy\" decoding=\"async\" class=\"alignnone size-full wp-image-52810\" src=\"https:\/\/earnado.com\/tr\/wp-content\/uploads\/2022\/02\/Instagram-Pazarlama-17.png\" alt=\"\" width=\"700\" height=\"350\" srcset=\"https:\/\/earnado.com\/tr\/wp-content\/uploads\/2022\/02\/Instagram-Pazarlama-17.png 700w, https:\/\/earnado.com\/tr\/wp-content\/uploads\/2022\/02\/Instagram-Pazarlama-17-300x150.png 300w, https:\/\/earnado.com\/tr\/wp-content\/uploads\/2022\/02\/Instagram-Pazarlama-17-600x300.png 600w\" sizes=\"(max-width: 700px) 100vw, 700px\" \/>\r\n<h3>5) Hashtag Kullan\u0131m\u0131na Dikkat Edin<\/h3>\r\nHashtagler, hesab\u0131n\u0131zda payla\u015ft\u0131\u011f\u0131n\u0131z g\u00f6nderilerinizin insanlar taraf\u0131ndan g\u00f6r\u00fclmesini sa\u011flamas\u0131 a\u00e7\u0131s\u0131ndan \u00f6nemlidir. Hashtag kullan\u0131m\u0131na \u00f6zen g\u00f6stererek insanlar\u0131n sizi ke\u015ffetmesini sa\u011flayabilirsiniz. Ayn\u0131 zamanda kullan\u0131c\u0131larla etkile\u015fime ge\u00e7me f\u0131rsat\u0131 yakalars\u0131n\u0131z. Hashtag kullan\u0131rken dikkat etmeniz gereken \u015feylerden birisi, payla\u015ft\u0131\u011f\u0131n\u0131z i\u00e7eriklerinizin odak noktas\u0131na vurgu yapan ve genellikten ka\u00e7\u0131n\u0131lan hashtagler kullanman\u0131zd\u0131r. Bu sayede \u00fcretti\u011finiz i\u00e7erikleriniz her ne \u00fczerineyse o konuyla ilgilenen kullan\u0131c\u0131lar taraf\u0131ndan ke\u015ffedilme \u015fans\u0131n\u0131z artar.\r\nBu da size etkile\u015fim ve takip\u00e7i kazand\u0131r\u0131r.\r\n\r\n<img loading=\"lazy\" decoding=\"async\" class=\"alignnone size-full wp-image-52807\" src=\"https:\/\/earnado.com\/tr\/wp-content\/uploads\/2022\/02\/Instagram-Pazarlama-14.png\" alt=\"\" width=\"700\" height=\"350\" srcset=\"https:\/\/earnado.com\/tr\/wp-content\/uploads\/2022\/02\/Instagram-Pazarlama-14.png 700w, https:\/\/earnado.com\/tr\/wp-content\/uploads\/2022\/02\/Instagram-Pazarlama-14-300x150.png 300w, https:\/\/earnado.com\/tr\/wp-content\/uploads\/2022\/02\/Instagram-Pazarlama-14-600x300.png 600w\" sizes=\"(max-width: 700px) 100vw, 700px\" \/>\r\n<h3>6) Takip\u00e7ilerinizle Etkile\u015fime \u00d6nem Verin<\/h3>\r\n\u0130nstagramdaki kullan\u0131c\u0131larla etkile\u015fim kurman\u0131z size art\u0131 puan olarak d\u00f6necektir. Bu da di\u011fer \u00f6nemli noktalardan birisidir. Bunu yaparak tam olarak &#8220;Ben buraday\u0131m&#8221; demi\u015f olursunuz ve insanlar\u0131n sizi fark etmesini sa\u011flars\u0131n\u0131z. Payla\u015ft\u0131\u011f\u0131n\u0131z g\u00f6nderilerinize gelen yorumlara cevap verin. \u0130nsanlar\u0131n g\u00f6nderilerini be\u011fenin ve yorum yap\u0131n. Yapt\u0131\u011f\u0131n\u0131z yorumlar anla\u015f\u0131l\u0131r ve mant\u0131kl\u0131 olsun. Bu \u015fekilde insanlarla etkile\u015fim kurduk\u00e7a hem takip\u00e7i say\u0131n\u0131z hem de etkile\u015fim oran\u0131n\u0131z zamanla artacakt\u0131r. \u0130nstagram&#8217;\u0131 her zaman aktif kullan\u0131n ve zaman ay\u0131r\u0131n. T\u00fcm bunlar\u0131n sonucunda istedi\u011finiz ba\u015far\u0131ya ula\u015fabilirsiniz!\r\n\r\n<img loading=\"lazy\" decoding=\"async\" class=\"alignnone size-full wp-image-52800\" src=\"https:\/\/earnado.com\/tr\/wp-content\/uploads\/2022\/02\/Instagram-Pazarlama-7.png\" alt=\"\" width=\"700\" height=\"350\" srcset=\"https:\/\/earnado.com\/tr\/wp-content\/uploads\/2022\/02\/Instagram-Pazarlama-7.png 700w, https:\/\/earnado.com\/tr\/wp-content\/uploads\/2022\/02\/Instagram-Pazarlama-7-300x150.png 300w, https:\/\/earnado.com\/tr\/wp-content\/uploads\/2022\/02\/Instagram-Pazarlama-7-600x300.png 600w\" sizes=\"(max-width: 700px) 100vw, 700px\" \/>\r\n\r\n&nbsp;\r\n<h3>7) Takip\u00e7ilerinizi Aktif Hale Getirin<\/h3>\r\nHesab\u0131n\u0131zda takip\u00e7ilerinizin kat\u0131labilece\u011fi etkinlikler d\u00fczenleyin. Bunu yaparken \u0130nstagram hikaye \u00f6zelliklerinden yararlanabilirsiniz. Bu \u00f6zellikleri kullanarak takip\u00e7ilerinize sorular sorun, fikirlerini al\u0131n. Onlar\u0131n kat\u0131lmaktan zevk alaca\u011f\u0131 konular bulun. Canl\u0131 yay\u0131n yaparak onlarla ileti\u015fime ge\u00e7in. Bu sayede kullan\u0131c\u0131lar\u0131n\u0131z\u0131 aktif hale getirmeniz hem onlar\u0131n ho\u015funa gidecek hem de sizin yarar\u0131n\u0131za olacakt\u0131r.\r\n\r\n<img loading=\"lazy\" decoding=\"async\" class=\"alignnone size-full wp-image-52801\" src=\"https:\/\/earnado.com\/tr\/wp-content\/uploads\/2022\/02\/Instagram-Pazarlama-8.png\" alt=\"\" width=\"700\" height=\"350\" srcset=\"https:\/\/earnado.com\/tr\/wp-content\/uploads\/2022\/02\/Instagram-Pazarlama-8.png 700w, https:\/\/earnado.com\/tr\/wp-content\/uploads\/2022\/02\/Instagram-Pazarlama-8-300x150.png 300w, https:\/\/earnado.com\/tr\/wp-content\/uploads\/2022\/02\/Instagram-Pazarlama-8-600x300.png 600w\" sizes=\"(max-width: 700px) 100vw, 700px\" \/>\r\n<h3>8) \u0130nstagram Reklamlar\u0131ndan Yararlan\u0131n<\/h3>\r\n\u0130nsanlar\u0131n sizi ve onlara sunduklar\u0131n\u0131z\u0131 g\u00f6rmeleri i\u00e7in \u0130nstagram reklamlar\u0131n\u0131 kullanabilirsiniz. Reklam\u0131n\u0131z, \u0130nstagram g\u00f6nderilerinde ve hikayelerde sunulur. Bu da di\u011fer insanlar taraf\u0131ndan g\u00f6r\u00fclmenizi sa\u011flar ve hedef kitlenizi geni\u015fletir. Reklamlar i\u00e7in \u00f6deme yapmak, daha fazla takip\u00e7i, potansiyel m\u00fc\u015fteri, be\u011feni, d\u00f6n\u00fc\u015f\u00fcm ve daha fazlas\u0131n\u0131 kazanman\u0131za yard\u0131mc\u0131 olur. Instagram reklamlar\u0131n\u0131n da ayarlanabildi\u011fi Facebook Reklam Y\u00f6neticisi, etkile\u015fimlere, ilgi alanlar\u0131na, sat\u0131n alma al\u0131\u015fkanl\u0131klar\u0131na ve daha fazlas\u0131na dayal\u0131 olarak size \u00e7ok \u00e7e\u015fitli hedefleme se\u00e7enekleri sunar. Ayr\u0131ca resim ve video reklamlar, hikaye reklamlar\u0131, koleksiyon reklamlar\u0131 ve \u00e7ok daha fazlas\u0131 aras\u0131ndan se\u00e7im yapabilece\u011finiz \u00e7ok \u00e7e\u015fitli se\u00e7enekler sunar.\r\n\r\n<img loading=\"lazy\" decoding=\"async\" class=\"alignnone size-full wp-image-52796\" src=\"https:\/\/earnado.com\/tr\/wp-content\/uploads\/2022\/02\/Instagram-Pazarlama-3.png\" alt=\"\" width=\"700\" height=\"350\" srcset=\"https:\/\/earnado.com\/tr\/wp-content\/uploads\/2022\/02\/Instagram-Pazarlama-3.png 700w, https:\/\/earnado.com\/tr\/wp-content\/uploads\/2022\/02\/Instagram-Pazarlama-3-300x150.png 300w, https:\/\/earnado.com\/tr\/wp-content\/uploads\/2022\/02\/Instagram-Pazarlama-3-600x300.png 600w\" sizes=\"(max-width: 700px) 100vw, 700px\" \/>\r\n<h3>9) \u0130\u00e7erik Payla\u015f\u0131rken Zamanlamaya Dikkat Edin<\/h3>\r\n\u0130nstagram&#8217;da payla\u015f\u0131m yaparken dikkat etmeniz gereken bir nokta daha var. G\u00f6nderileriniz ait olduklar\u0131 sekt\u00f6re g\u00f6re zaman bak\u0131m\u0131ndan ayr\u0131\u015f\u0131r. Yap\u0131lan analizler sonucunda g\u00f6nderilerinizin i\u00e7eriklerine g\u00f6re en do\u011fru payla\u015f\u0131m zamanlar\u0131 a\u015fa\u011f\u0131da g\u00f6sterdi\u011fimiz gibi;\r\n<ul>\r\n \t<li>Seyahat ve turizm: Cuma, 09:00 \u2013 13:00<\/li>\r\n \t<li>Medya ve e\u011flence: Sal\u0131 ve Per\u015fembe, 12:00 \u2013 15:00<\/li>\r\n \t<li>Yiyecek ve i\u00e7ecek: Cuma, 12:00<\/li>\r\n \t<li>Perakende: Sal\u0131, Per\u015fembe ve Cuma, 12:00<\/li>\r\n \t<li>Profesyonel hizmetler: Sal\u0131, \u00c7ar\u015famba ve Cuma, 09 veya 10<\/li>\r\n \t<li>Kar amac\u0131 g\u00fctmeyen kurulu\u015flar: Sal\u0131, 10:00 veya 16:00<\/li>\r\n \t<li>Perakende olmayan e-ticaret: Per\u015fembe, 16:00 veya 21:00<\/li>\r\n \t<li>\u0130la\u00e7 ve sa\u011fl\u0131k hizmetleri: \u00c7ar\u015famba ve Pazar, 09:00<\/li>\r\n \t<li>Ki\u015fisel bak\u0131m: Per\u015fembe ve Cuma, 13:00, 14:00 veya 15:00<\/li>\r\n \t<li>Teknoloji: Pazartesi ve Sal\u0131, 14:00<\/li>\r\n \t<li>E\u011fitim: Per\u015fembe, 16:00<\/li>\r\n<\/ul>\r\n<img loading=\"lazy\" decoding=\"async\" class=\"alignnone size-full wp-image-52809\" src=\"https:\/\/earnado.com\/tr\/wp-content\/uploads\/2022\/02\/Instagram-Pazarlama-16.png\" alt=\"\" width=\"700\" height=\"350\" srcset=\"https:\/\/earnado.com\/tr\/wp-content\/uploads\/2022\/02\/Instagram-Pazarlama-16.png 700w, https:\/\/earnado.com\/tr\/wp-content\/uploads\/2022\/02\/Instagram-Pazarlama-16-300x150.png 300w, https:\/\/earnado.com\/tr\/wp-content\/uploads\/2022\/02\/Instagram-Pazarlama-16-600x300.png 600w\" sizes=\"(max-width: 700px) 100vw, 700px\" \/>\r\n<h3>10) UGC&#8217;den Yararlan\u0131n<\/h3>\r\nUGC (User Generated Content) kavram\u0131ndan yararlan\u0131n. T\u00fcrk\u00e7e anlam\u0131 Kullan\u0131c\u0131 Taraf\u0131ndan Olu\u015fturulan \u0130\u00e7erik demektir. Markalar yerine kullan\u0131c\u0131lar taraf\u0131ndan olu\u015fturulan markalar\u0131n \u00fcr\u00fcn\/hizmetlerini markan\u0131n pazarlama stratejileri do\u011frultusunda y\u00f6nlendirmesi ile \u00e7e\u015fitli yarat\u0131c\u0131 kurgularla olu\u015fturulan i\u00e7eriklere denir.\r\n\r\nKullan\u0131c\u0131 taraf\u0131ndan olu\u015fturulan i\u00e7erik, hedef kitlenizin markan\u0131zla daha fazla ilgilenmesini sa\u011flar. Olu\u015fturulan i\u00e7erik kitlenin kendisi taraf\u0131ndan yap\u0131ld\u0131\u011f\u0131 ve onlar taraf\u0131ndan onayland\u0131\u011f\u0131 i\u00e7in uygun maliyetlidir. Alan\u0131n\u0131z ne olursa olsun, UGC, kullan\u0131c\u0131lar\u0131 markan\u0131z\u0131n savunucular\u0131na d\u00f6n\u00fc\u015ft\u00fcrmede b\u00fcy\u00fck \u00f6l\u00e7\u00fcde yard\u0131mc\u0131 olabilir.\r\n\r\n<img loading=\"lazy\" decoding=\"async\" class=\"alignnone size-full wp-image-52799\" src=\"https:\/\/earnado.com\/tr\/wp-content\/uploads\/2022\/02\/Instagram-Pazarlama-6.png\" alt=\"\" width=\"700\" height=\"350\" srcset=\"https:\/\/earnado.com\/tr\/wp-content\/uploads\/2022\/02\/Instagram-Pazarlama-6.png 700w, https:\/\/earnado.com\/tr\/wp-content\/uploads\/2022\/02\/Instagram-Pazarlama-6-300x150.png 300w, https:\/\/earnado.com\/tr\/wp-content\/uploads\/2022\/02\/Instagram-Pazarlama-6-600x300.png 600w\" sizes=\"(max-width: 700px) 100vw, 700px\" \/>\r\n<h3>11) \u0130nfluencer&#8217;lar \u0130le Ortak Olun<\/h3>\r\nInstagram&#8217;daki Influencer&#8217;lar genellikle sekt\u00f6r\u00fcn\u00fczde \u00fcr\u00fcnlerinizi\/hizmetlerinizi hedef kitlelerine g\u00f6sterebilen d\u00fc\u015f\u00fcnce liderleridir. Onlarla ba\u011flant\u0131 kurarak, kitlelerinin kendilerine duydu\u011fu g\u00fcven, markan\u0131za duyduklar\u0131 g\u00fcvene d\u00f6n\u00fc\u015fecektir. Do\u011fru miktarda kaynak, ara\u00e7 ve rehberlik sayesinde \u0130nfluencer&#8217;lar b\u00fcy\u00fck getiriler sa\u011flayabilir.\r\n\r\n<img loading=\"lazy\" decoding=\"async\" class=\"alignnone size-full wp-image-52797\" src=\"https:\/\/earnado.com\/tr\/wp-content\/uploads\/2022\/02\/Instagram-Pazarlama-4.png\" alt=\"\" width=\"700\" height=\"350\" srcset=\"https:\/\/earnado.com\/tr\/wp-content\/uploads\/2022\/02\/Instagram-Pazarlama-4.png 700w, https:\/\/earnado.com\/tr\/wp-content\/uploads\/2022\/02\/Instagram-Pazarlama-4-300x150.png 300w, https:\/\/earnado.com\/tr\/wp-content\/uploads\/2022\/02\/Instagram-Pazarlama-4-600x300.png 600w\" sizes=\"(max-width: 700px) 100vw, 700px\" \/>\r\n<h3>12) \u0130nstagram Ma\u011fazas\u0131 Kurun<\/h3>\r\nInstagram art\u0131k i\u015fletme profilleri i\u00e7in mevcut olan (onay bekleyen) \u00fcr\u00fcn etiketlerine ve \u00fcr\u00fcn \u00e7\u0131kartmalar\u0131na izin veriyor ve kullan\u0131c\u0131lar\u0131n s\u0131ras\u0131yla bir g\u00f6nderide veya hikayede bir \u00fcr\u00fcne dokunmas\u0131na, daha fazla bilgi almas\u0131na ve ard\u0131ndan sat\u0131n almak i\u00e7in siteye gitmesine izin veriyor.\r\n\r\nBir Instagram ma\u011fazas\u0131 kurdu\u011funuzda, a\u015fa\u011f\u0131dakiler dahil \u00f6zelliklerden yararlanabilirsiniz:\r\n<ul>\r\n \t<li>Al\u0131\u015fveri\u015f yap\u0131labilir g\u00f6nderiler<\/li>\r\n \t<li>Al\u0131\u015fveri\u015f yap\u0131labilir hikayeler<\/li>\r\n \t<li>\u0130nfluencer etiketleme<\/li>\r\n \t<li>Uygulama i\u00e7i \u00f6deme<\/li>\r\n \t<li>Ma\u011fazay\u0131 ke\u015ffedin<\/li>\r\n<\/ul>\r\n<img loading=\"lazy\" decoding=\"async\" class=\"alignnone size-full wp-image-52803\" src=\"https:\/\/earnado.com\/tr\/wp-content\/uploads\/2022\/02\/Instagram-Pazarlama-10.png\" alt=\"\" width=\"700\" height=\"350\" srcset=\"https:\/\/earnado.com\/tr\/wp-content\/uploads\/2022\/02\/Instagram-Pazarlama-10.png 700w, https:\/\/earnado.com\/tr\/wp-content\/uploads\/2022\/02\/Instagram-Pazarlama-10-300x150.png 300w, https:\/\/earnado.com\/tr\/wp-content\/uploads\/2022\/02\/Instagram-Pazarlama-10-600x300.png 600w\" sizes=\"(max-width: 700px) 100vw, 700px\" \/>\r\n<h3>13) \u0130nstagram Yar\u0131\u015fmalar\u0131 D\u00fczenleyin<\/h3>\r\nInstagram yar\u0131\u015fmalar\u0131, sosyal a\u011fda \u00f6zellikle pop\u00fcler bir stratejidir ve bunun iyi bir nedeni vard\u0131r. Harika sonu\u00e7lar verebilirler \u00e7\u00fcnk\u00fc herkes bir \u015feyler kazanma \u015fans\u0131n\u0131 sever. Bilinmesi gereken \u0130nstagram yar\u0131\u015fma kurallar\u0131 vard\u0131r.\r\n<ul>\r\n \t<li>\u0130nstagram&#8217;\u0131n yar\u0131\u015fmaya hi\u00e7bir \u015fekilde ba\u011fl\u0131 oldu\u011funu ima edemezsiniz.<\/li>\r\n \t<li>Kullan\u0131c\u0131lardan, i\u00e7inde olmad\u0131klar\u0131 resimlerde kendilerini veya ba\u015fkalar\u0131n\u0131 etiketlemelerini isteyemezsiniz.<\/li>\r\n \t<li>Ya\u015f, uygunluk veya \u00f6d\u00fcl teklifleriyle ilgili k\u0131s\u0131tlamalar dahil olmak \u00fczere yerel yasalara ve gereksinimlere uymal\u0131s\u0131n\u0131z.<\/li>\r\n \t<li>Giri\u015f ve kat\u0131l\u0131m kurallar\u0131n\u0131 a\u00e7\u0131k\u00e7a belirtmelisiniz.<\/li>\r\n<\/ul>\r\n<img loading=\"lazy\" decoding=\"async\" class=\"alignnone size-full wp-image-52804\" src=\"https:\/\/earnado.com\/tr\/wp-content\/uploads\/2022\/02\/Instagram-Pazarlama-11.png\" alt=\"\" width=\"700\" height=\"350\" srcset=\"https:\/\/earnado.com\/tr\/wp-content\/uploads\/2022\/02\/Instagram-Pazarlama-11.png 700w, https:\/\/earnado.com\/tr\/wp-content\/uploads\/2022\/02\/Instagram-Pazarlama-11-300x150.png 300w, https:\/\/earnado.com\/tr\/wp-content\/uploads\/2022\/02\/Instagram-Pazarlama-11-600x300.png 600w\" sizes=\"(max-width: 700px) 100vw, 700px\" \/>\r\n\r\nHayata ge\u00e7irdi\u011finiz s\u00fcrece sizi \u0130nstagram konusunda ba\u015far\u0131ya ula\u015ft\u0131racak \u00f6nemli t\u00fcyolar\u0131 derledik. D\u00fczenli olarak farkl\u0131 i\u00e7erik t\u00fcrleri yay\u0131nlayarak ve hedef kitlenizle etkile\u015fim kurarak onlar\u0131 tamamen benimseyin. Ortaya \u00e7\u0131kan sonu\u00e7lar\u0131 g\u00f6rd\u00fc\u011f\u00fcn\u00fczde \u015fa\u015f\u0131rabilirsiniz!\r\n\r\nDikkatini \u00e7ekebilir: <a href=\"https:\/\/earnado.com\/tr\/instagram-takipci-yonetimi-nasil-yapilmali-nelere-dikkat-edilmeli\/\">\u0130nstagram Takip\u00e7i Y\u00f6netimi Nas\u0131l Yap\u0131lmal\u0131? Nelere Dikkat Edilmeli?\u00a0<\/a>\t\t\t\t\t\t<\/div>\n\t\t\t\t<\/div>\n\t\t\t\t\t<\/div>\n\t\t<\/div>\n\t\t\t\t\t<\/div>\n\t\t<\/section>\n\t\t\t\t<\/div>\n\t\t","protected":false},"excerpt":{"rendered":"<p>\u0130nstagram&#8217;\u0131n \u00d6nemi G\u00fcn\u00fcm\u00fczde art\u0131k sosyal medyan\u0131n g\u00f6z bebeklerinden olan \u0130nstagram&#8216;\u0131n \u00f6nemi tart\u0131\u015fmaya pek de a\u00e7\u0131k olmayan bir konu. Geldi\u011fimiz noktada aktif kullan\u0131c\u0131 say\u0131s\u0131 2 milyar\u0131 a\u015fm\u0131\u015f durumda. Art\u0131k \u00e7o\u011fumuzun bir \u0130nstagram hesab\u0131 var ve zaman\u0131m\u0131z\u0131n belirli bir k\u0131sm\u0131n\u0131 burada harcamaktay\u0131z&#8230;.<\/p>\n","protected":false},"author":309,"featured_media":52789,"comment_status":"open","ping_status":"open","sticky":false,"template":"","format":"standard","meta":{"footnotes":""},"categories":[58],"tags":[],"class_list":["post-52770","post","type-post","status-publish","format-standard","has-post-thumbnail","hentry","category-dijital-pazarlama"],"yoast_head":"<!-- This site is optimized with the Yoast SEO plugin v22.7 - https:\/\/yoast.com\/wordpress\/plugins\/seo\/ -->\n<title>\u0130nstagram \u0130\u00e7in Yeni Hesap A\u00e7ma \u0130pu\u00e7lar\u0131 ve Pazarlama \u00d6nerileri - Earnado<\/title>\n<meta name=\"description\" content=\"\u0130nstagram i\u00e7in yeni bir hesap a\u00e7arken dikkat etmeniz gereken noktalar ve pazarlama \u00f6nerilerini \u00f6\u011frenmek i\u00e7in t\u0131klay\u0131n!\" \/>\n<meta name=\"robots\" content=\"index, follow, max-snippet:-1, max-image-preview:large, max-video-preview:-1\" \/>\n<link rel=\"canonical\" href=\"https:\/\/earnado.com\/tr\/instagram-icin-yeni-hesap-acma-ipuclari-ve-pazarlama-onerileri\/\" \/>\n<meta property=\"og:locale\" content=\"tr_TR\" \/>\n<meta property=\"og:type\" content=\"article\" \/>\n<meta property=\"og:title\" content=\"\u0130nstagram \u0130\u00e7in Yeni Hesap A\u00e7ma \u0130pu\u00e7lar\u0131 ve Pazarlama \u00d6nerileri - Earnado\" \/>\n<meta property=\"og:description\" content=\"\u0130nstagram i\u00e7in yeni bir hesap a\u00e7arken dikkat etmeniz gereken noktalar ve pazarlama \u00f6nerilerini \u00f6\u011frenmek i\u00e7in t\u0131klay\u0131n!\" \/>\n<meta property=\"og:url\" content=\"https:\/\/earnado.com\/tr\/instagram-icin-yeni-hesap-acma-ipuclari-ve-pazarlama-onerileri\/\" \/>\n<meta property=\"og:site_name\" content=\"Earnado\" \/>\n<meta property=\"article:published_time\" content=\"2023-01-05T10:55:00+00:00\" \/>\n<meta property=\"article:modified_time\" content=\"2026-02-27T19:41:24+00:00\" \/>\n<meta property=\"og:image\" content=\"https:\/\/earnado.com\/tr\/wp-content\/uploads\/2022\/02\/Instagram-Pazarlama.png\" \/>\n\t<meta property=\"og:image:width\" content=\"700\" \/>\n\t<meta property=\"og:image:height\" content=\"350\" \/>\n\t<meta property=\"og:image:type\" content=\"image\/png\" \/>\n<meta name=\"author\" content=\"Tu\u011f\u00e7e G\u00fcrler\" \/>\n<meta name=\"twitter:card\" content=\"summary_large_image\" \/>\n<meta name=\"twitter:label1\" content=\"Yazan:\" \/>\n\t<meta name=\"twitter:data1\" content=\"Tu\u011f\u00e7e G\u00fcrler\" \/>\n\t<meta name=\"twitter:label2\" content=\"Tahmini okuma s\u00fcresi\" \/>\n\t<meta name=\"twitter:data2\" content=\"12 dakika\" \/>\n<script type=\"application\/ld+json\" class=\"yoast-schema-graph\">{\"@context\":\"https:\/\/schema.org\",\"@graph\":[{\"@type\":\"WebPage\",\"@id\":\"https:\/\/earnado.com\/tr\/instagram-icin-yeni-hesap-acma-ipuclari-ve-pazarlama-onerileri\/\",\"url\":\"https:\/\/earnado.com\/tr\/instagram-icin-yeni-hesap-acma-ipuclari-ve-pazarlama-onerileri\/\",\"name\":\"\u0130nstagram \u0130\u00e7in Yeni Hesap A\u00e7ma \u0130pu\u00e7lar\u0131 ve Pazarlama \u00d6nerileri - Earnado\",\"isPartOf\":{\"@id\":\"https:\/\/earnado.com\/tr\/#website\"},\"primaryImageOfPage\":{\"@id\":\"https:\/\/earnado.com\/tr\/instagram-icin-yeni-hesap-acma-ipuclari-ve-pazarlama-onerileri\/#primaryimage\"},\"image\":{\"@id\":\"https:\/\/earnado.com\/tr\/instagram-icin-yeni-hesap-acma-ipuclari-ve-pazarlama-onerileri\/#primaryimage\"},\"thumbnailUrl\":\"https:\/\/earnado.com\/tr\/wp-content\/uploads\/2022\/02\/Instagram-Pazarlama.png\",\"datePublished\":\"2023-01-05T10:55:00+00:00\",\"dateModified\":\"2026-02-27T19:41:24+00:00\",\"author\":{\"@id\":\"https:\/\/earnado.com\/tr\/#\/schema\/person\/17ac959dbc1e99c758d62a8f907826bc\"},\"description\":\"\u0130nstagram i\u00e7in yeni bir hesap a\u00e7arken dikkat etmeniz gereken noktalar ve pazarlama \u00f6nerilerini \u00f6\u011frenmek i\u00e7in t\u0131klay\u0131n!\",\"inLanguage\":\"tr\",\"potentialAction\":[{\"@type\":\"ReadAction\",\"target\":[\"https:\/\/earnado.com\/tr\/instagram-icin-yeni-hesap-acma-ipuclari-ve-pazarlama-onerileri\/\"]}]},{\"@type\":\"ImageObject\",\"inLanguage\":\"tr\",\"@id\":\"https:\/\/earnado.com\/tr\/instagram-icin-yeni-hesap-acma-ipuclari-ve-pazarlama-onerileri\/#primaryimage\",\"url\":\"https:\/\/earnado.com\/tr\/wp-content\/uploads\/2022\/02\/Instagram-Pazarlama.png\",\"contentUrl\":\"https:\/\/earnado.com\/tr\/wp-content\/uploads\/2022\/02\/Instagram-Pazarlama.png\",\"width\":700,\"height\":350},{\"@type\":\"WebSite\",\"@id\":\"https:\/\/earnado.com\/tr\/#website\",\"url\":\"https:\/\/earnado.com\/tr\/\",\"name\":\"Earnado\",\"description\":\"\u0130\u015finizi Kafan\u0131zda De\u011fil \u0130nternette B\u00fcy\u00fct\u00fcn!\",\"potentialAction\":[{\"@type\":\"SearchAction\",\"target\":{\"@type\":\"EntryPoint\",\"urlTemplate\":\"https:\/\/earnado.com\/tr\/?s={search_term_string}\"},\"query-input\":\"required name=search_term_string\"}],\"inLanguage\":\"tr\"},{\"@type\":\"Person\",\"@id\":\"https:\/\/earnado.com\/tr\/#\/schema\/person\/17ac959dbc1e99c758d62a8f907826bc\",\"name\":\"Tu\u011f\u00e7e G\u00fcrler\",\"image\":{\"@type\":\"ImageObject\",\"inLanguage\":\"tr\",\"@id\":\"https:\/\/earnado.com\/tr\/#\/schema\/person\/image\/\",\"url\":\"https:\/\/secure.gravatar.com\/avatar\/d3308d4bc1883732ca68b8c5b91f4cf431b4cd1d5cd8218e1fc14f43fd072c1b?s=96&d=mm&r=g\",\"contentUrl\":\"https:\/\/secure.gravatar.com\/avatar\/d3308d4bc1883732ca68b8c5b91f4cf431b4cd1d5cd8218e1fc14f43fd072c1b?s=96&d=mm&r=g\",\"caption\":\"Tu\u011f\u00e7e G\u00fcrler\"},\"description\":\"Halkla \u0130li\u015fkiler ve Tan\u0131t\u0131m b\u00f6l\u00fcm\u00fc mezunuyum. Yenilik\u00e7i, her zaman kendini geli\u015ftiren ve \u00f6\u011frenmeye a\u00e7\u0131\u011f\u0131m. Dijital pazarlama odakl\u0131 olarak kariyerimi geli\u015ftirmekteyim.\",\"url\":\"https:\/\/earnado.com\/tr\/author\/tugce\/\"}]}<\/script>\n<!-- \/ Yoast SEO plugin. -->","yoast_head_json":{"title":"\u0130nstagram \u0130\u00e7in Yeni Hesap A\u00e7ma \u0130pu\u00e7lar\u0131 ve Pazarlama \u00d6nerileri - Earnado","description":"\u0130nstagram i\u00e7in yeni bir hesap a\u00e7arken dikkat etmeniz gereken noktalar ve pazarlama \u00f6nerilerini \u00f6\u011frenmek i\u00e7in t\u0131klay\u0131n!","robots":{"index":"index","follow":"follow","max-snippet":"max-snippet:-1","max-image-preview":"max-image-preview:large","max-video-preview":"max-video-preview:-1"},"canonical":"https:\/\/earnado.com\/tr\/instagram-icin-yeni-hesap-acma-ipuclari-ve-pazarlama-onerileri\/","og_locale":"tr_TR","og_type":"article","og_title":"\u0130nstagram \u0130\u00e7in Yeni Hesap A\u00e7ma \u0130pu\u00e7lar\u0131 ve Pazarlama \u00d6nerileri - Earnado","og_description":"\u0130nstagram i\u00e7in yeni bir hesap a\u00e7arken dikkat etmeniz gereken noktalar ve pazarlama \u00f6nerilerini \u00f6\u011frenmek i\u00e7in t\u0131klay\u0131n!","og_url":"https:\/\/earnado.com\/tr\/instagram-icin-yeni-hesap-acma-ipuclari-ve-pazarlama-onerileri\/","og_site_name":"Earnado","article_published_time":"2023-01-05T10:55:00+00:00","article_modified_time":"2026-02-27T19:41:24+00:00","og_image":[{"width":700,"height":350,"url":"https:\/\/earnado.com\/tr\/wp-content\/uploads\/2022\/02\/Instagram-Pazarlama.png","type":"image\/png"}],"author":"Tu\u011f\u00e7e G\u00fcrler","twitter_card":"summary_large_image","twitter_misc":{"Yazan:":"Tu\u011f\u00e7e G\u00fcrler","Tahmini okuma s\u00fcresi":"12 dakika"},"schema":{"@context":"https:\/\/schema.org","@graph":[{"@type":"WebPage","@id":"https:\/\/earnado.com\/tr\/instagram-icin-yeni-hesap-acma-ipuclari-ve-pazarlama-onerileri\/","url":"https:\/\/earnado.com\/tr\/instagram-icin-yeni-hesap-acma-ipuclari-ve-pazarlama-onerileri\/","name":"\u0130nstagram \u0130\u00e7in Yeni Hesap A\u00e7ma \u0130pu\u00e7lar\u0131 ve Pazarlama \u00d6nerileri - Earnado","isPartOf":{"@id":"https:\/\/earnado.com\/tr\/#website"},"primaryImageOfPage":{"@id":"https:\/\/earnado.com\/tr\/instagram-icin-yeni-hesap-acma-ipuclari-ve-pazarlama-onerileri\/#primaryimage"},"image":{"@id":"https:\/\/earnado.com\/tr\/instagram-icin-yeni-hesap-acma-ipuclari-ve-pazarlama-onerileri\/#primaryimage"},"thumbnailUrl":"https:\/\/earnado.com\/tr\/wp-content\/uploads\/2022\/02\/Instagram-Pazarlama.png","datePublished":"2023-01-05T10:55:00+00:00","dateModified":"2026-02-27T19:41:24+00:00","author":{"@id":"https:\/\/earnado.com\/tr\/#\/schema\/person\/17ac959dbc1e99c758d62a8f907826bc"},"description":"\u0130nstagram i\u00e7in yeni bir hesap a\u00e7arken dikkat etmeniz gereken noktalar ve pazarlama \u00f6nerilerini \u00f6\u011frenmek i\u00e7in t\u0131klay\u0131n!","inLanguage":"tr","potentialAction":[{"@type":"ReadAction","target":["https:\/\/earnado.com\/tr\/instagram-icin-yeni-hesap-acma-ipuclari-ve-pazarlama-onerileri\/"]}]},{"@type":"ImageObject","inLanguage":"tr","@id":"https:\/\/earnado.com\/tr\/instagram-icin-yeni-hesap-acma-ipuclari-ve-pazarlama-onerileri\/#primaryimage","url":"https:\/\/earnado.com\/tr\/wp-content\/uploads\/2022\/02\/Instagram-Pazarlama.png","contentUrl":"https:\/\/earnado.com\/tr\/wp-content\/uploads\/2022\/02\/Instagram-Pazarlama.png","width":700,"height":350},{"@type":"WebSite","@id":"https:\/\/earnado.com\/tr\/#website","url":"https:\/\/earnado.com\/tr\/","name":"Earnado","description":"\u0130\u015finizi Kafan\u0131zda De\u011fil \u0130nternette B\u00fcy\u00fct\u00fcn!","potentialAction":[{"@type":"SearchAction","target":{"@type":"EntryPoint","urlTemplate":"https:\/\/earnado.com\/tr\/?s={search_term_string}"},"query-input":"required name=search_term_string"}],"inLanguage":"tr"},{"@type":"Person","@id":"https:\/\/earnado.com\/tr\/#\/schema\/person\/17ac959dbc1e99c758d62a8f907826bc","name":"Tu\u011f\u00e7e G\u00fcrler","image":{"@type":"ImageObject","inLanguage":"tr","@id":"https:\/\/earnado.com\/tr\/#\/schema\/person\/image\/","url":"https:\/\/secure.gravatar.com\/avatar\/d3308d4bc1883732ca68b8c5b91f4cf431b4cd1d5cd8218e1fc14f43fd072c1b?s=96&d=mm&r=g","contentUrl":"https:\/\/secure.gravatar.com\/avatar\/d3308d4bc1883732ca68b8c5b91f4cf431b4cd1d5cd8218e1fc14f43fd072c1b?s=96&d=mm&r=g","caption":"Tu\u011f\u00e7e G\u00fcrler"},"description":"Halkla \u0130li\u015fkiler ve Tan\u0131t\u0131m b\u00f6l\u00fcm\u00fc mezunuyum. Yenilik\u00e7i, her zaman kendini geli\u015ftiren ve \u00f6\u011frenmeye a\u00e7\u0131\u011f\u0131m. Dijital pazarlama odakl\u0131 olarak kariyerimi geli\u015ftirmekteyim.","url":"https:\/\/earnado.com\/tr\/author\/tugce\/"}]}},"_links":{"self":[{"href":"https:\/\/earnado.com\/tr\/wp-json\/wp\/v2\/posts\/52770","targetHints":{"allow":["GET"]}}],"collection":[{"href":"https:\/\/earnado.com\/tr\/wp-json\/wp\/v2\/posts"}],"about":[{"href":"https:\/\/earnado.com\/tr\/wp-json\/wp\/v2\/types\/post"}],"author":[{"embeddable":true,"href":"https:\/\/earnado.com\/tr\/wp-json\/wp\/v2\/users\/309"}],"replies":[{"embeddable":true,"href":"https:\/\/earnado.com\/tr\/wp-json\/wp\/v2\/comments?post=52770"}],"version-history":[{"count":5,"href":"https:\/\/earnado.com\/tr\/wp-json\/wp\/v2\/posts\/52770\/revisions"}],"predecessor-version":[{"id":59910,"href":"https:\/\/earnado.com\/tr\/wp-json\/wp\/v2\/posts\/52770\/revisions\/59910"}],"wp:featuredmedia":[{"embeddable":true,"href":"https:\/\/earnado.com\/tr\/wp-json\/wp\/v2\/media\/52789"}],"wp:attachment":[{"href":"https:\/\/earnado.com\/tr\/wp-json\/wp\/v2\/media?parent=52770"}],"wp:term":[{"taxonomy":"category","embeddable":true,"href":"https:\/\/earnado.com\/tr\/wp-json\/wp\/v2\/categories?post=52770"},{"taxonomy":"post_tag","embeddable":true,"href":"https:\/\/earnado.com\/tr\/wp-json\/wp\/v2\/tags?post=52770"}],"curies":[{"name":"wp","href":"https:\/\/api.w.org\/{rel}","templated":true}]}}