{"id":55166,"date":"2023-01-05T15:56:25","date_gmt":"2023-01-05T12:56:25","guid":{"rendered":"http:\/\/earnado.com\/tr\/?p=55166"},"modified":"2026-02-27T22:23:11","modified_gmt":"2026-02-27T19:23:11","slug":"neden-facebook-business-manager-kullanilmali","status":"publish","type":"post","link":"https:\/\/earnado.com\/tr\/neden-facebook-business-manager-kullanilmali\/","title":{"rendered":"Neden Facebook Business Manager Kullan\u0131lmal\u0131?"},"content":{"rendered":"\t\t<div data-elementor-type=\"wp-post\" data-elementor-id=\"55166\" class=\"elementor elementor-55166\">\n\t\t\t\t\t\t<section class=\"elementor-section elementor-top-section elementor-element elementor-element-2699c44 elementor-section-boxed elementor-section-height-default elementor-section-height-default\" data-id=\"2699c44\" data-element_type=\"section\">\n\t\t\t\t\t\t<div class=\"elementor-container elementor-column-gap-default\">\n\t\t\t\t\t<div class=\"elementor-column elementor-col-100 elementor-top-column elementor-element elementor-element-3f2bc814\" data-id=\"3f2bc814\" data-element_type=\"column\">\n\t\t\t<div class=\"elementor-widget-wrap elementor-element-populated\">\n\t\t\t\t\t\t<div class=\"elementor-element elementor-element-3d5e88d3 elementor-widget elementor-widget-text-editor\" data-id=\"3d5e88d3\" data-element_type=\"widget\" data-widget_type=\"text-editor.default\">\n\t\t\t\t<div class=\"elementor-widget-container\">\n\t\t\t<style>\/*! elementor - v3.21.0 - 08-05-2024 *\/\n.elementor-widget-text-editor.elementor-drop-cap-view-stacked .elementor-drop-cap{background-color:#69727d;color:#fff}.elementor-widget-text-editor.elementor-drop-cap-view-framed .elementor-drop-cap{color:#69727d;border:3px solid;background-color:transparent}.elementor-widget-text-editor:not(.elementor-drop-cap-view-default) .elementor-drop-cap{margin-top:8px}.elementor-widget-text-editor:not(.elementor-drop-cap-view-default) .elementor-drop-cap-letter{width:1em;height:1em}.elementor-widget-text-editor .elementor-drop-cap{float:left;text-align:center;line-height:1;font-size:50px}.elementor-widget-text-editor .elementor-drop-cap-letter{display:inline-block}<\/style>\t\t\t\tFacebook, i\u015f insanlar\u0131n\u0131n daha fazla m\u00fc\u015fteriye ula\u015fmak i\u00e7in kulland\u0131\u011f\u0131 en pop\u00fcler sosyal medya platformlar\u0131ndan biridir.\u00a0B2B karar al\u0131c\u0131lar\u0131n\u0131n\u00a0yakla\u015f\u0131k %48,5&#8217;i <strong>Business Manager<\/strong> ara\u015ft\u0131rmalar\u0131 i\u00e7in Facebook&#8217;tan yararlan\u0131yor.\u00a0Ayr\u0131ca, i\u015f kitlesini hedefliyorsan\u0131z, Facebook platformunu kullanmak size \u015fa\u015f\u0131rt\u0131c\u0131 sonu\u00e7lar sa\u011flayabilir.\r\n\r\nK\u00fc\u00e7\u00fck bir i\u015fletmeniz varsa ve Facebook sayfalar\u0131n\u0131 tek ba\u015f\u0131na y\u00f6netiyorsan\u0131z, ki\u015fisel bir hesap kullanmak iyi sonu\u00e7 verir.\u00a0Ancak, Facebook&#8217;ta i\u015fletme sayfalar\u0131n\u0131z \u00fczerinde \u00e7al\u0131\u015fan b\u00fct\u00fcn bir ekibiniz oldu\u011funda, giri\u015f bilgilerinizi payla\u015fman\u0131z gerekecektir.\u00a0Bu, gizlilik ve g\u00fcvenlik endi\u015felerine yol a\u00e7abilir.\u00a0Bu nedenle,\u00a0<strong><a href=\"https:\/\/earnado.com\/tr\/facebook-business-manager-nedir-ve-nasil-kullanilir\/\">Facebook Business Manager<\/a> <\/strong>kullanmak i\u00e7in en iyi se\u00e7enektir.\r\n\r\nFacebook sayfalar\u0131 olan i\u015f adamlar\u0131 i\u00e7in bir Facebook Business Manager hesab\u0131na sahip olmak \u015fartt\u0131r.\u00a0Ba\u015flang\u0131\u00e7 \u200b\u200bolarak, \u00f6ncelikle Facebook Business Manager&#8217;\u0131n tam olarak ne oldu\u011funu anlamak \u00f6nemlidir.\u00a0Hadi ba\u015flayal\u0131m!\r\n<h2><strong>Facebook Business Manager Nedir?<\/strong><\/h2>\r\n<img fetchpriority=\"high\" decoding=\"async\" class=\"alignnone size-full wp-image-55153\" src=\"https:\/\/earnado.com\/tr\/wp-content\/uploads\/2022\/07\/facebookbusinessmanagernedir.png\" alt=\"facebookbusinessmanagernedir\" width=\"700\" height=\"350\" srcset=\"https:\/\/earnado.com\/tr\/wp-content\/uploads\/2022\/07\/facebookbusinessmanagernedir.png 700w, https:\/\/earnado.com\/tr\/wp-content\/uploads\/2022\/07\/facebookbusinessmanagernedir-300x150.png 300w\" sizes=\"(max-width: 700px) 100vw, 700px\" \/>\r\n\r\n<strong>Facebook Business Manager,<\/strong> Facebook varl\u0131klar\u0131n\u0131 y\u00f6netmenize ve sorunsuz bir \u015fekilde reklam vermenize yard\u0131mc\u0131 olacak etkili bir ara\u00e7t\u0131r.\u00a0\u00d6zellikle Facebook&#8217;ta reklamlar\u0131 izleyen ki\u015filer i\u00e7in tasarlanm\u0131\u015f, iyi bilinen bir ortak \u00e7al\u0131\u015fma platformudur.\r\n\r\nFacebook Business Manager, i\u015fletmelerin birden fazla i\u015fletme varl\u0131\u011f\u0131n\u0131, reklam hesab\u0131n\u0131 ve Facebook sayfas\u0131n\u0131 kolayca y\u00f6netmesini sa\u011flar. \u00dcr\u00fcn kataloglar\u0131n\u0131n ve birden fazla Instagram hesab\u0131n\u0131n y\u00f6netiminde yard\u0131mc\u0131 olur.\u00a0En iyi yan\u0131, t\u00fcm bu g\u00f6revleri yaln\u0131zca tek bir yerden y\u00f6netebilmenizdir.\r\n\r\nFacebook Business Manager, i\u015fletmelere m\u00fckemmel kolayl\u0131klar sunar.\u00a0Bu arac\u0131n birincil amac\u0131, ki\u015fisel Facebook hesaplar\u0131n\u0131 ticari hesaplardan ay\u0131rmakt\u0131r.\u00a0Bu, profesyonel i\u015fbirliklerini nispeten daha kolay hale getirmeye yard\u0131mc\u0131 olur.\r\n\r\nFacebook Business Manager, i\u015fletmeler i\u00e7in ekip \u00e7al\u0131\u015fmas\u0131n\u0131 nispeten kolay ve g\u00fcvenli hale getirir.\u00a0Benzersiz rollerine ba\u011fl\u0131 olarak farkl\u0131 ekip \u00fcyelerine k\u0131smi veya tam eri\u015fim verilmesini sa\u011flar.\u00a0Bir i\u015fletmenin birden fazla \u00e7al\u0131\u015fan\u0131na g\u00f6revlerin kolayca devredilmesini sa\u011flar. Art\u0131k \u00e7al\u0131\u015fanlar, sayfa sahipli\u011fine sahip olmayacak ancak onu y\u00f6netebilecekler.\r\n\r\n\u0130\u015fe ek olarak platform,\u00a0<a href=\"https:\/\/earnado.com\/tr\/dijital-pazarlama-taktikleri\/\">dijital pazarlama<\/a>\u00a0profesyonelleri i\u00e7in de idealdir.\u00a0Facebook Business Manager, dijital pazarlamac\u0131lar\u0131n farkl\u0131 i\u015fletmeler i\u00e7in farkl\u0131 m\u00fc\u015fterileri i\u00e7in ayr\u0131 veya benzersiz bir reklam hesab\u0131na sahip olmalar\u0131n\u0131 sa\u011flayarak Facebook&#8217;ta reklam kampanyalar\u0131n\u0131 y\u00f6netmeyi kolayla\u015ft\u0131r\u0131r.\r\n\r\nFacebook Business Manager, ajanslar i\u00e7in de verimli bir ara\u00e7t\u0131r.\u00a0Acentelerin, Facebook&#8217;taki farkl\u0131 m\u00fc\u015fteri sayfalar\u0131n\u0131, \u00e7al\u0131\u015fanlar\u0131n ki\u015fisel hesaplar\u0131n\u0131 ba\u011flamadan platforma ba\u011flamalar\u0131n\u0131 sa\u011flar.\r\n\r\nArt\u0131k Facebook \u0130\u015fletme Y\u00f6netiminin ne oldu\u011funu bildi\u011finize g\u00f6re, s\u0131radaki \u015fey onu neden kullanaca\u011f\u0131n\u0131za dair bir fikre sahip olmakt\u0131r.\r\n<h2><strong>Neden Facebook Business Manager&#8217;\u0131 Kullanmal\u0131y\u0131m?<\/strong><\/h2>\r\n<img decoding=\"async\" class=\"alignnone size-full wp-image-55154\" src=\"https:\/\/earnado.com\/tr\/wp-content\/uploads\/2022\/07\/nedenfacebookbusinessmanager.png\" alt=\"nedenfacebookbusinessmanager\" width=\"700\" height=\"350\" srcset=\"https:\/\/earnado.com\/tr\/wp-content\/uploads\/2022\/07\/nedenfacebookbusinessmanager.png 700w, https:\/\/earnado.com\/tr\/wp-content\/uploads\/2022\/07\/nedenfacebookbusinessmanager-300x150.png 300w\" sizes=\"(max-width: 700px) 100vw, 700px\" \/>\r\n\r\nBusiness Manager&#8217;\u0131 kullanmay\u0131 se\u00e7erseniz, baz\u0131 makul avantajlar elde edersiniz.\r\n<ul>\r\n \t<li><strong>Ki\u015fisel ve i\u015f Facebook etkinli\u011fini ayr\u0131 tutun.<\/strong> Bu, bir m\u00fc\u015fterinin i\u015fletme sayfas\u0131nda yanl\u0131\u015fl\u0131kla kendiniz olarak payla\u015f\u0131m yapmaktan ka\u00e7\u0131nabilece\u011finiz ve s\u00fcrekli olarak ki\u015fisel ve m\u00fc\u015fteri profilleri aras\u0131nda ge\u00e7i\u015f yapmak zorunda kalmayaca\u011f\u0131n\u0131z anlam\u0131na gelir.<\/li>\r\n \t<li><strong>Facebook pazarlama ve reklamlar\u0131n\u0131 tek bir yerden y\u00f6netin.<\/strong> Business Manager ve Ads Manager, organik ve \u00fccretli \u00e7abalar\u0131 ve eri\u015fimi kolayla\u015ft\u0131rmak i\u00e7in ba\u011flant\u0131l\u0131d\u0131r.<\/li>\r\n \t<li><strong>Facebook ve Instagram etkile\u015fimini tek bir gelen kutusunda izleyin.<\/strong> Business Manager, verimli bir \u015fekilde yan\u0131t verebilmeniz i\u00e7in her iki platformdan yorumlar\u0131 ve mesajlar\u0131 toplar.<\/li>\r\n \t<li><strong>Meslekta\u015flar, m\u00fc\u015fteriler ve ortaklarla \u00e7al\u0131\u015f\u0131n.<\/strong> Her i\u015f orta\u011f\u0131 i\u00e7in izinler belirleyebilirsiniz, b\u00f6ylece hesab\u0131n\u0131z\u0131 g\u00fcvende tutabilirsiniz.<\/li>\r\n<\/ul>\r\n<strong>\u0130lginizi \u00e7ekebilir:<\/strong><strong>\u00a0<\/strong><a href=\"https:\/\/earnado.com\/tr\/girisimciler-icin-adim-adim-facebook-reklamlari-kilavuz\/\">Giri\u015fimciler \u0130\u00e7in Ad\u0131m Ad\u0131m Facebook Reklamlar\u0131 K\u0131lavuzu<\/a>\r\n<h2><strong>Kimler Facebook \u0130\u015fletme Y\u00f6neticisi Hesab\u0131 Olu\u015fturmal\u0131?<\/strong><\/h2>\r\n<img decoding=\"async\" class=\"alignnone size-full wp-image-55156\" src=\"https:\/\/earnado.com\/tr\/wp-content\/uploads\/2022\/07\/businessmanagerkimlerkullanmali.png\" alt=\"businessmanagerkimlerkullanmali\" width=\"700\" height=\"350\" srcset=\"https:\/\/earnado.com\/tr\/wp-content\/uploads\/2022\/07\/businessmanagerkimlerkullanmali.png 700w, https:\/\/earnado.com\/tr\/wp-content\/uploads\/2022\/07\/businessmanagerkimlerkullanmali-300x150.png 300w\" sizes=\"(max-width: 700px) 100vw, 700px\" \/>\r\n<ul>\r\n \t<li>Sosyal medyay\u0131 i\u015fletmesini b\u00fcy\u00fctmek,<\/li>\r\n \t<li>Hedef kitlesine ula\u015fmak,<\/li>\r\n \t<li>Bir marka fark\u0131ndal\u0131\u011f\u0131 yaratmak isteyen\u00a0<strong>herkes<\/strong> Facebook Business Manager&#8217;in\u00a0potansiyel bir kullan\u0131c\u0131s\u0131 olabilir.<\/li>\r\n<\/ul>\r\n\u0130\u015fletmeler, sosyal medya \u00fczerinden s\u00fcrekli hedef kitlesi ile ileti\u015fim halinde olmak isterler. \u0130\u015fletmeler ayn\u0131 zamanda \u00fcr\u00fcn ve servislerini hedef kitlesinin \u00f6n\u00fcne \u00e7\u0131karabilmek i\u00e7in \u00e7e\u015fitli payla\u015f\u0131mlar ger\u00e7ekle\u015ftirirler.\r\n\r\nBu payla\u015f\u0131mlar\u0131 ve payla\u015f\u0131mlar\u0131n performans takibini Facebook Business Manager \u00fczerinden yapmak m\u00fcmk\u00fcnd\u00fcr. E\u011fer a\u015fa\u011f\u0131daki durumlardan biri size uyuyorsa, Facebook Business Manager ile \u00e7ok daha kolay bir y\u00f6netim s\u00fcreci elde edebilirsiniz:\r\n<ul>\r\n \t<li>G\u00fc\u00e7l\u00fc bir pazarlama ekibiniz varsa ve birden fazla \u00e7al\u0131\u015fan i\u00e7in ayarlara, y\u00f6netim s\u00fcrecine ayn\u0131 anda eri\u015fimi m\u00fcmk\u00fcn k\u0131lmak istiyorsan\u0131z, Facebook Business Manager&#8217;i\u00a0kullanabilirsiniz.<\/li>\r\n \t<li>Facebook\u2019a ba\u011fl\u0131 olarak sunulan birden fazla platformda birden fazla varl\u0131\u011fa (sayfa, hesap, reklam hesab\u0131 ve benzeri) sahipseniz, Facebook Business Manager m\u00fckemmel bir se\u00e7enektir. \u00c7\u00fcnk\u00fc bu varl\u0131klar\u0131n t\u00fcm\u00fcn\u00fc tek bir panel \u00fczerinden y\u00f6netebilme \u015fans\u0131 elde edebilirsiniz.<\/li>\r\n \t<li>Reklamc\u0131l\u0131k ve pazarlama alan\u0131nda ihtiya\u00e7lar\u0131n\u0131z\u0131 gidermesi i\u00e7in ayr\u0131 bir ajans ile \u00e7al\u0131\u015f\u0131yorsan\u0131z ve buna ba\u011fl\u0131 olarak hesaplar\u0131n\u0131z\u0131 bu ajansla payla\u015fmak istiyorsan\u0131z, do\u011frudan Facebook Business Manager y\u00f6netimine onlar\u0131 dahil etmek iyi bir fikir olabilir.<\/li>\r\n \t<li>Hedef kitlenizin daha geni\u015f bir kesimine ula\u015farak dijital pazarlama y\u00f6ntemleri ile i\u015fletmenizi b\u00fcy\u00fctmek istiyorsan\u0131z, yeni d\u00fcnyaya ayak uydurman\u0131z\u0131 sa\u011flayan Facebook Business Manager iyi bir ara\u00e7 olacakt\u0131r.<\/li>\r\n \t<li>\u0130\u015fletmenizin hesap bilgilerini ve kontrol alanlar\u0131n\u0131 g\u00fcvende tutarak ekstra do\u011frulama gerektiren bir platformla y\u00f6netimi sa\u011flamak istiyorsan\u0131z, Facebook Business Manager ak\u0131ll\u0131ca bir se\u00e7im olacakt\u0131r.<\/li>\r\n<\/ul>\r\n<span class=\"slide-in-container\"><span class=\"d-inline-block text-heading-default animated\"><strong>\u0130lginizi \u00e7ekebilir:<\/strong> <a href=\"https:\/\/earnado.com\/tr\/sosyal-medya-reklam-cesitleri-ve-uygulama-onerileri\/\">Sosyal Medya Reklam \u00c7e\u015fitleri ve Uygulama \u00d6nerileri<\/a><\/span><\/span>\r\n\r\n<strong>\u0130lginizi \u00e7ekebilir:<\/strong><a href=\"https:\/\/earnado.com\/tr\/instagram-reklam-cesitleri-ve-reklam-olusturma-yollari\/\">\u00a0Instagram Reklam \u00c7e\u015fitleri ve Reklam Olu\u015fturma Yollar\u0131<\/a>\r\n<h2><strong>Facebook Business Manager&#8217;\u0131n Faydalar\u0131<\/strong><\/h2>\r\n<img loading=\"lazy\" decoding=\"async\" class=\"alignnone size-full wp-image-55155\" src=\"https:\/\/earnado.com\/tr\/wp-content\/uploads\/2022\/07\/facebookbusinessmanageravantajlari.png\" alt=\"facebookbusinessmanageravantajlari\" width=\"700\" height=\"350\" srcset=\"https:\/\/earnado.com\/tr\/wp-content\/uploads\/2022\/07\/facebookbusinessmanageravantajlari.png 700w, https:\/\/earnado.com\/tr\/wp-content\/uploads\/2022\/07\/facebookbusinessmanageravantajlari-300x150.png 300w\" sizes=\"(max-width: 700px) 100vw, 700px\" \/>\r\n\r\n\u0130\u015fte Facebook&#8217;un Business Manager arac\u0131n\u0131 kullanman\u0131n en \u00f6nemli avantajlar\u0131ndan baz\u0131lar\u0131.\r\n<ol>\r\n \t<li>\r\n<h3><strong> Birle\u015fik Platform<\/strong><\/h3>\r\n<\/li>\r\n<\/ol>\r\nFacebook Business Manager ile t\u00fcm sayfalar\u0131n\u0131z\u0131, reklam sayfalar\u0131n\u0131z\u0131 tek bir yerden y\u00f6netebilirsiniz. Bu, t\u00fcm bireysel oturum a\u00e7ma kimlik bilgilerini ezberlemek i\u00e7in gereken \u00e7abay\u0131 azalt\u0131r. Her farkl\u0131 hesab\u0131 izlemek istedi\u011finizde farkl\u0131 hesaplara giri\u015f yapman\u0131z gerekmez. Bunun yerine, Facebook i\u015fletme y\u00f6neticinizi a\u00e7\u0131p istedi\u011finiz sayfay\u0131 arayabilirsiniz. Ayn\u0131 kontrol panelinden Instagram hesaplar\u0131n\u0131z\u0131 da izleyebilirsiniz.\u00a0Ayr\u0131ca, t\u00fcm sayfalar\u0131n\u0131z tek bir merkezi konumda g\u00f6r\u00fcnd\u00fc\u011f\u00fc i\u00e7in, Facebook Business Manager size sayfalar\u0131n\u0131z\u0131n performans\u0131n\u0131n daha net bir resmini verir.\r\n<ol start=\"2\">\r\n \t<li>\r\n<h3><strong> Daha \u0130yi Gizlilik ve Profesyonellik<\/strong><\/h3>\r\n<\/li>\r\n<\/ol>\r\nFacebook i\u015fletme y\u00f6neticisi, profesyonel ve ki\u015fisel ya\u015fam\u0131n\u0131z aras\u0131nda kolayca ge\u00e7i\u015f yapman\u0131z\u0131 sa\u011flar. Ge\u00e7mi\u015fte, profesyonel sayfan\u0131zda veya reklam sayfan\u0131zda, asl\u0131nda \u00f6zel sayfan\u0131zda yay\u0131nlanmas\u0131 ama\u00e7lanan bir \u015feyi yanl\u0131\u015fl\u0131kla yay\u0131nlam\u0131\u015f olabilirsiniz; ve tersi.\u00a0Ancak Facebook Business Manager&#8217;\u0131 kulland\u0131\u011f\u0131n\u0131zda b\u00f6yle bir durumun ortaya \u00e7\u0131kmayaca\u011f\u0131ndan emin olabilirsiniz. Art\u0131k Facebook&#8217;ta profesyonel ve ki\u015fisel ya\u015fam\u0131n\u0131z aras\u0131nda daha rahat ge\u00e7i\u015f yapabilirsiniz.\r\n<ol start=\"3\">\r\n \t<li>\r\n<h3><strong> Daha \u0130yi Ekip Y\u00f6netimi<\/strong><\/h3>\r\n<\/li>\r\n<\/ol>\r\nY\u00fcr\u00fctecek bir i\u015finiz oldu\u011funda, kesinlikle baz\u0131 \u00e7al\u0131\u015fanlara veya i\u015fin \u00e7e\u015fitli y\u00f6nlerini y\u00f6netmek i\u00e7in bir ekibe ihtiyac\u0131n\u0131z olacakt\u0131r. Facebook Business Manager ile istemedi\u011finiz bilgileri vermek zorunda de\u011filsiniz. Business Manager, i\u015f ayr\u0131nt\u0131lar\u0131n\u0131n hangi k\u0131sm\u0131na eri\u015febileceklerini ve buna g\u00f6re eri\u015febileceklerini tan\u0131mlaman\u0131za izin verir.\u00a0\u00c7al\u0131\u015fanlar\u0131n\u0131z veya sizin art\u0131k \u00f6zel Facebook hesaplar\u0131ndan ilgili sayfaya giri\u015f yapman\u0131za gerek yok. Esasen, art\u0131k sayfan\u0131n m\u00fclkiyet haklar\u0131na sahip olmayacaklar; ancak yaln\u0131zca ilgili rollerine eri\u015fim.\r\n<ol start=\"4\">\r\n \t<li>\r\n<h3><strong> Daha \u0130yi \u00dc\u00e7\u00fcnc\u00fc Taraf Y\u00f6netimi<\/strong><\/h3>\r\n<\/li>\r\n<\/ol>\r\nBir i\u015fte asla yaln\u0131z \u00e7al\u0131\u015fmazs\u0131n\u0131z. \u0130\u015fletmenizin baz\u0131 b\u00f6l\u00fcmlerini acentelere, sat\u0131c\u0131lara ve di\u011fer \u00e7e\u015fitli ortaklara d\u0131\u015f kaynak sa\u011flaman\u0131z gerekir. Ancak, i\u015fletmenizin m\u00fclkiyet haklar\u0131n\u0131 hepsiyle payla\u015fmak istemezsiniz.\u00a0Facebook i\u015fletme y\u00f6neticisi ile art\u0131k tam da bunu yapabilirsiniz; \u015eirketinizin eri\u015fimini \u00fc\u00e7\u00fcnc\u00fc taraflara fiilen herhangi bir m\u00fclkiyet hakk\u0131 vermeden verin.\r\n<ol start=\"5\">\r\n \t<li>\r\n<h3><strong> Ba\u011flar\u0131n Kolay Ayr\u0131lmas\u0131<\/strong><\/h3>\r\n<\/li>\r\n<\/ol>\r\nHer yeni \u00e7al\u0131\u015fan\u0131n, ekip \u00fcyesinin veya \u00fc\u00e7\u00fcnc\u00fc taraf kurulu\u015fun eklenmesiyle oturum a\u00e7ma kimlik bilgilerini payla\u015fmak zorunda kalmad\u0131\u011f\u0131n\u0131z i\u00e7in, i\u015finizi \u00e7evrimi\u00e7i ortamda s\u00fcrd\u00fcrmek art\u0131k \u00e7ok daha kolay hale geldi.\u00a0Ayr\u0131ca, bir ortakla ba\u011flar\u0131 koparmak \u00e7ok daha kolay hale geldi; yani, i\u015fle ilgili s\u00fcreleri sona erdi\u011finde veya mazur g\u00f6r\u00fclemeyecek bir \u015fekilde hareket ettiklerinde sayfaya eri\u015fimlerini sonland\u0131r\u0131n.\u00a0Facebook Business Manager art\u0131k birka\u00e7 d\u00fc\u011fmeyi t\u0131klatarak daha \u00f6nce bir \u00e7al\u0131\u015fana verilen sayfan\u0131za eri\u015fimi kesmenize izin veriyor. Bu, i\u015finizi y\u00f6netmeyi ve kavurma makinesiyle g\u00fcncel kalmay\u0131 \u00e7ok daha kolay hale getirir.\r\n<ol start=\"6\">\r\n \t<li>\r\n<h3><strong> \u00d6zel Reklam Olu\u015fturmak Daha Kolay<\/strong><\/h3>\r\n<\/li>\r\n<\/ol>\r\nSizin veya herhangi bir \u015firketin \u00fcretti\u011fi her \u015feyin t\u00fcm t\u00fcketicileriniz i\u00e7in iyi olmayaca\u011f\u0131n\u0131 s\u00f6ylemeye gerek yok. Kimine faydal\u0131 ve \u00e7ekici olacak \u00fcr\u00fcnler var, kimine g\u00f6re de faydal\u0131 olacak \u00fcr\u00fcnler var.\u00a0Facebook Business Manager ile yapt\u0131\u011f\u0131n\u0131z her reklam i\u00e7in \u00f6zel hedef kitle tan\u0131mlayabilirsiniz. Bu, \u00fcr\u00fcnlerinizin istenen kitleye ula\u015fma olas\u0131l\u0131\u011f\u0131n\u0131 art\u0131racakt\u0131r; ve t\u00fcketiciler taraf\u0131nda, istemedikleri veya kullanmad\u0131klar\u0131 bir reklam\u0131 g\u00f6rmenin rahats\u0131zl\u0131\u011f\u0131n\u0131 azalt\u0131n.\r\n<ol start=\"7\">\r\n \t<li>\r\n<h3><strong> Esneklik<\/strong><\/h3>\r\n<\/li>\r\n<\/ol>\r\nEsneklik dedi\u011fimizde, Facebook i\u015fletme y\u00f6neticisinin arka bah\u00e7edeki i\u015fletme sahibinden b\u00fcy\u00fck bir sekt\u00f6re kadar herkes taraf\u0131ndan kullan\u0131labilece\u011fi anlam\u0131na gelir. Facebook i\u015fletme y\u00f6neticisini esasen kullanmak i\u00e7in ula\u015f\u0131lmas\u0131 gereken bir kriter yoktur.\u00a0\u0130htiyac\u0131n\u0131z olan tek \u015fey, s\u00fcreci ba\u015flatmak i\u00e7in bir Facebook hesab\u0131 ve haz\u0131rs\u0131n\u0131z. Siz izin vermedi\u011finiz s\u00fcrece \u00f6zel bilgileriniz ba\u015fka hi\u00e7bir yerde g\u00f6sterilmeyecektir.\r\n<ol start=\"8\">\r\n \t<li>\r\n<h3><strong> Ajanslar \u0130\u00e7in Daha \u0130yi Pencere<\/strong><\/h3>\r\n<\/li>\r\n<\/ol>\r\nFacebook Business Manager, pazarlama ajanslar\u0131 ve i\u015fletmeler aras\u0131ndaki g\u00fcveni ve ticari i\u015fbirli\u011fi f\u0131rsatlar\u0131n\u0131 daha iyi art\u0131r\u0131r.\u00a0\u0130\u015fletme sahipleri art\u0131k oturum a\u00e7ma kimlik bilgilerini payla\u015f\u0131rken hassas gizli bilgileri if\u015fa etmek zorunda de\u011fildir.\u00a0Pazarlama ajanslar\u0131n\u0131n her zaman ak\u0131llar\u0131nda tutmalar\u0131 gereken \u00f6nemli bir nokta, m\u00fc\u015fterilerinin sayfas\u0131n\u0131 Facebook Business Manager&#8217;a eklerken izin istemeleridir.\r\n<h2><strong>Facebook Business Manager&#8217;\u0131 Kullan\u0131rken Dikkat Edilmesi Gerekenler<\/strong><\/h2>\r\n<img loading=\"lazy\" decoding=\"async\" class=\"alignnone size-full wp-image-55168\" src=\"https:\/\/earnado.com\/tr\/wp-content\/uploads\/2022\/07\/dikkatedilmesigerekenler.png\" alt=\"dikkatedilmesigerekenler\" width=\"700\" height=\"350\" srcset=\"https:\/\/earnado.com\/tr\/wp-content\/uploads\/2022\/07\/dikkatedilmesigerekenler.png 700w, https:\/\/earnado.com\/tr\/wp-content\/uploads\/2022\/07\/dikkatedilmesigerekenler-300x150.png 300w\" sizes=\"(max-width: 700px) 100vw, 700px\" \/>\r\n\r\nFacebook Business Manager&#8217;\u0131n zorluklar\u0131ndan biri, Reklam hesaplar\u0131n\u0131n ve Facebook sayfalar\u0131n\u0131n do\u011fru \u015fekilde eklenmesini sa\u011flamakt\u0131r.\u00a0Tamamen yeni bir \u015fey olu\u015fturdu\u011funuzda, yeni bir Reklam hesab\u0131 eklemeyi d\u00fc\u015f\u00fcn\u00fcn.\u00a0\u00d6te yandan, yaln\u0131zca Reklam hesab\u0131 eklemek, varl\u0131\u011f\u0131n zaten sahibi oldu\u011funuz anlam\u0131na gelir.\u00a0Bir m\u00fc\u015fterinin hesab\u0131 \u00fczerinde \u00e7al\u0131\u015f\u0131rken, belirli bir Reklam hesab\u0131 i\u00e7in Eri\u015fim \u0130ste&#8217;yi kullanabilirsiniz.\u00a0Unutulmamas\u0131 gereken \u00f6nemli bir nokta, Reklam hesaplar\u0131n\u0131 ekledikten sonra Business Manager&#8217;dan kald\u0131ramayaca\u011f\u0131n\u0131zd\u0131r.\u00a0Bu nedenle, yaln\u0131zca i\u015fletmenize ait Reklam hesaplar\u0131n\u0131 eklemeye dikkat edin.\r\n<h2><strong>Son D\u00fc\u015f\u00fcnceler<\/strong><\/h2>\r\n<img loading=\"lazy\" decoding=\"async\" class=\"alignnone size-full wp-image-55167\" src=\"https:\/\/earnado.com\/tr\/wp-content\/uploads\/2022\/07\/sondusunceler.png\" alt=\"sondusunceler\" width=\"700\" height=\"350\" srcset=\"https:\/\/earnado.com\/tr\/wp-content\/uploads\/2022\/07\/sondusunceler.png 700w, https:\/\/earnado.com\/tr\/wp-content\/uploads\/2022\/07\/sondusunceler-300x150.png 300w\" sizes=\"(max-width: 700px) 100vw, 700px\" \/>\r\n\r\nToparlayacak olursak Facebook Business Manager, b\u00fct\u00fcn reklam kampanyalar\u0131n\u0131 tek \u00e7at\u0131 alt\u0131nda toplayarak birden fazla ki\u015finin kullan\u0131c\u0131 eri\u015fimi ve izinleriyle ilgili endi\u015felerini ortadan kald\u0131r\u0131r. \u015eirketlerin reklam operasyonlar\u0131n\u0131 tek bir \u00e7at\u0131 alt\u0131nda kullanabilmesi ve y\u00f6netebilmesi gayesiyle olu\u015fturulan bu platform \u00f6zellikle \u00e7oklu \u015firket yap\u0131lanmas\u0131nda reklamlar\u0131n\u0131 daha iyi y\u00f6netebilmesine olanak sa\u011flad\u0131.\r\n\r\nDijital i\u015fler i\u00e7in ekip veya ajans de\u011fi\u015fikli\u011fi s\u0131k ya\u015fanan sorunlardan birisidir. Business Manager ile yetkiler anl\u0131k olarak al\u0131nabilir veya verilebilir. Buda hesaplar\u0131n\u0131z\u0131n herhangi bir kay\u0131p ya\u015famadan y\u00fcr\u00fct\u00fclmesine olanak sa\u011flar. Y\u0131l i\u00e7erisinde belirledi\u011finiz dijital stratrejileri ekiplerin de\u011fi\u015fmesi ile tekrar olu\u015fturmaman\u0131z i\u00e7in size yard\u0131mc\u0131 olur. Facebook bu konuda markalara son derece faydal\u0131 bir platform olu\u015fturdu diyebiliriz. \u0130lk bak\u0131\u015fta zor gibi gelsede, reklamlar\u0131n\u0131z\u0131 kolayca en ince detay\u0131na kadar optimize edebilirsiniz.\t\t\t\t\t\t<\/div>\n\t\t\t\t<\/div>\n\t\t\t\t\t<\/div>\n\t\t<\/div>\n\t\t\t\t\t<\/div>\n\t\t<\/section>\n\t\t\t\t<\/div>\n\t\t","protected":false},"excerpt":{"rendered":"<p>Facebook, i\u015f insanlar\u0131n\u0131n daha fazla m\u00fc\u015fteriye ula\u015fmak i\u00e7in kulland\u0131\u011f\u0131 en pop\u00fcler sosyal medya platformlar\u0131ndan biridir.\u00a0B2B karar al\u0131c\u0131lar\u0131n\u0131n\u00a0yakla\u015f\u0131k %48,5&#8217;i Business Manager ara\u015ft\u0131rmalar\u0131 i\u00e7in Facebook&#8217;tan yararlan\u0131yor.\u00a0Ayr\u0131ca, i\u015f kitlesini hedefliyorsan\u0131z, Facebook platformunu kullanmak size \u015fa\u015f\u0131rt\u0131c\u0131 sonu\u00e7lar sa\u011flayabilir. K\u00fc\u00e7\u00fck bir i\u015fletmeniz varsa ve Facebook&#8230;<\/p>\n","protected":false},"author":381,"featured_media":55152,"comment_status":"open","ping_status":"open","sticky":false,"template":"","format":"standard","meta":{"footnotes":""},"categories":[34],"tags":[],"class_list":["post-55166","post","type-post","status-publish","format-standard","has-post-thumbnail","hentry","category-reklam-yonetimi"],"yoast_head":"<!-- This site is optimized with the Yoast SEO plugin v22.7 - https:\/\/yoast.com\/wordpress\/plugins\/seo\/ -->\n<title>Neden Facebook Business Manager Kullan\u0131lmal\u0131? - Earnado<\/title>\n<meta name=\"description\" content=\"Neden Facebook Business Manager kullanman\u0131z gerekti\u011fi hakk\u0131nda yazm\u0131\u015f oldu\u011fumuz yaz\u0131m\u0131z\u0131 inceleyip siz de \u00f6nemli bilgiler edinebilirsiniz.\" \/>\n<meta name=\"robots\" content=\"index, follow, max-snippet:-1, max-image-preview:large, max-video-preview:-1\" \/>\n<link rel=\"canonical\" href=\"https:\/\/earnado.com\/tr\/neden-facebook-business-manager-kullanilmali\/\" \/>\n<meta property=\"og:locale\" content=\"tr_TR\" \/>\n<meta property=\"og:type\" content=\"article\" \/>\n<meta property=\"og:title\" content=\"Neden Facebook Business Manager Kullan\u0131lmal\u0131? - Earnado\" \/>\n<meta property=\"og:description\" content=\"Neden Facebook Business Manager kullanman\u0131z gerekti\u011fi hakk\u0131nda yazm\u0131\u015f oldu\u011fumuz yaz\u0131m\u0131z\u0131 inceleyip siz de \u00f6nemli bilgiler edinebilirsiniz.\" \/>\n<meta property=\"og:url\" content=\"https:\/\/earnado.com\/tr\/neden-facebook-business-manager-kullanilmali\/\" \/>\n<meta property=\"og:site_name\" content=\"Earnado\" \/>\n<meta property=\"article:published_time\" content=\"2023-01-05T12:56:25+00:00\" \/>\n<meta property=\"article:modified_time\" content=\"2026-02-27T19:23:11+00:00\" \/>\n<meta property=\"og:image\" content=\"https:\/\/earnado.com\/tr\/wp-content\/uploads\/2022\/07\/facebookbusinessmanager-1.png\" \/>\n\t<meta property=\"og:image:width\" content=\"700\" \/>\n\t<meta property=\"og:image:height\" content=\"350\" \/>\n\t<meta property=\"og:image:type\" content=\"image\/png\" \/>\n<meta name=\"author\" content=\"Enes \u00c7oban\" \/>\n<meta name=\"twitter:card\" content=\"summary_large_image\" \/>\n<meta name=\"twitter:label1\" content=\"Yazan:\" \/>\n\t<meta name=\"twitter:data1\" content=\"Enes \u00c7oban\" \/>\n\t<meta name=\"twitter:label2\" content=\"Tahmini okuma s\u00fcresi\" \/>\n\t<meta name=\"twitter:data2\" content=\"10 dakika\" \/>\n<script type=\"application\/ld+json\" class=\"yoast-schema-graph\">{\"@context\":\"https:\/\/schema.org\",\"@graph\":[{\"@type\":\"WebPage\",\"@id\":\"https:\/\/earnado.com\/tr\/neden-facebook-business-manager-kullanilmali\/\",\"url\":\"https:\/\/earnado.com\/tr\/neden-facebook-business-manager-kullanilmali\/\",\"name\":\"Neden Facebook Business Manager Kullan\u0131lmal\u0131? - Earnado\",\"isPartOf\":{\"@id\":\"https:\/\/earnado.com\/tr\/#website\"},\"primaryImageOfPage\":{\"@id\":\"https:\/\/earnado.com\/tr\/neden-facebook-business-manager-kullanilmali\/#primaryimage\"},\"image\":{\"@id\":\"https:\/\/earnado.com\/tr\/neden-facebook-business-manager-kullanilmali\/#primaryimage\"},\"thumbnailUrl\":\"https:\/\/earnado.com\/tr\/wp-content\/uploads\/2022\/07\/facebookbusinessmanager-1.png\",\"datePublished\":\"2023-01-05T12:56:25+00:00\",\"dateModified\":\"2026-02-27T19:23:11+00:00\",\"author\":{\"@id\":\"https:\/\/earnado.com\/tr\/#\/schema\/person\/f04f9aed5e6f0543cf22ab9bb77857c5\"},\"description\":\"Neden Facebook Business Manager kullanman\u0131z gerekti\u011fi hakk\u0131nda yazm\u0131\u015f oldu\u011fumuz yaz\u0131m\u0131z\u0131 inceleyip siz de \u00f6nemli bilgiler edinebilirsiniz.\",\"inLanguage\":\"tr\",\"potentialAction\":[{\"@type\":\"ReadAction\",\"target\":[\"https:\/\/earnado.com\/tr\/neden-facebook-business-manager-kullanilmali\/\"]}]},{\"@type\":\"ImageObject\",\"inLanguage\":\"tr\",\"@id\":\"https:\/\/earnado.com\/tr\/neden-facebook-business-manager-kullanilmali\/#primaryimage\",\"url\":\"https:\/\/earnado.com\/tr\/wp-content\/uploads\/2022\/07\/facebookbusinessmanager-1.png\",\"contentUrl\":\"https:\/\/earnado.com\/tr\/wp-content\/uploads\/2022\/07\/facebookbusinessmanager-1.png\",\"width\":700,\"height\":350,\"caption\":\"facebookbusinessmanager\"},{\"@type\":\"WebSite\",\"@id\":\"https:\/\/earnado.com\/tr\/#website\",\"url\":\"https:\/\/earnado.com\/tr\/\",\"name\":\"Earnado\",\"description\":\"\u0130\u015finizi Kafan\u0131zda De\u011fil \u0130nternette B\u00fcy\u00fct\u00fcn!\",\"potentialAction\":[{\"@type\":\"SearchAction\",\"target\":{\"@type\":\"EntryPoint\",\"urlTemplate\":\"https:\/\/earnado.com\/tr\/?s={search_term_string}\"},\"query-input\":\"required name=search_term_string\"}],\"inLanguage\":\"tr\"},{\"@type\":\"Person\",\"@id\":\"https:\/\/earnado.com\/tr\/#\/schema\/person\/f04f9aed5e6f0543cf22ab9bb77857c5\",\"name\":\"Enes \u00c7oban\",\"image\":{\"@type\":\"ImageObject\",\"inLanguage\":\"tr\",\"@id\":\"https:\/\/earnado.com\/tr\/#\/schema\/person\/image\/\",\"url\":\"https:\/\/secure.gravatar.com\/avatar\/d8b3f55c588eced9da980becceb9a3ede70fa0baa1f869fa7bb25f0af846c40f?s=96&d=mm&r=g\",\"contentUrl\":\"https:\/\/secure.gravatar.com\/avatar\/d8b3f55c588eced9da980becceb9a3ede70fa0baa1f869fa7bb25f0af846c40f?s=96&d=mm&r=g\",\"caption\":\"Enes \u00c7oban\"},\"description\":\"1988 y\u0131l\u0131nda \u0130stanbul \u015ei\u015fli'de do\u011fdum. 4 y\u0131ll\u0131k i\u015fletme ve 2 y\u0131ll\u0131k Sivil Hava Ula\u015ft\u0131rma \u0130\u015fletmecili\u011fi mezunuyum. 15 y\u0131l Havac\u0131l\u0131k Kamu sekt\u00f6r\u00fcnde \u00e7al\u0131\u015ft\u0131m. K\u00fc\u00e7\u00fckl\u00fc\u011f\u00fcmden beri bilgisayar ile ha\u015f\u0131r ne\u015fir biriyim. Teknoloji konusunda merakl\u0131y\u0131m. Kendimi s\u00fcrekli geli\u015ftirmek en sevdi\u011fim \u00f6zelliklerimden birisidir. S\u00fcrekli yeni bir \u015feyler \u00f6\u011frenmek ufkumu geni\u015fletiyor ve \u00e7ok ho\u015fuma gidiyor. Tasar\u0131m ve i\u00e7erik i\u015flerine, alm\u0131\u015f oldu\u011fum photoshop kursundan sonra 2012 y\u0131llar\u0131nda kendi \u00e7ap\u0131mda ba\u015flad\u0131m. Bunu profesyonel hale getirmek istiyorum. Ayr\u0131ca pazarlama d\u00fcnyas\u0131n\u0131 de\u011fi\u015ftirecek i\u00e7erikler \u00fcretmeyi, ara\u00e7lar geli\u015ftirmeyi, raporlar haz\u0131rlamay\u0131, sosyal medya i\u00e7erikleri \u00fcretmeyi \u00e7ok severek yapmaya haz\u0131r\u0131m.\",\"sameAs\":[\"https:\/\/www.instagram.com\/enscbn\/\",\"www.linkedin.com\/in\/enes-\u00e7oban-7962b3b7\"],\"url\":\"https:\/\/earnado.com\/tr\/author\/enescobann\/\"}]}<\/script>\n<!-- \/ Yoast SEO plugin. -->","yoast_head_json":{"title":"Neden Facebook Business Manager Kullan\u0131lmal\u0131? - Earnado","description":"Neden Facebook Business Manager kullanman\u0131z gerekti\u011fi hakk\u0131nda yazm\u0131\u015f oldu\u011fumuz yaz\u0131m\u0131z\u0131 inceleyip siz de \u00f6nemli bilgiler edinebilirsiniz.","robots":{"index":"index","follow":"follow","max-snippet":"max-snippet:-1","max-image-preview":"max-image-preview:large","max-video-preview":"max-video-preview:-1"},"canonical":"https:\/\/earnado.com\/tr\/neden-facebook-business-manager-kullanilmali\/","og_locale":"tr_TR","og_type":"article","og_title":"Neden Facebook Business Manager Kullan\u0131lmal\u0131? - Earnado","og_description":"Neden Facebook Business Manager kullanman\u0131z gerekti\u011fi hakk\u0131nda yazm\u0131\u015f oldu\u011fumuz yaz\u0131m\u0131z\u0131 inceleyip siz de \u00f6nemli bilgiler edinebilirsiniz.","og_url":"https:\/\/earnado.com\/tr\/neden-facebook-business-manager-kullanilmali\/","og_site_name":"Earnado","article_published_time":"2023-01-05T12:56:25+00:00","article_modified_time":"2026-02-27T19:23:11+00:00","og_image":[{"width":700,"height":350,"url":"https:\/\/earnado.com\/tr\/wp-content\/uploads\/2022\/07\/facebookbusinessmanager-1.png","type":"image\/png"}],"author":"Enes \u00c7oban","twitter_card":"summary_large_image","twitter_misc":{"Yazan:":"Enes \u00c7oban","Tahmini okuma s\u00fcresi":"10 dakika"},"schema":{"@context":"https:\/\/schema.org","@graph":[{"@type":"WebPage","@id":"https:\/\/earnado.com\/tr\/neden-facebook-business-manager-kullanilmali\/","url":"https:\/\/earnado.com\/tr\/neden-facebook-business-manager-kullanilmali\/","name":"Neden Facebook Business Manager Kullan\u0131lmal\u0131? - Earnado","isPartOf":{"@id":"https:\/\/earnado.com\/tr\/#website"},"primaryImageOfPage":{"@id":"https:\/\/earnado.com\/tr\/neden-facebook-business-manager-kullanilmali\/#primaryimage"},"image":{"@id":"https:\/\/earnado.com\/tr\/neden-facebook-business-manager-kullanilmali\/#primaryimage"},"thumbnailUrl":"https:\/\/earnado.com\/tr\/wp-content\/uploads\/2022\/07\/facebookbusinessmanager-1.png","datePublished":"2023-01-05T12:56:25+00:00","dateModified":"2026-02-27T19:23:11+00:00","author":{"@id":"https:\/\/earnado.com\/tr\/#\/schema\/person\/f04f9aed5e6f0543cf22ab9bb77857c5"},"description":"Neden Facebook Business Manager kullanman\u0131z gerekti\u011fi hakk\u0131nda yazm\u0131\u015f oldu\u011fumuz yaz\u0131m\u0131z\u0131 inceleyip siz de \u00f6nemli bilgiler edinebilirsiniz.","inLanguage":"tr","potentialAction":[{"@type":"ReadAction","target":["https:\/\/earnado.com\/tr\/neden-facebook-business-manager-kullanilmali\/"]}]},{"@type":"ImageObject","inLanguage":"tr","@id":"https:\/\/earnado.com\/tr\/neden-facebook-business-manager-kullanilmali\/#primaryimage","url":"https:\/\/earnado.com\/tr\/wp-content\/uploads\/2022\/07\/facebookbusinessmanager-1.png","contentUrl":"https:\/\/earnado.com\/tr\/wp-content\/uploads\/2022\/07\/facebookbusinessmanager-1.png","width":700,"height":350,"caption":"facebookbusinessmanager"},{"@type":"WebSite","@id":"https:\/\/earnado.com\/tr\/#website","url":"https:\/\/earnado.com\/tr\/","name":"Earnado","description":"\u0130\u015finizi Kafan\u0131zda De\u011fil \u0130nternette B\u00fcy\u00fct\u00fcn!","potentialAction":[{"@type":"SearchAction","target":{"@type":"EntryPoint","urlTemplate":"https:\/\/earnado.com\/tr\/?s={search_term_string}"},"query-input":"required name=search_term_string"}],"inLanguage":"tr"},{"@type":"Person","@id":"https:\/\/earnado.com\/tr\/#\/schema\/person\/f04f9aed5e6f0543cf22ab9bb77857c5","name":"Enes \u00c7oban","image":{"@type":"ImageObject","inLanguage":"tr","@id":"https:\/\/earnado.com\/tr\/#\/schema\/person\/image\/","url":"https:\/\/secure.gravatar.com\/avatar\/d8b3f55c588eced9da980becceb9a3ede70fa0baa1f869fa7bb25f0af846c40f?s=96&d=mm&r=g","contentUrl":"https:\/\/secure.gravatar.com\/avatar\/d8b3f55c588eced9da980becceb9a3ede70fa0baa1f869fa7bb25f0af846c40f?s=96&d=mm&r=g","caption":"Enes \u00c7oban"},"description":"1988 y\u0131l\u0131nda \u0130stanbul \u015ei\u015fli'de do\u011fdum. 4 y\u0131ll\u0131k i\u015fletme ve 2 y\u0131ll\u0131k Sivil Hava Ula\u015ft\u0131rma \u0130\u015fletmecili\u011fi mezunuyum. 15 y\u0131l Havac\u0131l\u0131k Kamu sekt\u00f6r\u00fcnde \u00e7al\u0131\u015ft\u0131m. K\u00fc\u00e7\u00fckl\u00fc\u011f\u00fcmden beri bilgisayar ile ha\u015f\u0131r ne\u015fir biriyim. Teknoloji konusunda merakl\u0131y\u0131m. Kendimi s\u00fcrekli geli\u015ftirmek en sevdi\u011fim \u00f6zelliklerimden birisidir. S\u00fcrekli yeni bir \u015feyler \u00f6\u011frenmek ufkumu geni\u015fletiyor ve \u00e7ok ho\u015fuma gidiyor. Tasar\u0131m ve i\u00e7erik i\u015flerine, alm\u0131\u015f oldu\u011fum photoshop kursundan sonra 2012 y\u0131llar\u0131nda kendi \u00e7ap\u0131mda ba\u015flad\u0131m. Bunu profesyonel hale getirmek istiyorum. Ayr\u0131ca pazarlama d\u00fcnyas\u0131n\u0131 de\u011fi\u015ftirecek i\u00e7erikler \u00fcretmeyi, ara\u00e7lar geli\u015ftirmeyi, raporlar haz\u0131rlamay\u0131, sosyal medya i\u00e7erikleri \u00fcretmeyi \u00e7ok severek yapmaya haz\u0131r\u0131m.","sameAs":["https:\/\/www.instagram.com\/enscbn\/","www.linkedin.com\/in\/enes-\u00e7oban-7962b3b7"],"url":"https:\/\/earnado.com\/tr\/author\/enescobann\/"}]}},"_links":{"self":[{"href":"https:\/\/earnado.com\/tr\/wp-json\/wp\/v2\/posts\/55166","targetHints":{"allow":["GET"]}}],"collection":[{"href":"https:\/\/earnado.com\/tr\/wp-json\/wp\/v2\/posts"}],"about":[{"href":"https:\/\/earnado.com\/tr\/wp-json\/wp\/v2\/types\/post"}],"author":[{"embeddable":true,"href":"https:\/\/earnado.com\/tr\/wp-json\/wp\/v2\/users\/381"}],"replies":[{"embeddable":true,"href":"https:\/\/earnado.com\/tr\/wp-json\/wp\/v2\/comments?post=55166"}],"version-history":[{"count":10,"href":"https:\/\/earnado.com\/tr\/wp-json\/wp\/v2\/posts\/55166\/revisions"}],"predecessor-version":[{"id":57752,"href":"https:\/\/earnado.com\/tr\/wp-json\/wp\/v2\/posts\/55166\/revisions\/57752"}],"wp:featuredmedia":[{"embeddable":true,"href":"https:\/\/earnado.com\/tr\/wp-json\/wp\/v2\/media\/55152"}],"wp:attachment":[{"href":"https:\/\/earnado.com\/tr\/wp-json\/wp\/v2\/media?parent=55166"}],"wp:term":[{"taxonomy":"category","embeddable":true,"href":"https:\/\/earnado.com\/tr\/wp-json\/wp\/v2\/categories?post=55166"},{"taxonomy":"post_tag","embeddable":true,"href":"https:\/\/earnado.com\/tr\/wp-json\/wp\/v2\/tags?post=55166"}],"curies":[{"name":"wp","href":"https:\/\/api.w.org\/{rel}","templated":true}]}}