{"id":55498,"date":"2023-01-05T16:47:29","date_gmt":"2023-01-05T13:47:29","guid":{"rendered":"http:\/\/earnado.com\/tr\/?p=55498"},"modified":"2023-01-05T16:47:29","modified_gmt":"2023-01-05T13:47:29","slug":"ucretsiz-sosyal-medya-araclari","status":"publish","type":"post","link":"https:\/\/earnado.com\/tr\/ucretsiz-sosyal-medya-araclari\/","title":{"rendered":"\u00dccretsiz Sosyal Medya Ara\u00e7lar\u0131"},"content":{"rendered":"<p><span style=\"vertical-align: inherit;\"><span style=\"vertical-align: inherit;\"><img fetchpriority=\"high\" decoding=\"async\" class=\"alignnone size-medium wp-image-55503\" src=\"https:\/\/earnado.com\/tr\/wp-content\/uploads\/2022\/07\/social-media2-1-300x167.jpg\" alt=\"\" width=\"300\" height=\"167\" srcset=\"https:\/\/earnado.com\/tr\/wp-content\/uploads\/2022\/07\/social-media2-1-300x167.jpg 300w, https:\/\/earnado.com\/tr\/wp-content\/uploads\/2022\/07\/social-media2-1.jpg 700w\" sizes=\"(max-width: 300px) 100vw, 300px\" \/><\/span><\/span><\/p>\n<p><span style=\"vertical-align: inherit;\"><span style=\"vertical-align: inherit;\">Teknoloji geli\u015ftik\u00e7e sosyal medya daha \u00e7ok kullan\u0131l\u0131yor. Sosyal medyay\u0131 bireysel olarak ve i\u015f i\u00e7in kullanan y\u00fczde birbirine olduk\u00e7a yak\u0131n. Kullan\u0131c\u0131 bu kadar fazlayken de hayat\u0131 kolayla\u015ft\u0131racak, 0\u2019dan ba\u015flayanlar\u0131n da kolayl\u0131kla uyum sa\u011flayabilece\u011fi sosyal medya ara\u00e7lar\u0131na ihtiya\u00e7 duyuluyor. Bu ara\u00e7lar sosyal medyada ger\u00e7ekle\u015ftirmek istedi\u011finiz herhangi bir hedefe ula\u015fman\u0131za yard\u0131mc\u0131 olacakt\u0131r. E\u011fer \u00fcr\u00fcn ya da marka tan\u0131t\u0131yorsan\u0131z ve sosyal medyada yeniyseniz planl\u0131 davranmak olduk\u00e7a \u00f6nemlidir. Sosyal medya ara\u00e7lar\u0131 ise bu ger\u00e7ekle\u015ftirmek istedi\u011finiz hedefler i\u00e7in size olduk\u00e7a fayda sa\u011flayacakt\u0131r.<\/span><\/span><\/p>\n<p><span style=\"vertical-align: inherit;\"><span style=\"vertical-align: inherit;\">Bu yaz\u0131m\u0131zda <\/span><\/span><strong><span style=\"vertical-align: inherit;\"><span style=\"vertical-align: inherit;\">\u00dccretsiz Sosyal Medya Ara\u00e7lar\u0131 <\/span><\/span><\/strong><span style=\"vertical-align: inherit;\"><span style=\"vertical-align: inherit;\">konusuna de\u011finece\u011fiz.<\/span><\/span><\/p>\n<p><span style=\"vertical-align: inherit;\"><span style=\"vertical-align: inherit;\">\u00d6ncelikle sosyal medyan\u0131z\u0131 aktif hale getirmeniz en \u00f6nemli noktalardan biridir. Bunun i\u00e7inde planl\u0131 olmak yani planl\u0131 payla\u015f\u0131m yapmak \u00f6nemlidir.<\/span><\/span><\/p>\n<h1><strong><span style=\"vertical-align: inherit;\"><span style=\"vertical-align: inherit;\">\u0130\u00e7erik Planlama Ara\u00e7lar\u0131<\/span><\/span><\/strong><\/h1>\n<ul>\n<li><span style=\"vertical-align: inherit;\"><span style=\"vertical-align: inherit;\">\u0130\u00e7erik St\u00fcdyosu (Creator Studio):<\/span><\/span><\/li>\n<\/ul>\n<p><span style=\"vertical-align: inherit;\"><span style=\"vertical-align: inherit;\">Facebook\u2019un bir sitesi olan bu site tamamen \u00fccretsiz. Bir ya da birden \u00e7ok hesap ba\u011flayabilir ve bunlar\u0131 y\u00f6netebilirsiniz. Tarihini ve zaman\u0131n\u0131 siz se\u00e7iyorsunuz ve se\u00e7ti\u011finiz tarihte payla\u015f\u0131yor. \u00c7ok zaman sonraya bile planlayabiliyorsunuz. Ayr\u0131ca istatistikleri de g\u00f6rebiliyorsunuz. Sayfa performans\u0131n\u0131z\u0131 \u00f6l\u00e7ebilir, sayfan\u0131z\u0131n i\u015f birli\u011fi ve para durumunu y\u00f6netebilir, takip\u00e7ilerinizle etkile\u015fime ge\u00e7ebilirsiniz. \u0130\u015fi sosyal medya olan ve birden fazla hesap y\u00f6neten ki\u015filer i\u00e7in ideal bir ara\u00e7.<\/span><\/span><\/p>\n<ul>\n<li><span style=\"vertical-align: inherit;\"><span style=\"vertical-align: inherit;\">Buffer:<\/span><\/span><\/li>\n<\/ul>\n<p><span style=\"vertical-align: inherit;\"><span style=\"vertical-align: inherit;\">Buffer, bir t\u00fcr sosyal medya g\u00f6nderisi planlama arac\u0131. Bu ara\u00e7la birlikle \u0130\u00e7erik St\u00fcdyosu gibi \u00f6nceden haz\u0131rlanan g\u00f6nderileri, istedi\u011finiz g\u00fcn ve saatte otomatik olarak ayarlayarak payla\u015f\u0131lmas\u0131n\u0131 sa\u011flayabilirsiniz. B\u00f6ylelikle g\u00f6nderi payla\u015fmak i\u00e7in beklemenize gerek kalmayacakt\u0131r. Ayr\u0131ca kullan\u0131c\u0131lar\u0131n\u0131z\u0131n uygulamay\u0131 en \u00e7ok kulland\u0131klar\u0131 zaman aral\u0131\u011f\u0131n\u0131 belirler ve o aral\u0131klarda payla\u015f\u0131m yapman\u0131za olanak tan\u0131r. \u0130\u00e7eriklerinizi istedi\u011finiz zaman ve yerde uygulamaya girmeden payla\u015fma olana\u011f\u0131 tan\u0131r.<\/span><\/span><\/p>\n<ul>\n<li><span style=\"vertical-align: inherit;\"><span style=\"vertical-align: inherit;\">Later:<\/span><\/span><\/li>\n<\/ul>\n<p><span style=\"vertical-align: inherit;\"><span style=\"vertical-align: inherit;\">Later da g\u00f6nderi planlama program\u0131d\u0131r. G\u00f6nderi, hik\u00e2ye veya carousel g\u00f6nderileri planlamak i\u00e7in kullan\u0131l\u0131r. \u00dccretsiz plan\u0131n\u0131n yan\u0131nda \u00fccretli plan\u0131nda ise kaydedilmi\u015f altyaz\u0131lar planlanm\u0131\u015f hik\u00e2ye ve daha fazla \u00f6zellik bar\u0131nd\u0131r\u0131yor.<\/span><\/span><\/p>\n<ul>\n<li><span style=\"vertical-align: inherit;\"><span style=\"vertical-align: inherit;\">Hootsuite:<\/span><\/span><\/li>\n<\/ul>\n<p><span style=\"vertical-align: inherit;\"><span style=\"vertical-align: inherit;\">Sosyal medya planlama ve pazarlama planlar\u0131 i\u00e7in en k\u00f6kl\u00fc ve pop\u00fcler uygulamalardan biridir. Ekibinizle beraber \u00e7al\u0131\u015fabilirsiniz. 3 sosyal profil ve 30 adede kadar planlanm\u0131\u015f mesaj i\u00e7in \u00fccretsiz plan\u0131 mevcuttur.<\/span><\/span><\/p>\n<ul>\n<li><span style=\"vertical-align: inherit;\"><span style=\"vertical-align: inherit;\">ContentCal:<\/span><\/span><\/li>\n<\/ul>\n<p><span style=\"vertical-align: inherit;\"><span style=\"vertical-align: inherit;\">Ekibinizi bir araya getirebilece\u011finiz bir uygulamad\u0131r. Fikirlerinizi payla\u015fabilir, ak\u0131\u015f olu\u015fturabilir i\u00e7erik plan\u0131 yapabilirsiniz. Ayr\u0131ca bu i\u00e7eri\u011fi birden fazla platformda (Facebook, \u0130nstagram, Twitter, Linkedin, Pinterest, Google My Business, YouTube) yay\u0131nlayabilirsiniz. Uygulaman\u0131n analiti\u011fi sayesinde i\u00e7erik performans\u0131n\u0131z\u0131 anlaman\u0131za fayda sa\u011flar. Hesab\u0131n\u0131zdaki yorumlar\u0131 ve mesajlar\u0131 izleyebilir ve yan\u0131t verebilirsiniz.<\/span><\/span><\/p>\n<ul>\n<li><span style=\"vertical-align: inherit;\"><span style=\"vertical-align: inherit;\">PostPlanner:<\/span><\/span><\/li>\n<\/ul>\n<p><span style=\"vertical-align: inherit;\"><span style=\"vertical-align: inherit;\">\u0130nsanlar\u0131n en \u00e7ok arad\u0131klar\u0131 etkile\u015fimi y\u00fcksek i\u00e7eriklere ula\u015fabilirsiniz. Bu buldu\u011funuz y\u00fcksek kaliteli i\u00e7erikleri ise payla\u015fma f\u0131rsat\u0131 sunuyor. Yaln\u0131zca Facebook ve Twitter i\u00e7in kullan\u0131l\u0131yor bu uygulama.<\/span><\/span><\/p>\n<ul>\n<li><span style=\"vertical-align: inherit;\"><span style=\"vertical-align: inherit;\">Social Pilot:<\/span><\/span><\/li>\n<\/ul>\n<p><span style=\"vertical-align: inherit;\"><span style=\"vertical-align: inherit;\">Sosyal medya hesaplar\u0131n\u0131z varsa kolayl\u0131kla y\u00f6netebilece\u011finiz \u00fccretsiz bir ara\u00e7t\u0131r. Toplu g\u00f6nderimler ger\u00e7ekle\u015ftirebilir, ekip \u00fcyelerinizle i\u015f birli\u011fi yapabilirsiniz. \u00dccretsiz bir \u015fekilde g\u00fcnde yaln\u0131zca 3 profili kontrol edebilir, 30 adet i\u00e7erik payla\u015fabilir ve 10 mesaj atabilirsiniz. Daha fazlas\u0131 i\u00e7in \u00fccret \u00f6demeniz gerekiyor. \u00a0Ayr\u0131ca Sosyal medya raporlar\u0131n\u0131 pdf olarak indirme imk\u00e2n\u0131 sunar.<\/span><\/span><\/p>\n<ul>\n<li>Likeable Hub:<\/li>\n<\/ul>\n<p><span style=\"vertical-align: inherit;\"><span style=\"vertical-align: inherit;\">Bir sosyal medya otomasyon platformudur. Tamam\u0131yla \u00fccretsiz bir uygulama de\u011fildir ama kullan\u0131m\u0131 ba\u015flang\u0131\u00e7 i\u00e7in yeterlidir. \u0130\u00e7erik olu\u015fturman\u0131za, \u0130\u00e7eriklerinize planlaman\u0131za belirli bir m\u00fc\u015fteri kitlesi olu\u015fturman\u0131za ve raporlar alman\u0131za imk\u00e2n tan\u0131r.<\/span><\/span><\/p>\n<ul>\n<li>Friends+me:<\/li>\n<\/ul>\n<p><span style=\"vertical-align: inherit;\"><span style=\"vertical-align: inherit;\">Google da bulunan g\u00f6nderilerinizi di\u011fer hesaplara g\u00f6nderebilirsiniz. Mobil cihazlara uyumludur diledi\u011finiz yerden \u00e7al\u0131\u015fabilirsiniz.<\/span><\/span><\/p>\n<ul>\n<li><span style=\"vertical-align: inherit;\"><span style=\"vertical-align: inherit;\">SosyalOomph:<\/span><\/span><\/li>\n<\/ul>\n<p><span style=\"vertical-align: inherit;\"><span style=\"vertical-align: inherit;\">Blog ve sosyal medya hesaplar\u0131n\u0131z\u0131 tek birden kontrol edebilirsiniz. Ayr\u0131ca efektif kullan\u0131ma da uygundur. Hesap olu\u015fturabilme olana\u011f\u0131 tan\u0131r. Twitter\u2019da bulunan t\u00fcm tweetleri silip yeniden ba\u015flayabilirsiniz.<\/span><\/span><\/p>\n<ul>\n<li><span style=\"vertical-align: inherit;\"><span style=\"vertical-align: inherit;\">Onlypult:<\/span><\/span><\/li>\n<\/ul>\n<p><span style=\"vertical-align: inherit;\"><span style=\"vertical-align: inherit;\">G\u00f6nderilerinizi planlamaya yarayan bu arac\u0131n di\u011ferlerinden farkl\u0131 bir \u00f6zelli\u011fi ise hikayelerinize de planlaman\u0131za olanak sa\u011flamas\u0131.<\/span><\/span><\/p>\n<ul>\n<li><span style=\"vertical-align: inherit;\"><span style=\"vertical-align: inherit;\">TweetDeck:<\/span><\/span><\/li>\n<\/ul>\n<p><span style=\"vertical-align: inherit;\"><span style=\"vertical-align: inherit;\">Birden fazla Twitter hesab\u0131 y\u00f6netmenizi sa\u011flayan \u00fccretsiz bir uygulamad\u0131r. Tweetleri incelemenize, y\u00f6netmenizi sa\u011flar. Web uygulamas\u0131, Chrome uygulamas\u0131 ve masa\u00fcst\u00fc uygulamas\u0131 mevcuttur. Twitter hesaplar\u0131n\u0131 y\u00f6netmek isteyenler i\u00e7in idealdir. G\u00f6nderileri ne zaman payla\u015faca\u011f\u0131n\u0131z\u0131 belirleyebilirsiniz.<\/span><\/span><\/p>\n<ul>\n<li><span style=\"vertical-align: inherit;\"><span style=\"vertical-align: inherit;\">Agorapulse:<\/span><\/span><\/li>\n<\/ul>\n<p><span style=\"vertical-align: inherit;\"><span style=\"vertical-align: inherit;\">Ayn\u0131 zamanda payla\u015f\u0131mlar\u0131n\u0131z hakk\u0131nda detayl\u0131 istatiksel verilerden sunar ve performans analizi yapman\u0131za yard\u0131mc\u0131 oluyor.<\/span><\/span><\/p>\n<ul>\n<li><span style=\"vertical-align: inherit;\"><span style=\"vertical-align: inherit;\">Zoho social:<\/span><\/span><\/li>\n<\/ul>\n<p><span style=\"vertical-align: inherit;\"><span style=\"vertical-align: inherit;\">\u00a0\u0130\u015fletmeler ve ajanslar\u0131n kullan\u0131m\u0131 i\u00e7in tasarlanan bu site g\u00f6nderiler y\u00f6netmeye ve planlamaya yard\u0131mc\u0131 olur. Anahtar kelimeleri takip edebilir ve g\u00f6nderileriniz i\u00e7in do\u011fru zaman\u0131 yakalayabilirsiniz. Markan\u0131z\u0131 sosyal a\u011flarda tan\u0131tman\u0131z\u0131 sa\u011flar. Farkl\u0131 hesaplar i\u00e7in tek tek veya toplu olarak planlayabilirsiniz. Taray\u0131c\u0131 uzant\u0131s\u0131 ile internette gezinirken direkt payla\u015f\u0131m yapabilirsiniz.<\/span><\/span><\/p>\n<ul>\n<li><span style=\"vertical-align: inherit;\"><span style=\"vertical-align: inherit;\">Google Analytics:<\/span><\/span><\/li>\n<\/ul>\n<p><span style=\"vertical-align: inherit;\"><span style=\"vertical-align: inherit;\">Birden fazla sosyal medya hesab\u0131n\u0131z y\u00f6netebilir ve en etkili sosyal trafik kayna\u011f\u0131n\u0131 bulabilirsiniz. D\u00f6n\u00fc\u015f\u00fcmleri anahtar kelimeleri sayfa g\u00f6r\u00fcnt\u00fclenmelerini kullan\u0131c\u0131 etkile\u015fimini inceleyebilirsiniz Kitlenizi \u00f6l\u00e7ebilir, web sitenizdeki kullan\u0131c\u0131 i\u015flemlerini kontrol edebilirsiniz. Rekabet Analizi yapabilirsiniz.<\/span><\/span><\/p>\n<ul>\n<li><span style=\"vertical-align: inherit;\"><span style=\"vertical-align: inherit;\">Slack Social:<\/span><\/span><\/li>\n<\/ul>\n<p><span style=\"vertical-align: inherit;\"><span style=\"vertical-align: inherit;\">\u0130\u00e7erilerinizi planlayabilirsiniz. \u00c7oklu g\u00f6nderim yap\u0131labiliyor. Payla\u015f\u0131mlar\u0131n\u0131z\u0131 denetim alt\u0131nda tutabilirsiniz. Ger\u00e7ek zamanl\u0131 istatistikleri bulabilirsiniz. \u00dcstelik blogger ve Tumblr gibi ekstrem se\u00e7eneklere sahiptir.<\/span><\/span><\/p>\n<ul>\n<li><span style=\"vertical-align: inherit;\"><span style=\"vertical-align: inherit;\">Postify:<\/span><\/span><\/li>\n<\/ul>\n<p><span style=\"vertical-align: inherit;\"><span style=\"vertical-align: inherit;\">Sosyal medya istatistiklerinizi alman\u0131za yar\u0131yor. Anl\u0131k istatikseller sunuyor. Etkile\u015fimlerinizi takip edebiliyorsunuz. Bu veriler \u00fczerinden tavsiyelerle i\u00e7erik ak\u0131\u015f\u0131n\u0131z\u0131 yenilebiliyor ve etkile\u015fimlerini y\u00fckseltebiliyorsunuz. Web ve mobil uygulamalar\u0131 mevcut. Android ve iOS uygulamalar\u0131 sayesinde nerede olursa olunsun i\u00e7erik ak\u0131\u015f\u0131n\u0131 kontrol alt\u0131nda tutman\u0131za olanak sa\u011fl\u0131yor.<\/span><\/span><\/p>\n<p><img decoding=\"async\" class=\"alignnone size-medium wp-image-55507\" src=\"https:\/\/earnado.com\/tr\/wp-content\/uploads\/2022\/07\/socialmedaaa-300x200.jpg\" alt=\"\" width=\"300\" height=\"200\" srcset=\"https:\/\/earnado.com\/tr\/wp-content\/uploads\/2022\/07\/socialmedaaa-300x200.jpg 300w, https:\/\/earnado.com\/tr\/wp-content\/uploads\/2022\/07\/socialmedaaa.jpg 700w\" sizes=\"(max-width: 300px) 100vw, 300px\" \/><\/p>\n<h2><strong><span style=\"vertical-align: inherit;\"><span style=\"vertical-align: inherit;\">\u0130\u00e7erik Tasar\u0131m Ara\u00e7lar\u0131:<\/span><\/span><\/strong><\/h2>\n<ul>\n<li><span style=\"vertical-align: inherit;\"><span style=\"vertical-align: inherit;\">Canva:<\/span><\/span><\/li>\n<\/ul>\n<p><span style=\"vertical-align: inherit;\"><span style=\"vertical-align: inherit;\">Canva program\u0131 0\u2019dan ba\u015flayan veya tecr\u00fcbeli herkesin kullanabilece\u011fi bir web tabanl\u0131 grafik d\u00fczenleme sitesi. Binlerce farkl\u0131 \u015fablon var. \u0130ster siz olu\u015fturun ister haz\u0131r \u015fablonlar\u0131 kendinize uyarlay\u0131n. Hi\u00e7 bilmeyen birinin bile kolayca yapaca\u011f\u0131 bir basitliktedir. Tabii pro k\u0131sm\u0131 da var ama \u00fccretsiz k\u0131sm\u0131 da olduk\u00e7a yeterlidir.<\/span><\/span><\/p>\n<ul>\n<li><span style=\"vertical-align: inherit;\"><span style=\"vertical-align: inherit;\">Removebg:<\/span><\/span><\/li>\n<\/ul>\n<p><span style=\"vertical-align: inherit;\"><span style=\"vertical-align: inherit;\">Foto\u011fraflar\u0131n\u0131z\u0131n arka plan\u0131n\u0131 silmek i\u00e7in ekstra tasar\u0131m bilgisi bilmenize gerek yok. Tamamen, u\u011fra\u015fmadan bunu yapma imk\u00e2n\u0131 sunuyor bu site. Sadece g\u00f6rseli ekliyorsunuz siteye ve o sizin i\u00e7in yap\u0131yor. Tamamen \u00fccretsizdir.<\/span><\/span><\/p>\n<ul>\n<li><span style=\"vertical-align: inherit;\"><span style=\"vertical-align: inherit;\">Repost for \u0130nstagram:<\/span><\/span><\/li>\n<\/ul>\n<p><span style=\"vertical-align: inherit;\"><span style=\"vertical-align: inherit;\">Instagram\u2019da g\u00f6rd\u00fc\u011f\u00fcn\u00fcz bir g\u00f6nderiyi profilinizde ayn\u0131 \u015fekilde payla\u015fmak yani repost etmek isterseniz bu uygulamay\u0131 kullanabilirsiniz. Olduk\u00e7a basit ve \u00fccretsizdir.<\/span><\/span><\/p>\n<ul>\n<li><span style=\"vertical-align: inherit;\"><span style=\"vertical-align: inherit;\">Mobizen:<\/span><\/span><\/li>\n<\/ul>\n<p><span style=\"vertical-align: inherit;\"><span style=\"vertical-align: inherit;\">Yeni telefonlarda ekran kaydetme \u00f6zelli\u011fi olsa da olmayan telefonlar i\u00e7in ekran kaydetme \u00f6zelli\u011fi sunuyor. Sonras\u0131nda \u00e7ekti\u011finiz ekran kayd\u0131n\u0131 d\u00fczenleme olana\u011f\u0131 da sunuyor.<\/span><\/span><\/p>\n<ul>\n<li><span style=\"vertical-align: inherit;\"><span style=\"vertical-align: inherit;\">\u0130nshot:<\/span><\/span><\/li>\n<\/ul>\n<p><span style=\"vertical-align: inherit;\"><span style=\"vertical-align: inherit;\">Videolar\u0131 istedi\u011finiz \u015fekilde d\u00fczenlemenizi sa\u011flar. Uygulamay\u0131 oturum a\u00e7madan kullanabilirsiniz. Olduk\u00e7a pratiktir. Videonun boyutunu, arka plan\u0131n\u0131 yeniden olu\u015fturabilirsiniz. Tasar\u0131m yapman\u0131za olanak sunar. Kullan\u0131m\u0131 kolayd\u0131r. Video boyutunu de\u011fi\u015ftirebilir ve m\u00fczik ses dosyalar\u0131 ekleyebilirsiniz.<\/span><\/span><\/p>\n<p><img decoding=\"async\" class=\"size-medium wp-image-55504\" src=\"https:\/\/earnado.com\/tr\/wp-content\/uploads\/2022\/07\/socialmedia-1-300x158.png\" alt=\"sosyalmedyaara\u00e7lar\u0131\" width=\"300\" height=\"158\" srcset=\"https:\/\/earnado.com\/tr\/wp-content\/uploads\/2022\/07\/socialmedia-1-300x158.png 300w, https:\/\/earnado.com\/tr\/wp-content\/uploads\/2022\/07\/socialmedia-1.png 700w\" sizes=\"(max-width: 300px) 100vw, 300px\" \/><\/p>\n<h3><strong><span style=\"vertical-align: inherit;\"><span style=\"vertical-align: inherit;\">\u00dccretsiz G\u00f6rsel, Video \u0130ndirebilece\u011finiz Siteler<\/span><\/span><\/strong><\/h3>\n<ul>\n<li><span style=\"vertical-align: inherit;\"><span style=\"vertical-align: inherit;\">Pexels:<\/span><\/span><\/li>\n<\/ul>\n<p><span style=\"vertical-align: inherit;\"><span style=\"vertical-align: inherit;\">Arad\u0131\u011f\u0131n\u0131z g\u00f6rselleri \u00fcye olmadan indirebilirsiniz.<\/span><\/span><\/p>\n<ul>\n<li>Gratisography:<\/li>\n<\/ul>\n<p><span style=\"vertical-align: inherit;\"><span style=\"vertical-align: inherit;\">\u00a0E\u011flenceli g\u00f6rsel arayanlar\u0131 tercihi olabilir. Ancak sitede arama yap\u0131lm\u0131yor.<\/span><\/span><\/p>\n<ul>\n<li><span style=\"vertical-align: inherit;\"><span style=\"vertical-align: inherit;\">FreePik:<\/span><\/span><\/li>\n<\/ul>\n<p><span style=\"vertical-align: inherit;\"><span style=\"vertical-align: inherit;\">Y\u00fcksek kaliteli g\u00f6rseller bulman\u0131n yan\u0131nda \u00e7izimler vekt\u00f6rler PSD dosyalar\u0131 da indirebilirsiniz.<\/span><\/span><\/p>\n<ul>\n<li><span style=\"vertical-align: inherit;\"><span style=\"vertical-align: inherit;\">Depositphotos:<\/span><\/span><\/li>\n<\/ul>\n<p><span style=\"vertical-align: inherit;\"><span style=\"vertical-align: inherit;\">\u00a0Foto\u011fraf, video ve vekt\u00f6r indirmenizi sa\u011flar<\/span><\/span><\/p>\n<ul>\n<li><span style=\"vertical-align: inherit;\"><span style=\"vertical-align: inherit;\">Pixabay:<\/span><\/span><\/li>\n<\/ul>\n<p><span style=\"vertical-align: inherit;\"><span style=\"vertical-align: inherit;\">Zengin i\u00e7eri\u011fe sahiptir. Video da indirebiliyor.<\/span><\/span><\/p>\n<ul>\n<li><span style=\"vertical-align: inherit;\"><span style=\"vertical-align: inherit;\">Freestok:<\/span><\/span><\/li>\n<\/ul>\n<p><span style=\"vertical-align: inherit;\"><span style=\"vertical-align: inherit;\">Ki\u015fisel hesaplar ya da y\u00f6netti\u011finiz hesaplar i\u00e7in stok i\u00e7erik sa\u011flayan bu site \u00fccretli veya \u00fccretsiz se\u00e7enekleri ile videolar indirebilirsiniz.<\/span><\/span><\/p>\n<ul>\n<li>Mixkit.co:<\/li>\n<\/ul>\n<p><span style=\"vertical-align: inherit;\"><span style=\"vertical-align: inherit;\">Haftal\u0131k olarak kendini g\u00fcncelleyen bu site \u00e7e\u015fitli kategoriler alt\u0131nda taramalar yapabilir ve \u00fccretsiz olarak videolar indirebilirsiniz<\/span><\/span><\/p>\n<ul>\n<li><span style=\"vertical-align: inherit;\"><span style=\"vertical-align: inherit;\">Videzzy:<\/span><\/span><\/li>\n<\/ul>\n<p><span style=\"vertical-align: inherit;\"><span style=\"vertical-align: inherit;\">\u00dccretsiz stok video indirebilece\u011finiz site de ayn\u0131 zamanda animasyon videolar da yer al\u0131yor.<\/span><\/span><\/p>\n<ul>\n<li>Clipstill:<\/li>\n<\/ul>\n<p><span style=\"vertical-align: inherit;\"><span style=\"vertical-align: inherit;\">Sosyal medya hesaplar\u0131n\u0131zda payla\u015fmak \u00fczere 3-8 saniye aras\u0131ndaki videolar\u0131 rahatl\u0131kla bulabilir ve indirebilirsiniz.<\/span><\/span><\/p>\n<ul>\n<li><span style=\"vertical-align: inherit;\"><span style=\"vertical-align: inherit;\">Visme:<\/span><\/span><\/li>\n<\/ul>\n<p><span style=\"vertical-align: inherit;\"><span style=\"vertical-align: inherit;\">Kitlenizle payla\u015fmak i\u00e7in farkl\u0131 i\u00e7erikler olu\u015fturman\u0131za olanak sa\u011flar. \u00dccretsiz stok foto\u011fraflar, vekt\u00f6r simgeler, veri g\u00f6rselle\u015ftirme ara\u00e7lar\u0131, renk \u015femalar yaz\u0131 tipleri ve di\u011fer tasar\u0131m ara\u00e7lar\u0131 bulunuyor. Tek yapman\u0131z gereken bir hesap olu\u015fturmak.<\/span><\/span><\/p>\n<p>&nbsp;<\/p>\n<p><span style=\"vertical-align: inherit;\"><span style=\"vertical-align: inherit;\">Bu yaz\u0131m\u0131zda <\/span><\/span><strong><span style=\"vertical-align: inherit;\"><span style=\"vertical-align: inherit;\">\u00dccretsiz Sosyal Medya Ara\u00e7lar\u0131na<\/span><\/span><\/strong><span style=\"vertical-align: inherit;\"><span style=\"vertical-align: inherit;\"> de\u011findik. Bilgilerini payla\u015ft\u0131\u011f\u0131m\u0131z uygulama ve sitelerle sosyal medyan\u0131z\u0131 daha iyi hale getirip, isteklerinize, beklentilerinize ula\u015fabilirsiniz.<\/span><\/span><\/p>\n<p>E\u011fer daha ayr\u0131nt\u0131l\u0131 bilgi almak isterseniz Sosyal Medya Y\u00f6netim Ara\u00e7lar\u0131 Nelerdir? Sosyal Medya Uzman\u0131ndan Geni\u015f ve Bilgilendirici Rehber adl\u0131 yaz\u0131m\u0131z\u0131 okuyabilirsiniz. <a href=\"https:\/\/earnado.com\/tr\/sosyal-medya-yonetim-araclari-nelerdir-sosyal-medya-uzmanindan-genis-ve-bilgilendirici-rehber\/\">https:\/\/earnado.com\/tr\/sosyal-medya-yonetim-araclari-nelerdir-sosyal-medya-uzmanindan-genis-ve-bilgilendirici-rehber\/<\/a><\/p>\n","protected":false},"excerpt":{"rendered":"<p>Teknoloji geli\u015ftik\u00e7e sosyal medya daha \u00e7ok kullan\u0131l\u0131yor. Sosyal medyay\u0131 bireysel olarak ve i\u015f i\u00e7in kullanan y\u00fczde birbirine olduk\u00e7a yak\u0131n. Kullan\u0131c\u0131 bu kadar fazlayken de hayat\u0131 kolayla\u015ft\u0131racak, 0\u2019dan ba\u015flayanlar\u0131n da kolayl\u0131kla uyum sa\u011flayabilece\u011fi sosyal medya ara\u00e7lar\u0131na ihtiya\u00e7 duyuluyor. Bu ara\u00e7lar sosyal&#8230;<\/p>\n","protected":false},"author":374,"featured_media":0,"comment_status":"open","ping_status":"open","sticky":false,"template":"","format":"standard","meta":{"footnotes":""},"categories":[62],"tags":[1470,1479,1480,1478],"class_list":["post-55498","post","type-post","status-publish","format-standard","hentry","category-sosyal-medya","tag-instagram-yonetimi","tag-sosyal-medya","tag-sosyal-medya-araclari","tag-ucretsiz-sosyal-medya-araclari"],"yoast_head":"<!-- This site is optimized with the Yoast SEO plugin v22.7 - https:\/\/yoast.com\/wordpress\/plugins\/seo\/ -->\n<title>\u00dccretsiz Sosyal Medya Ara\u00e7lar\u0131 - Earnado<\/title>\n<meta name=\"description\" content=\"Sosyal medya kullananlar\u0131n say\u0131s\u0131 artarken sosyal medya ara\u00e7lar\u0131na ihtiya\u00e7 duyuluyor. \u00dccretsiz sosyal medya ara\u00e7lar\u0131n\u0131 sizler i\u00e7in s\u0131ralad\u0131k.\" \/>\n<meta name=\"robots\" content=\"index, follow, max-snippet:-1, max-image-preview:large, max-video-preview:-1\" \/>\n<link rel=\"canonical\" href=\"https:\/\/earnado.com\/tr\/ucretsiz-sosyal-medya-araclari\/\" \/>\n<meta property=\"og:locale\" content=\"tr_TR\" \/>\n<meta property=\"og:type\" content=\"article\" \/>\n<meta property=\"og:title\" content=\"\u00dccretsiz Sosyal Medya Ara\u00e7lar\u0131 - Earnado\" \/>\n<meta property=\"og:description\" content=\"Sosyal medya kullananlar\u0131n say\u0131s\u0131 artarken sosyal medya ara\u00e7lar\u0131na ihtiya\u00e7 duyuluyor. \u00dccretsiz sosyal medya ara\u00e7lar\u0131n\u0131 sizler i\u00e7in s\u0131ralad\u0131k.\" \/>\n<meta property=\"og:url\" content=\"https:\/\/earnado.com\/tr\/ucretsiz-sosyal-medya-araclari\/\" \/>\n<meta property=\"og:site_name\" content=\"Earnado\" \/>\n<meta property=\"article:published_time\" content=\"2023-01-05T13:47:29+00:00\" \/>\n<meta property=\"og:image\" content=\"http:\/\/earnado.com\/tr\/wp-content\/uploads\/2022\/07\/social-media2-1-300x167.jpg\" \/>\n<meta name=\"author\" content=\"\u0130lkem Celepo\u011flu\" \/>\n<meta name=\"twitter:card\" content=\"summary_large_image\" \/>\n<meta name=\"twitter:label1\" content=\"Yazan:\" \/>\n\t<meta name=\"twitter:data1\" content=\"\u0130lkem Celepo\u011flu\" \/>\n\t<meta name=\"twitter:label2\" content=\"Tahmini okuma s\u00fcresi\" \/>\n\t<meta name=\"twitter:data2\" content=\"7 dakika\" \/>\n<script type=\"application\/ld+json\" class=\"yoast-schema-graph\">{\"@context\":\"https:\/\/schema.org\",\"@graph\":[{\"@type\":\"WebPage\",\"@id\":\"https:\/\/earnado.com\/tr\/ucretsiz-sosyal-medya-araclari\/\",\"url\":\"https:\/\/earnado.com\/tr\/ucretsiz-sosyal-medya-araclari\/\",\"name\":\"\u00dccretsiz Sosyal Medya Ara\u00e7lar\u0131 - Earnado\",\"isPartOf\":{\"@id\":\"https:\/\/earnado.com\/tr\/#website\"},\"primaryImageOfPage\":{\"@id\":\"https:\/\/earnado.com\/tr\/ucretsiz-sosyal-medya-araclari\/#primaryimage\"},\"image\":{\"@id\":\"https:\/\/earnado.com\/tr\/ucretsiz-sosyal-medya-araclari\/#primaryimage\"},\"thumbnailUrl\":\"http:\/\/earnado.com\/tr\/wp-content\/uploads\/2022\/07\/social-media2-1-300x167.jpg\",\"datePublished\":\"2023-01-05T13:47:29+00:00\",\"dateModified\":\"2023-01-05T13:47:29+00:00\",\"author\":{\"@id\":\"https:\/\/earnado.com\/tr\/#\/schema\/person\/4794ad42bfb8d50b3cd4b540b9bff5b0\"},\"description\":\"Sosyal medya kullananlar\u0131n say\u0131s\u0131 artarken sosyal medya ara\u00e7lar\u0131na ihtiya\u00e7 duyuluyor. \u00dccretsiz sosyal medya ara\u00e7lar\u0131n\u0131 sizler i\u00e7in s\u0131ralad\u0131k.\",\"inLanguage\":\"tr\",\"potentialAction\":[{\"@type\":\"ReadAction\",\"target\":[\"https:\/\/earnado.com\/tr\/ucretsiz-sosyal-medya-araclari\/\"]}]},{\"@type\":\"ImageObject\",\"inLanguage\":\"tr\",\"@id\":\"https:\/\/earnado.com\/tr\/ucretsiz-sosyal-medya-araclari\/#primaryimage\",\"url\":\"https:\/\/earnado.com\/tr\/wp-content\/uploads\/2022\/07\/social-media2-1.jpg\",\"contentUrl\":\"https:\/\/earnado.com\/tr\/wp-content\/uploads\/2022\/07\/social-media2-1.jpg\",\"width\":700,\"height\":389},{\"@type\":\"WebSite\",\"@id\":\"https:\/\/earnado.com\/tr\/#website\",\"url\":\"https:\/\/earnado.com\/tr\/\",\"name\":\"Earnado\",\"description\":\"\u0130\u015finizi Kafan\u0131zda De\u011fil \u0130nternette B\u00fcy\u00fct\u00fcn!\",\"potentialAction\":[{\"@type\":\"SearchAction\",\"target\":{\"@type\":\"EntryPoint\",\"urlTemplate\":\"https:\/\/earnado.com\/tr\/?s={search_term_string}\"},\"query-input\":\"required name=search_term_string\"}],\"inLanguage\":\"tr\"},{\"@type\":\"Person\",\"@id\":\"https:\/\/earnado.com\/tr\/#\/schema\/person\/4794ad42bfb8d50b3cd4b540b9bff5b0\",\"name\":\"\u0130lkem Celepo\u011flu\",\"image\":{\"@type\":\"ImageObject\",\"inLanguage\":\"tr\",\"@id\":\"https:\/\/earnado.com\/tr\/#\/schema\/person\/image\/\",\"url\":\"https:\/\/secure.gravatar.com\/avatar\/ef754191fb8e5d99cef1f17ae22f52479be94f87ce55c1bbd0f4aea60da70e3a?s=96&d=mm&r=g\",\"contentUrl\":\"https:\/\/secure.gravatar.com\/avatar\/ef754191fb8e5d99cef1f17ae22f52479be94f87ce55c1bbd0f4aea60da70e3a?s=96&d=mm&r=g\",\"caption\":\"\u0130lkem Celepo\u011flu\"},\"description\":\"Eyl\u00fcl 1996'da Samsun'da do\u011fdum. Halkla \u0130li\u015fkiler ve Tan\u0131t\u0131m b\u00f6l\u00fcm\u00fcnden mezun oldum. Sosyal medya, dijital pazarlama, reklam, marka alan\u0131nda freelance olarak \u00e7al\u0131\u015f\u0131yorum ve hala kendimi geli\u015ftirmeye ve e\u011fitimler almaya devam ediyorum. Hem deneyimleyip hem de \u00f6\u011frenmek temel hedeflerimdendir. Yaz\u0131 yazmay\u0131, okumay\u0131, ara\u015ft\u0131rma yapmay\u0131 severim. Sorumluluk al\u0131p onu ba\u015far\u0131l\u0131 \u015fekilde tamamlamak beni mutlu eden \u015feylerden birisidir.\",\"sameAs\":[\"instagram.com\/dijitalcibaci\",\"https:\/\/www.linkedin.com\/in\/ilkem-celepolu\/\"],\"url\":\"https:\/\/earnado.com\/tr\/author\/ilkemcelepogluu\/\"}]}<\/script>\n<!-- \/ Yoast SEO plugin. -->","yoast_head_json":{"title":"\u00dccretsiz Sosyal Medya Ara\u00e7lar\u0131 - Earnado","description":"Sosyal medya kullananlar\u0131n say\u0131s\u0131 artarken sosyal medya ara\u00e7lar\u0131na ihtiya\u00e7 duyuluyor. \u00dccretsiz sosyal medya ara\u00e7lar\u0131n\u0131 sizler i\u00e7in s\u0131ralad\u0131k.","robots":{"index":"index","follow":"follow","max-snippet":"max-snippet:-1","max-image-preview":"max-image-preview:large","max-video-preview":"max-video-preview:-1"},"canonical":"https:\/\/earnado.com\/tr\/ucretsiz-sosyal-medya-araclari\/","og_locale":"tr_TR","og_type":"article","og_title":"\u00dccretsiz Sosyal Medya Ara\u00e7lar\u0131 - Earnado","og_description":"Sosyal medya kullananlar\u0131n say\u0131s\u0131 artarken sosyal medya ara\u00e7lar\u0131na ihtiya\u00e7 duyuluyor. \u00dccretsiz sosyal medya ara\u00e7lar\u0131n\u0131 sizler i\u00e7in s\u0131ralad\u0131k.","og_url":"https:\/\/earnado.com\/tr\/ucretsiz-sosyal-medya-araclari\/","og_site_name":"Earnado","article_published_time":"2023-01-05T13:47:29+00:00","og_image":[{"url":"http:\/\/earnado.com\/tr\/wp-content\/uploads\/2022\/07\/social-media2-1-300x167.jpg"}],"author":"\u0130lkem Celepo\u011flu","twitter_card":"summary_large_image","twitter_misc":{"Yazan:":"\u0130lkem Celepo\u011flu","Tahmini okuma s\u00fcresi":"7 dakika"},"schema":{"@context":"https:\/\/schema.org","@graph":[{"@type":"WebPage","@id":"https:\/\/earnado.com\/tr\/ucretsiz-sosyal-medya-araclari\/","url":"https:\/\/earnado.com\/tr\/ucretsiz-sosyal-medya-araclari\/","name":"\u00dccretsiz Sosyal Medya Ara\u00e7lar\u0131 - Earnado","isPartOf":{"@id":"https:\/\/earnado.com\/tr\/#website"},"primaryImageOfPage":{"@id":"https:\/\/earnado.com\/tr\/ucretsiz-sosyal-medya-araclari\/#primaryimage"},"image":{"@id":"https:\/\/earnado.com\/tr\/ucretsiz-sosyal-medya-araclari\/#primaryimage"},"thumbnailUrl":"http:\/\/earnado.com\/tr\/wp-content\/uploads\/2022\/07\/social-media2-1-300x167.jpg","datePublished":"2023-01-05T13:47:29+00:00","dateModified":"2023-01-05T13:47:29+00:00","author":{"@id":"https:\/\/earnado.com\/tr\/#\/schema\/person\/4794ad42bfb8d50b3cd4b540b9bff5b0"},"description":"Sosyal medya kullananlar\u0131n say\u0131s\u0131 artarken sosyal medya ara\u00e7lar\u0131na ihtiya\u00e7 duyuluyor. \u00dccretsiz sosyal medya ara\u00e7lar\u0131n\u0131 sizler i\u00e7in s\u0131ralad\u0131k.","inLanguage":"tr","potentialAction":[{"@type":"ReadAction","target":["https:\/\/earnado.com\/tr\/ucretsiz-sosyal-medya-araclari\/"]}]},{"@type":"ImageObject","inLanguage":"tr","@id":"https:\/\/earnado.com\/tr\/ucretsiz-sosyal-medya-araclari\/#primaryimage","url":"https:\/\/earnado.com\/tr\/wp-content\/uploads\/2022\/07\/social-media2-1.jpg","contentUrl":"https:\/\/earnado.com\/tr\/wp-content\/uploads\/2022\/07\/social-media2-1.jpg","width":700,"height":389},{"@type":"WebSite","@id":"https:\/\/earnado.com\/tr\/#website","url":"https:\/\/earnado.com\/tr\/","name":"Earnado","description":"\u0130\u015finizi Kafan\u0131zda De\u011fil \u0130nternette B\u00fcy\u00fct\u00fcn!","potentialAction":[{"@type":"SearchAction","target":{"@type":"EntryPoint","urlTemplate":"https:\/\/earnado.com\/tr\/?s={search_term_string}"},"query-input":"required name=search_term_string"}],"inLanguage":"tr"},{"@type":"Person","@id":"https:\/\/earnado.com\/tr\/#\/schema\/person\/4794ad42bfb8d50b3cd4b540b9bff5b0","name":"\u0130lkem Celepo\u011flu","image":{"@type":"ImageObject","inLanguage":"tr","@id":"https:\/\/earnado.com\/tr\/#\/schema\/person\/image\/","url":"https:\/\/secure.gravatar.com\/avatar\/ef754191fb8e5d99cef1f17ae22f52479be94f87ce55c1bbd0f4aea60da70e3a?s=96&d=mm&r=g","contentUrl":"https:\/\/secure.gravatar.com\/avatar\/ef754191fb8e5d99cef1f17ae22f52479be94f87ce55c1bbd0f4aea60da70e3a?s=96&d=mm&r=g","caption":"\u0130lkem Celepo\u011flu"},"description":"Eyl\u00fcl 1996'da Samsun'da do\u011fdum. Halkla \u0130li\u015fkiler ve Tan\u0131t\u0131m b\u00f6l\u00fcm\u00fcnden mezun oldum. Sosyal medya, dijital pazarlama, reklam, marka alan\u0131nda freelance olarak \u00e7al\u0131\u015f\u0131yorum ve hala kendimi geli\u015ftirmeye ve e\u011fitimler almaya devam ediyorum. Hem deneyimleyip hem de \u00f6\u011frenmek temel hedeflerimdendir. Yaz\u0131 yazmay\u0131, okumay\u0131, ara\u015ft\u0131rma yapmay\u0131 severim. Sorumluluk al\u0131p onu ba\u015far\u0131l\u0131 \u015fekilde tamamlamak beni mutlu eden \u015feylerden birisidir.","sameAs":["instagram.com\/dijitalcibaci","https:\/\/www.linkedin.com\/in\/ilkem-celepolu\/"],"url":"https:\/\/earnado.com\/tr\/author\/ilkemcelepogluu\/"}]}},"_links":{"self":[{"href":"https:\/\/earnado.com\/tr\/wp-json\/wp\/v2\/posts\/55498","targetHints":{"allow":["GET"]}}],"collection":[{"href":"https:\/\/earnado.com\/tr\/wp-json\/wp\/v2\/posts"}],"about":[{"href":"https:\/\/earnado.com\/tr\/wp-json\/wp\/v2\/types\/post"}],"author":[{"embeddable":true,"href":"https:\/\/earnado.com\/tr\/wp-json\/wp\/v2\/users\/374"}],"replies":[{"embeddable":true,"href":"https:\/\/earnado.com\/tr\/wp-json\/wp\/v2\/comments?post=55498"}],"version-history":[{"count":9,"href":"https:\/\/earnado.com\/tr\/wp-json\/wp\/v2\/posts\/55498\/revisions"}],"predecessor-version":[{"id":55516,"href":"https:\/\/earnado.com\/tr\/wp-json\/wp\/v2\/posts\/55498\/revisions\/55516"}],"wp:attachment":[{"href":"https:\/\/earnado.com\/tr\/wp-json\/wp\/v2\/media?parent=55498"}],"wp:term":[{"taxonomy":"category","embeddable":true,"href":"https:\/\/earnado.com\/tr\/wp-json\/wp\/v2\/categories?post=55498"},{"taxonomy":"post_tag","embeddable":true,"href":"https:\/\/earnado.com\/tr\/wp-json\/wp\/v2\/tags?post=55498"}],"curies":[{"name":"wp","href":"https:\/\/api.w.org\/{rel}","templated":true}]}}