{"id":55616,"date":"2023-01-05T16:47:20","date_gmt":"2023-01-05T13:47:20","guid":{"rendered":"http:\/\/earnado.com\/tr\/?p=55616"},"modified":"2023-01-06T15:25:13","modified_gmt":"2023-01-06T12:25:13","slug":"instagram-hashtag-neden-onemlidir","status":"publish","type":"post","link":"https:\/\/earnado.com\/tr\/instagram-hashtag-neden-onemlidir\/","title":{"rendered":"Instagram Hashtag Neden \u00d6nemlidir?"},"content":{"rendered":"\t\t<div data-elementor-type=\"wp-post\" data-elementor-id=\"55616\" class=\"elementor elementor-55616\">\n\t\t\t\t\t\t<section class=\"elementor-section elementor-top-section elementor-element elementor-element-5f0e06ea elementor-section-boxed elementor-section-height-default elementor-section-height-default\" data-id=\"5f0e06ea\" data-element_type=\"section\">\n\t\t\t\t\t\t<div class=\"elementor-container elementor-column-gap-default\">\n\t\t\t\t\t<div class=\"elementor-column elementor-col-100 elementor-top-column elementor-element elementor-element-7dd91e15\" data-id=\"7dd91e15\" data-element_type=\"column\">\n\t\t\t<div class=\"elementor-widget-wrap elementor-element-populated\">\n\t\t\t\t\t\t<div class=\"elementor-element elementor-element-271ccc6f elementor-widget elementor-widget-text-editor\" data-id=\"271ccc6f\" data-element_type=\"widget\" data-widget_type=\"text-editor.default\">\n\t\t\t\t<div class=\"elementor-widget-container\">\n\t\t\t<style>\/*! elementor - v3.21.0 - 08-05-2024 *\/\n.elementor-widget-text-editor.elementor-drop-cap-view-stacked .elementor-drop-cap{background-color:#69727d;color:#fff}.elementor-widget-text-editor.elementor-drop-cap-view-framed .elementor-drop-cap{color:#69727d;border:3px solid;background-color:transparent}.elementor-widget-text-editor:not(.elementor-drop-cap-view-default) .elementor-drop-cap{margin-top:8px}.elementor-widget-text-editor:not(.elementor-drop-cap-view-default) .elementor-drop-cap-letter{width:1em;height:1em}.elementor-widget-text-editor .elementor-drop-cap{float:left;text-align:center;line-height:1;font-size:50px}.elementor-widget-text-editor .elementor-drop-cap-letter{display:inline-block}<\/style>\t\t\t\t<p>\u00a0<\/p><p>Instagram i\u00e7eri\u011finizi daha fazla insan\u0131n \u00f6n\u00fcne \u00e7\u0131karman\u0131n en iyi yollar\u0131ndan biri de hashtag kullanmakt\u0131r.<\/p><h2>Instagram hashtag&#8217;leri nelerdir?<\/h2><p><img fetchpriority=\"high\" decoding=\"async\" width=\"700\" height=\"350\" class=\"wp-image-55619 size-full\" src=\"https:\/\/earnado.com\/tr\/wp-content\/uploads\/2022\/07\/Adsiz-tasarim-9.png\" alt=\"&quot;\" srcset=\"https:\/\/earnado.com\/tr\/wp-content\/uploads\/2022\/07\/Adsiz-tasarim-9.png 700w, https:\/\/earnado.com\/tr\/wp-content\/uploads\/2022\/07\/Adsiz-tasarim-9-300x150.png 300w\" sizes=\"(max-width: 700px) 100vw, 700px\" \/><\/p><p>Hashtag, \u00f6n\u00fcnde \u2018#\u2019 i\u015fareti bulunan \u00a0bir kare i\u015fareti bulunan bir anahtar kelime veya anahtar kelime grubudur.<\/p><p>Instagram, Twitter, Facebook ve web&#8217;deki di\u011fer hashtag dostu yerlerde kullan\u0131ld\u0131\u011f\u0131nda bir ba\u011flant\u0131ya d\u00f6n\u00fc\u015f\u00fcr.<\/p><p>Ba\u011flant\u0131, ayn\u0131 hashtag ile etiketlenmi\u015f t\u00fcm i\u00e7eri\u011fi i\u00e7erir.<\/p><p>Instagram&#8217;da sadece g\u00f6nderilerinize hashtag ekleyemezsiniz, ayn\u0131 zamanda ilgi alanlar\u0131n\u0131zla alakal\u0131 i\u00e7erikleri ke\u015ffetmek i\u00e7in hashtag&#8217;leri de takip edebilirsiniz.<\/p><p>Be\u011fenece\u011finiz yeni i\u00e7eri\u011fi bulman\u0131n yan\u0131 s\u0131ra i\u00e7eri\u011finizi be\u011fenecek ki\u015filerin \u00f6n\u00fcne \u00e7\u0131karmak i\u00e7in harika bir ara\u00e7 olarak hizmet ederler.<\/p><p>Hashtag&#8217;ler, kendi i\u00e7eri\u011finizi grupland\u0131rmak i\u00e7in de kullan\u0131labilir.<\/p><p>\u00d6zel bir kampanya veya projeye ba\u015fl\u0131yorsan\u0131z, ilgili t\u00fcm g\u00f6nderilerinizi birbirine ba\u011flamak i\u00e7in benzersiz bir hashtag kullanabilirsiniz.<\/p><p>Hashtagler ile kendi markan\u0131z\u0131 da \u00f6ne \u00e7\u0131karabilir ve marka hashtag\u2019\u0131n\u0131z\u0131 ise pop\u00fcler yapabilirsiniz.<\/p><p>Bir g\u00f6nderiye hashtag eklemek i\u00e7in, bo\u015fluk b\u0131rakmadan anahtar kelimenizi veya anahtar kelimenizi izleyen bir kare i\u015fareti yazman\u0131z yeterlidir.<\/p><p>Siz yazarken, hashtag&#8217;i kullanan g\u00f6nderilerin say\u0131s\u0131 da dahil olmak \u00fczere pop\u00fcler hashtag&#8217;lerin a\u00e7\u0131laca\u011f\u0131n\u0131 fark edeceksiniz.<\/p><p>Kullanmak istedi\u011finiz bir tane g\u00f6r\u00fcrseniz, g\u00f6nderinize eklemek i\u00e7in dokunman\u0131z yeterlidir.<\/p><h2>Instagram Hashtag T\u00fcyolar\u0131<\/h2><h3>INSTAGRAM&#8217;DA KA\u00c7 TANE HASHTAG KULLANABILIRSINIZ?<\/h3><p><img decoding=\"async\" width=\"700\" height=\"350\" class=\"wp-image-55621 size-full\" src=\"https:\/\/earnado.com\/tr\/wp-content\/uploads\/2022\/07\/Adsiz-tasarim-11.png\" alt=\"&quot;INSTAGRAM'DA\" srcset=\"https:\/\/earnado.com\/tr\/wp-content\/uploads\/2022\/07\/Adsiz-tasarim-11.png 700w, https:\/\/earnado.com\/tr\/wp-content\/uploads\/2022\/07\/Adsiz-tasarim-11-300x150.png 300w\" sizes=\"(max-width: 700px) 100vw, 700px\" \/><\/p><p>Tek bir g\u00f6nderiye en fazla 30 hashtag ekleyebilirsiniz.<\/p><p>Ancak 30 hashtag\u00a0<em>ekleyebilseniz de, eklemeniz\u00a0gerekip<\/em>\u00a0gerekmedi\u011fi konusunda baz\u0131 tart\u0131\u015fmalar var.<\/p><p>Baz\u0131 kaynaklar spam gibi g\u00f6r\u00fcnd\u00fc\u011f\u00fcn\u00fc s\u00f6yl\u00fcyor.\u00a0<a href=\"https:\/\/earnado.com\/tr\/partnerlik-ve-is-birlikleri\">Ancak ara\u015ft\u0131rmalar, 11 veya daha fazla hashtag<\/a>\u00a0kullanan g\u00f6nderilerin\u00a0en iyi etkile\u015fimi sa\u011flad\u0131\u011f\u0131n\u0131 g\u00f6stermi\u015ftir.<\/p><p>Sizin i\u00e7in en iyi olan\u0131 belirlemek i\u00e7in deney yap\u0131n.<\/p><p>Kendi yapt\u0131\u011f\u0131m denemeler sonucunda ben 30 Hashtag den \u00e7ok verimli sonu\u00e7lar elde ettim<\/p><h3>HASHTAG&#8217;LERI NEREYE KOYMALISINIZ?<\/h3><p>Instagram&#8217;da her t\u00fcrl\u00fc yerde hashtag kullanabilirsiniz.<\/p><p>Belirli projelere veya g\u00f6nderi koleksiyonlar\u0131na k\u00f6pr\u00fc olu\u015fturmak i\u00e7in bunlar\u0131 profil biyografinize ekleyin.<\/p><p>Veya daha geni\u015f bir kitleye ula\u015fmak i\u00e7in\u00a0bunlar\u0131 feed&#8217;inizdeki veya\u00a0<a href=\"https:\/\/earnado.com\/tr\/partnerlik-ve-is-birlikleri\">Instagram Stories&#8217;deki g\u00f6nderilerde kullan\u0131n.<\/a><\/p><p>Feed&#8217;inize g\u00f6nderi g\u00f6nderirken, a\u00e7\u0131klamaya veya yorumlara hashtag ekleyebilirsiniz<\/p><p>\u00a0<\/p><h3>YORUMLARA HASHTAG KOYMAK I\u015eE YARIYOR MU?<\/h3><p><img decoding=\"async\" width=\"700\" height=\"350\" class=\"wp-image-55622 size-full\" src=\"https:\/\/earnado.com\/tr\/wp-content\/uploads\/2022\/07\/Adsiz-tasarim-12.png\" alt=\"&quot;YORUMLARA\" srcset=\"https:\/\/earnado.com\/tr\/wp-content\/uploads\/2022\/07\/Adsiz-tasarim-12.png 700w, https:\/\/earnado.com\/tr\/wp-content\/uploads\/2022\/07\/Adsiz-tasarim-12-300x150.png 300w\" sizes=\"(max-width: 700px) 100vw, 700px\" \/><\/p><p>Baz\u0131 insanlar g\u00f6nderi a\u00e7\u0131klamalar\u0131na hashtag koyarken, di\u011ferleri bunlar\u0131 yorumlara eklemeyi tercih ediyor.<\/p><p>Her ikisi de g\u00f6nderinize hashtag eklemenin etkili y\u00f6ntemleridir ve birinin di\u011ferinden daha iyi olup olmad\u0131\u011f\u0131 konusunda ger\u00e7ek bir fikir birli\u011fi yoktur.<\/p><p>Hashtag ile ilgili bir\u00e7ok \u015fey gibi, sizin i\u00e7in en iyi olan\u0131 anlamak i\u00e7in denemeniz gerekecek.<\/p><p>A\u00e7\u0131klaman\u0131zda hashtag kullan\u0131yorsan\u0131z, avantajlardan biri, hashtag&#8217;leri kald\u0131rmak veya yenilerini eklemek i\u00e7in geri d\u00f6n\u00fcp daha sonra d\u00fczenleyebilmenizdir.<\/p><p>Baz\u0131 Instagram kullan\u0131c\u0131lar\u0131 a\u00e7\u0131klamaya g\u00fc\u00e7l\u00fc bir hashtag eklemeyi ve bir yoruma ek hashtag eklemeyi tercih ediyor.<\/p><h3>INSTAGRAM HASHTAG&#8217;LERINI NASIL GIZLERSINIZ?<\/h3><p>Instagram g\u00f6nderilerinizdeki hashtag&#8217;leri gizlemek mi istiyorsunuz?<\/p><p>Bir\u00e7ok Instagram kullan\u0131c\u0131s\u0131, hashtag&#8217;leri birka\u00e7 nokta yazarak g\u00f6mmeyi tercih eder ve ilk a\u00e7\u0131klamalar\u0131n\u0131n alt\u0131na d\u00f6ner.<\/p><p>\u0130nsanlar feed&#8217;de g\u00f6nderinizi kayd\u0131rd\u0131\u011f\u0131nda, hashtag&#8217;ler bir &#8220;daha fazla&#8221; ba\u011flant\u0131s\u0131n\u0131n alt\u0131na gizlenir.<\/p><h3>YASAKLANAN HASHTAG&#8217;LER NELERDIR?<\/h3><figure id=\"attachment_55624\" aria-describedby=\"caption-attachment-55624\" style=\"width: 700px\" class=\"wp-caption alignnone\"><img loading=\"lazy\" decoding=\"async\" class=\"wp-image-55624 size-full\" src=\"https:\/\/earnado.com\/tr\/wp-content\/uploads\/2022\/07\/Adsiz-tasarim-14.png\" alt=\"YASAKLANAN HASHTAG'LER NELERDIR? \" width=\"700\" height=\"350\" srcset=\"https:\/\/earnado.com\/tr\/wp-content\/uploads\/2022\/07\/Adsiz-tasarim-14.png 700w, https:\/\/earnado.com\/tr\/wp-content\/uploads\/2022\/07\/Adsiz-tasarim-14-300x150.png 300w\" sizes=\"(max-width: 700px) 100vw, 700px\" \/><figcaption id=\"caption-attachment-55624\" class=\"wp-caption-text\">hashtag kullan\u0131m\u0131 neden \u00f6nemli<\/figcaption><\/figure><p>Yasaklanan hashtag&#8217;ler, spam raporlar\u0131 veya Instagram&#8217;\u0131n topluluk kurallar\u0131n\u0131n ihlali nedeniyle Instagram taraf\u0131ndan engellenen hashtag&#8217;lerdir.<\/p><p>Yasakl\u0131 hashtag&#8217;lerle etiketlenen g\u00f6nderiler topluluktan gizlenecektir.<\/p><p>Yasaklanm\u0131\u015f hashtag&#8217;leri kullanmak, g\u00f6nderilerinize eri\u015fimde ve etkile\u015fimde d\u00fc\u015f\u00fc\u015fe neden olabilir.<\/p><p>Ayr\u0131ca hesab\u0131n\u0131z\u0131n shadow banl\u0131 olma olas\u0131l\u0131\u011f\u0131 da vard\u0131r, bu da yeni g\u00f6nderilerin yaln\u0131zca takip\u00e7ilerinize g\u00f6r\u00fcnece\u011fi anlam\u0131na gelir.<\/p><p>Bu nedenle, m\u00fcmk\u00fcn oldu\u011funda yasaklanm\u0131\u015f hashtag&#8217;leri kullanmaktan ka\u00e7\u0131nmak \u00f6nemlidir.<\/p><p>Bir hashtag&#8217;in yasakland\u0131\u011f\u0131n\u0131 nas\u0131l anlars\u0131n\u0131z?<\/p><p>Instagram&#8217;a gidin ve hashtag&#8217;i aray\u0131n.\u00a0Hashtag yasaklan\u0131rsa, arama sonucunun \u00fcst\u00fcnde, o hashtag&#8217;den gelen son g\u00f6nderilerin yasakland\u0131\u011f\u0131n\u0131 belirten bir not bulunur.<\/p><p>Yasaklanan baz\u0131 hashtag&#8217;lere \u015fa\u015f\u0131racaks\u0131n\u0131z!\u00a0#masa, #mutlu\u015f\u00fckran, #kar f\u0131rt\u0131nas\u0131 ve #dogsofinstagram bunlardan sadece birka\u00e7\u0131.<\/p><p>Bu nedenle, g\u00fcvenli hashtag&#8217;leri kulland\u0131\u011f\u0131n\u0131zdan emin olmak i\u00e7in kesinlikle iki kez kontrol edin.<\/p><h2>Instagram hashtag&#8217;lerinden en iyi \u015fekilde yararlanmak i\u00e7in ipu\u00e7lar\u0131<\/h2><p>Instagram hashtag&#8217;lerini kullanmaktan en iyi \u015fekilde yararlanman\u0131za yard\u0131mc\u0131 olmak i\u00e7in birka\u00e7 ipucu haz\u0131rlad\u0131k.<\/p><h3>KITLENIZI AKLINIZDA TUTUN<\/h3><p>Hashtag&#8217;leri kullan\u0131rken, hangi kitleye ula\u015fmaya \u00e7al\u0131\u015ft\u0131\u011f\u0131n\u0131z\u0131 unutmay\u0131n.<\/p><p>Sadece be\u011feni almaya \u00e7al\u0131\u015f\u0131yorsan\u0131z, \u00e7ok say\u0131da insana ula\u015fmak i\u00e7in hashtag kullanmak yeterlidir.<\/p><p>Ancak bir kitle olu\u015fturmaya \u00e7al\u0131\u015f\u0131yorsan\u0131z, tutarl\u0131 olmak isteyeceksiniz.<\/p><p>Bir g\u00fcn #pizza ve ertesi g\u00fcn #dogs hashtag&#8217;i ve ard\u0131ndan #interiordesign hashtag&#8217;i ile i\u00e7erik payla\u015f\u0131rsan\u0131z, tutarl\u0131 bir takip\u00e7i kitlesi elde edemezsiniz.<\/p><p>\u0130nsanlar sizi takip edecek \u00e7\u00fcnk\u00fc payla\u015ft\u0131\u011f\u0131n\u0131z \u015feylerin \u00e7o\u011fu onlar\u0131n ilgi alanlar\u0131yla alakal\u0131, bu y\u00fczden hashtag stratejinizi hedef kitlenizin neyle ilgilendi\u011fine odaklamaya \u00e7al\u0131\u015f\u0131n.<\/p><h3>HASHTAG ARA\u015eTIRMASI YAPIN<\/h3><p><img loading=\"lazy\" decoding=\"async\" width=\"700\" height=\"350\" class=\"wp-image-55626 size-full\" src=\"https:\/\/earnado.com\/tr\/wp-content\/uploads\/2022\/07\/Adsiz-tasarim-16.png\" alt=\"&quot;&lt;yoastmark\" srcset=\"https:\/\/earnado.com\/tr\/wp-content\/uploads\/2022\/07\/Adsiz-tasarim-16.png 700w, https:\/\/earnado.com\/tr\/wp-content\/uploads\/2022\/07\/Adsiz-tasarim-16-300x150.png 300w\" sizes=\"(max-width: 700px) 100vw, 700px\" \/><\/p><p>Yasakl\u0131 hashtag&#8217;leri kullanmaktan ka\u00e7\u0131nmak i\u00e7in biraz ara\u015ft\u0131rma yapman\u0131n yan\u0131 s\u0131ra, kullan\u0131lacak yeni hashtag&#8217;ler bulmak i\u00e7in ara\u015ft\u0131rma yapabilirsiniz ve yapmal\u0131s\u0131n\u0131z.<\/p><p>\u0130\u015fte denenecek birka\u00e7 \u015fey:<\/p><ul><li>Sekt\u00f6r\u00fcn\u00fczdeki etkileyicileri ara\u015ft\u0131r\u0131n ve hangi hashtag&#8217;leri kulland\u0131klar\u0131n\u0131 g\u00f6r\u00fcn.<\/li><\/ul><p>Rakiplerinizin hangi hashtag&#8217;leri kulland\u0131\u011f\u0131na bak\u0131n.<\/p><ul><li>Sekt\u00f6r\u00fcn\u00fczle veya uzmanl\u0131k alan\u0131n\u0131zla ilgili hashtag&#8217;leri takip edin ve onlara g\u00f6nderi yapan di\u011fer ki\u015filerle etkile\u015fime girmeye ba\u015flay\u0131n.<\/li><li>\u00a0Hangi hashtag&#8217;lerin en iyi etkile\u015fimi sa\u011flad\u0131\u011f\u0131n\u0131 g\u00f6r\u00fcn.<\/li><li>Kulland\u0131\u011f\u0131n\u0131z hashtag&#8217;lerle payla\u015f\u0131lan di\u011fer g\u00f6nderileri ke\u015ffedin.\u00a0Bu g\u00f6nderilere ba\u015fka hangi hashtag&#8217;lerin dahil edildi\u011fini g\u00f6r\u00fcn.<\/li><li>Denenecek yeni hashtag&#8217;leri ke\u015ffetmek i\u00e7in bir Instagram hashtag arac\u0131n\u0131 kullan\u0131n.\u00a0<a href=\"https:\/\/earnado.com\/tr\/partnerlik-ve-is-birlikleri\">Instagram hashtag ara\u00e7lar\u0131yla <\/a>ilgili b\u00f6l\u00fcm\u00fcm\u00fczde buna daha fazla dalaca\u011f\u0131z\u00a0.<\/li><\/ul><h3>POP\u00dcLER VE UZUN KUYRUKLU HASHTAG&#8217;LERIN BIR KARI\u015eIMINI KULLANIN<\/h3><p>Pop\u00fcler hashtag&#8217;leri kullanmak, g\u00f6nderi payla\u015ft\u0131ktan hemen sonra k\u00fc\u00e7\u00fck bir be\u011feni patlamas\u0131 elde etmenize yard\u0131mc\u0131 olabilir.<\/p><p>Bununla birlikte, g\u00f6nderileriniz ayn\u0131 hashtag ile yay\u0131nlanan di\u011fer i\u00e7eriklerin denizinde h\u0131zla kaybolacakt\u0131r.<\/p><p>Bu y\u00fczden hem pop\u00fcler hem de ni\u015f veya uzun kuyruklu hashtag&#8217;lerin bir kar\u0131\u015f\u0131m\u0131n\u0131 kullanmak iyi bir fikirdir.<\/p><p>Uzun kuyruklu veya ni\u015f hashtag&#8217;ler daha az takip\u00e7iye sahip olabilir, ancak genellikle en adanm\u0131\u015f kitlelere sahiptirler ve daha az i\u00e7erik yay\u0131nland\u0131\u011f\u0131nda, daha uzun s\u00fcre g\u00f6r\u00fcn\u00fcr olursunuz.<\/p><p>Bir hashtag&#8217;in ne kadar pop\u00fcler oldu\u011funu mu merak ediyorsunuz?<\/p><p>Bir hashtag yazmaya ba\u015flad\u0131\u011f\u0131n\u0131zda, otomatik doldurma sonu\u00e7lar\u0131 g\u00f6r\u00fcnecektir.<\/p><p>Her potansiyel hashtag&#8217;in alt\u0131nda bir say\u0131 g\u00f6receksiniz ve bu say\u0131, o hashtag ile g\u00f6nderi payla\u015fan ki\u015filerin say\u0131s\u0131n\u0131 g\u00f6sterir.<\/p><p>Say\u0131 ne kadar b\u00fcy\u00fck olursa, hashtag o kadar pop\u00fcler olur.<\/p><h3>TREND OLAN HASHTAG&#8217;LERIN NABZINI TUTUN<\/h3><p><img loading=\"lazy\" decoding=\"async\" width=\"700\" height=\"350\" class=\"wp-image-55625 size-full\" src=\"https:\/\/earnado.com\/tr\/wp-content\/uploads\/2022\/07\/Adsiz-tasarim-15.png\" alt=\"&quot;TREND\" srcset=\"https:\/\/earnado.com\/tr\/wp-content\/uploads\/2022\/07\/Adsiz-tasarim-15.png 700w, https:\/\/earnado.com\/tr\/wp-content\/uploads\/2022\/07\/Adsiz-tasarim-15-300x150.png 300w\" sizes=\"(max-width: 700px) 100vw, 700px\" \/><\/p><p>Son olarak, daha fazla ki\u015fiye ula\u015fmak i\u00e7in trend olan hashtag&#8217;lerden yararlan\u0131n.<\/p><p>Sekt\u00f6r\u00fcn\u00fcz veya uzmanl\u0131k alan\u0131n\u0131zla ilgili tatiller, sosyal trendler ve haberlerdeki geli\u015fmeler, yeni insanlara ula\u015fma f\u0131rsatlar\u0131 sa\u011flayabilir.<\/p><p><a href=\"https:\/\/earnado.com\/tr\/partnerlik-ve-is-birlikleri\">Hashtag ara\u00e7lar\u0131<\/a>\u00a0bu konuda size yard\u0131mc\u0131 olabilir.\u00a0Bahsetti\u011fimiz gibi, bu k\u0131lavuzda daha sonra bununla ilgili daha fazla bilgi payla\u015faca\u011f\u0131z.<\/p><h2>Instagram Hikayelerinde hashtag kullanma<\/h2><p><img loading=\"lazy\" decoding=\"async\" width=\"700\" height=\"350\" class=\"wp-image-55623 size-full\" src=\"https:\/\/earnado.com\/tr\/wp-content\/uploads\/2022\/07\/Adsiz-tasarim-13.png\" alt=\"&quot;Instagram\" srcset=\"https:\/\/earnado.com\/tr\/wp-content\/uploads\/2022\/07\/Adsiz-tasarim-13.png 700w, https:\/\/earnado.com\/tr\/wp-content\/uploads\/2022\/07\/Adsiz-tasarim-13-300x150.png 300w\" sizes=\"(max-width: 700px) 100vw, 700px\" \/><\/p><p>Ayr\u0131ca Instagram Hikayelerinize hashtag ekleyebilirsiniz.<\/p><p>Bir Hikayede bir hashtag kulland\u0131\u011f\u0131n\u0131zda, Hikayeniz Story hashtag&#8217;ine eklenirse daha geni\u015f bir kitlenin \u00f6n\u00fcne ge\u00e7ebilirsiniz.<\/p><p>Bir hashtag Hikayesine nas\u0131l eklenirsiniz?\u00a0Bu, Instagram&#8217;\u0131n algoritmas\u0131na ba\u011fl\u0131d\u0131r ve etkile\u015fime ve medyan\u0131n kalitesine ba\u011fl\u0131d\u0131r.<\/p><p>Ama denemekten zarar gelmez!<\/p><p>Instagram Hikayenize bir hashtag eklemek i\u00e7in, bir \u00e7\u0131kartma eklemek i\u00e7in dokunun ve hashtag \u00e7\u0131kartmas\u0131n\u0131 se\u00e7in.<\/p><p>Yazmaya ba\u015flad\u0131\u011f\u0131n\u0131zda Instagram&#8217;\u0131n ekran\u0131n alt k\u0131sm\u0131na do\u011fru hashtag \u00f6nerece\u011fini fark edeceksiniz.<\/p><h2>Instagram biyografinizde hashtag&#8217;leri kullanma<\/h2><p>Hashtag&#8217;leri Instagram biyografinizde de kullanabilirsiniz.\u00a0Bu, i\u00e7eri\u011finizi hashtag&#8217;i takip eden ki\u015filere y\u00f6nlendirmese de, profilinize gelen yeni ziyaret\u00e7ilere ilgi alanlar\u0131n\u0131z\u0131 belirtmenin g\u00fczel bir yoludur.<\/p><p>Instagram biyografinize hashtag eklemenin bir ba\u015fka avantaj\u0131 da, se\u00e7ilmi\u015f i\u00e7erik koleksiyonlar\u0131na ba\u011flant\u0131 vermenize izin vermesidir.<\/p><p>Payla\u015fmak istedi\u011finiz g\u00f6nderilerin hashtag&#8217;ini veya a\u00e7\u0131klamas\u0131n\u0131 kullanman\u0131z yeterlidir.\u00a0Hen\u00fcz al\u0131nmam\u0131\u015f bir hashtag kullan\u0131n, b\u00f6ylece t\u00fcm i\u00e7eri\u011fin size ait oldu\u011fundan emin olabilirsiniz.<\/p><p><strong>Not:<\/strong>\u00a0Instagram biyografiniz 150 karakterle s\u0131n\u0131rl\u0131d\u0131r, bu nedenle hangi (ve ka\u00e7) hashtag&#8217;i ekleyece\u011finize karar verirken bunu akl\u0131n\u0131zda bulundurun.<\/p><h2>Pop\u00fcler Instagram hashtag t\u00fcrleri<\/h2><p>Instagram\u00a0, hashtag&#8217;leri\u00a0dokuz farkl\u0131 t\u00fcre ay\u0131r\u0131r:<\/p><ul><li><strong>\u00dcr\u00fcn veya hizmet hashtag&#8217;leri<\/strong><ul><li>Bunlar, #el \u00e7antas\u0131 veya #divebar gibi \u00fcr\u00fcn veya hizmetinizi tan\u0131mlayan temel anahtar kelimelerdir.<\/li><\/ul><\/li><li><strong>Ni\u015f hashtag&#8217;ler<\/strong><ul><li>Bunlar biraz daha spesifik hale gelir ve #travelblogger veya #foodblogger gibi sekt\u00f6r\u00fcn\u00fcz ba\u011flam\u0131nda nereye uydu\u011funuzu g\u00f6sterir.<\/li><\/ul><\/li><li><strong>End\u00fcstri Instagram topluluk hashtag&#8217;leri<\/strong><ul><li>Instagram&#8217;da topluluklar bulunur ve bu hashtag&#8217;ler onlar\u0131 bulup kat\u0131lman\u0131za yard\u0131mc\u0131 olur.\u00a0#gardenersofinstagram veya #craftersofinstgram&#8217;\u0131 d\u00fc\u015f\u00fcn\u00fcn<\/li><\/ul><\/li><li><strong>\u00d6zel etkinlik veya mevsimlik hashtag&#8217;ler<\/strong><ul><li>Bunlar, #yazg\u00fcnleri gibi ger\u00e7ek tatillere veya mevsimlere at\u0131fta bulunabilir veya #millicecreamday veya #nationalnailpolishday gibi t\u00fcm tatiller i\u00e7in kullan\u0131labilir.<\/li><\/ul><\/li><li><strong>Konum etiketleri <\/strong><ul><li>Instagram g\u00f6nderinize co\u011frafi etiket ekleseniz bile, #vancouvercraftbeer veya #londoneats gibi konumunuza at\u0131fta bulunan bir etiket eklemek yine de iyi bir fikir olabilir.<\/li><\/ul><\/li><li><strong>G\u00fcnl\u00fck hashtag&#8217;ler<\/strong><ul><li>Her g\u00fcn, #MondayBlues&#8217;tan #SundayFunday&#8217;e kadar bir\u00e7ok kendi hashtag&#8217;ine sahiptir.<\/li><li>G\u00f6nderilerinize eklemek i\u00e7in kolay bir kaynak ar\u0131yorsan\u0131z, aralar\u0131ndan se\u00e7im yapabilece\u011finiz bir g\u00fcnl\u00fck hashtag listesi olu\u015fturduk .<\/li><\/ul><\/li><li><strong>\u0130lgili kelime \u00f6be\u011fi hashtag&#8217;leri<\/strong><ul><li>Bu hashtag&#8217;ler, \u00fcr\u00fcn hashtag&#8217;lerinin, ni\u015f hashtag&#8217;lerin ve topluluk hashtag&#8217;lerinin unsurlar\u0131n\u0131 birle\u015ftirir.<\/li><li>Temel olarak, insanlar\u0131n Instagram&#8217;da mevcut topluluklara biraz i\u00e7eriden bir \u015fekilde ba\u011flanmak i\u00e7in kulland\u0131klar\u0131 #amwriting veya #shewhowanders gibi ifadelerdir.<\/li><\/ul><\/li><li><strong>K\u0131saltma hashtagleri<\/strong><ul><li>Belki de en iyi bilinen k\u0131saltma hashtag&#8217;i Per\u015fembe g\u00fcn\u00fc #TBT for Throwback&#8217;tir.<\/li><li>Di\u011fer pop\u00fcler k\u0131saltma hashtag&#8217;leri aras\u0131nda g\u00fcn\u00fcn k\u0131yafeti i\u00e7in #OOTD, Cuma g\u00fcn\u00fcne geri d\u00f6n\u00fc\u015f i\u00e7in #FBF ve yaln\u0131zca bir kez canl\u0131 olarak sizin i\u00e7in #YOLO bulunur.<\/li><\/ul><\/li><li><strong>Emoji hashtag&#8217;leri<\/strong><ul><li>Bu hashtag&#8217;ler, #???? gibi kendi ba\u015flar\u0131na emojileri veya #g\u00fcne\u015f g\u00f6zl\u00fc\u011f\u00fc????<\/li><\/ul><\/li><\/ul>\t\t\t\t\t\t<\/div>\n\t\t\t\t<\/div>\n\t\t\t\t\t<\/div>\n\t\t<\/div>\n\t\t\t\t\t<\/div>\n\t\t<\/section>\n\t\t\t\t<\/div>\n\t\t","protected":false},"excerpt":{"rendered":"<p>\u00a0 Instagram i\u00e7eri\u011finizi daha fazla insan\u0131n \u00f6n\u00fcne \u00e7\u0131karman\u0131n en iyi yollar\u0131ndan biri de hashtag kullanmakt\u0131r. Instagram hashtag&#8217;leri nelerdir? Hashtag, \u00f6n\u00fcnde \u2018#\u2019 i\u015fareti bulunan \u00a0bir kare i\u015fareti bulunan bir anahtar kelime veya anahtar kelime grubudur. Instagram, Twitter, Facebook ve web&#8217;deki di\u011fer&#8230;<\/p>\n","protected":false},"author":380,"featured_media":57928,"comment_status":"open","ping_status":"open","sticky":false,"template":"","format":"standard","meta":{"footnotes":""},"categories":[34],"tags":[],"class_list":["post-55616","post","type-post","status-publish","format-standard","has-post-thumbnail","hentry","category-reklam-yonetimi"],"yoast_head":"<!-- This site is optimized with the Yoast SEO plugin v22.7 - https:\/\/yoast.com\/wordpress\/plugins\/seo\/ -->\n<title>Instagram Hashtag Neden \u00d6nemlidir? - Earnado<\/title>\n<meta name=\"description\" content=\"Instagram i\u00e7eri\u011finizi daha fazla insan\u0131n \u00f6n\u00fcne \u00e7\u0131karman\u0131n en iyi yollar\u0131ndan biri de hashtag kullanmakt\u0131r.\" \/>\n<meta name=\"robots\" content=\"index, follow, max-snippet:-1, max-image-preview:large, max-video-preview:-1\" \/>\n<link rel=\"canonical\" href=\"https:\/\/earnado.com\/tr\/instagram-hashtag-neden-onemlidir\/\" \/>\n<meta property=\"og:locale\" content=\"tr_TR\" \/>\n<meta property=\"og:type\" content=\"article\" \/>\n<meta property=\"og:title\" content=\"Instagram Hashtag Neden \u00d6nemlidir? - Earnado\" \/>\n<meta property=\"og:description\" content=\"Instagram i\u00e7eri\u011finizi daha fazla insan\u0131n \u00f6n\u00fcne \u00e7\u0131karman\u0131n en iyi yollar\u0131ndan biri de hashtag kullanmakt\u0131r.\" \/>\n<meta property=\"og:url\" content=\"https:\/\/earnado.com\/tr\/instagram-hashtag-neden-onemlidir\/\" \/>\n<meta property=\"og:site_name\" content=\"Earnado\" \/>\n<meta property=\"article:author\" content=\"https:\/\/www.facebook.com\/profile.php?id=100075869390519\" \/>\n<meta property=\"article:published_time\" content=\"2023-01-05T13:47:20+00:00\" \/>\n<meta property=\"article:modified_time\" content=\"2023-01-06T12:25:13+00:00\" \/>\n<meta property=\"og:image\" content=\"https:\/\/earnado.com\/tr\/wp-content\/uploads\/2023\/01\/tw.png\" \/>\n\t<meta property=\"og:image:width\" content=\"700\" \/>\n\t<meta property=\"og:image:height\" content=\"350\" \/>\n\t<meta property=\"og:image:type\" content=\"image\/png\" \/>\n<meta name=\"author\" content=\"Pembe Buse Suna\" \/>\n<meta name=\"twitter:card\" content=\"summary_large_image\" \/>\n<meta name=\"twitter:label1\" content=\"Yazan:\" \/>\n\t<meta name=\"twitter:data1\" content=\"Pembe Buse Suna\" \/>\n\t<meta name=\"twitter:label2\" content=\"Tahmini okuma s\u00fcresi\" \/>\n\t<meta name=\"twitter:data2\" content=\"10 dakika\" \/>\n<script type=\"application\/ld+json\" class=\"yoast-schema-graph\">{\"@context\":\"https:\/\/schema.org\",\"@graph\":[{\"@type\":\"WebPage\",\"@id\":\"https:\/\/earnado.com\/tr\/instagram-hashtag-neden-onemlidir\/\",\"url\":\"https:\/\/earnado.com\/tr\/instagram-hashtag-neden-onemlidir\/\",\"name\":\"Instagram Hashtag Neden \u00d6nemlidir? - Earnado\",\"isPartOf\":{\"@id\":\"https:\/\/earnado.com\/tr\/#website\"},\"primaryImageOfPage\":{\"@id\":\"https:\/\/earnado.com\/tr\/instagram-hashtag-neden-onemlidir\/#primaryimage\"},\"image\":{\"@id\":\"https:\/\/earnado.com\/tr\/instagram-hashtag-neden-onemlidir\/#primaryimage\"},\"thumbnailUrl\":\"https:\/\/earnado.com\/tr\/wp-content\/uploads\/2023\/01\/tw.png\",\"datePublished\":\"2023-01-05T13:47:20+00:00\",\"dateModified\":\"2023-01-06T12:25:13+00:00\",\"author\":{\"@id\":\"https:\/\/earnado.com\/tr\/#\/schema\/person\/788fcdbed3ed7133d354c6108107426d\"},\"description\":\"Instagram i\u00e7eri\u011finizi daha fazla insan\u0131n \u00f6n\u00fcne \u00e7\u0131karman\u0131n en iyi yollar\u0131ndan biri de hashtag kullanmakt\u0131r.\",\"inLanguage\":\"tr\",\"potentialAction\":[{\"@type\":\"ReadAction\",\"target\":[\"https:\/\/earnado.com\/tr\/instagram-hashtag-neden-onemlidir\/\"]}]},{\"@type\":\"ImageObject\",\"inLanguage\":\"tr\",\"@id\":\"https:\/\/earnado.com\/tr\/instagram-hashtag-neden-onemlidir\/#primaryimage\",\"url\":\"https:\/\/earnado.com\/tr\/wp-content\/uploads\/2023\/01\/tw.png\",\"contentUrl\":\"https:\/\/earnado.com\/tr\/wp-content\/uploads\/2023\/01\/tw.png\",\"width\":700,\"height\":350},{\"@type\":\"WebSite\",\"@id\":\"https:\/\/earnado.com\/tr\/#website\",\"url\":\"https:\/\/earnado.com\/tr\/\",\"name\":\"Earnado\",\"description\":\"\u0130\u015finizi Kafan\u0131zda De\u011fil \u0130nternette B\u00fcy\u00fct\u00fcn!\",\"potentialAction\":[{\"@type\":\"SearchAction\",\"target\":{\"@type\":\"EntryPoint\",\"urlTemplate\":\"https:\/\/earnado.com\/tr\/?s={search_term_string}\"},\"query-input\":\"required name=search_term_string\"}],\"inLanguage\":\"tr\"},{\"@type\":\"Person\",\"@id\":\"https:\/\/earnado.com\/tr\/#\/schema\/person\/788fcdbed3ed7133d354c6108107426d\",\"name\":\"Pembe Buse Suna\",\"image\":{\"@type\":\"ImageObject\",\"inLanguage\":\"tr\",\"@id\":\"https:\/\/earnado.com\/tr\/#\/schema\/person\/image\/\",\"url\":\"https:\/\/secure.gravatar.com\/avatar\/a77a16fdaa16f790b5df1793799dede4dc8aa2834509c98a38b62e9e2cc508cb?s=96&d=mm&r=g\",\"contentUrl\":\"https:\/\/secure.gravatar.com\/avatar\/a77a16fdaa16f790b5df1793799dede4dc8aa2834509c98a38b62e9e2cc508cb?s=96&d=mm&r=g\",\"caption\":\"Pembe Buse Suna\"},\"description\":\"Karab\u00fck \u00dcniversitesi Bilgisayar M\u00fch.(ing) mezunuyum. Yaz\u0131l\u0131mc\u0131 olarak 2 y\u0131l \u00e7al\u0131\u015ft\u0131m fakat benim istedi\u011fim \u00e7al\u0131\u015fma alan\u0131n\u0131n oras\u0131 olmad\u0131\u011f\u0131n\u0131 anlad\u0131m. Kendi i\u015fimi kurmak i\u00e7in yola \u00e7\u0131kt\u0131m. Dijital Pazarlama \u00fczerine e\u011fitimler ald\u0131m bir\u00e7ok firmaya bu konuda dan\u0131\u015fmanl\u0131k verdim. Bu sekt\u00f6rde \u00e7al\u0131\u015fmay\u0131 \u00e7ok a\u015f\u0131r\u0131 derece de sevmeye ba\u015flad\u0131m. Kendimden de bahsedecek olursam hayat\u0131n\u0131 dolu dolu ya\u015famay\u0131 seven biriyim. Hem i\u015f hayat\u0131m da hem de sosyal hayat\u0131m ara\u015ft\u0131rmay\u0131 \u00f6\u011frenmeyi \u00e7ok severim. Gezerken \u00e7al\u0131\u015fmak benim y\u0131ld\u0131zl\u0131 hobimdir ve hayat felsefemdir. \u00d6zg\u00fcr bir i\u015f \u00f6zg\u00fcr bir hayat.:)\",\"sameAs\":[\"https:\/\/www.facebook.com\/profile.php?id=100075869390519\",\"https:\/\/www.instagram.com\/buse.kayali\/\",\"https:\/\/www.linkedin.com\/in\/buse-kayal-11a62aaa\/\"],\"url\":\"https:\/\/earnado.com\/tr\/author\/pembebusesunaa\/\"}]}<\/script>\n<!-- \/ Yoast SEO plugin. -->","yoast_head_json":{"title":"Instagram Hashtag Neden \u00d6nemlidir? - Earnado","description":"Instagram i\u00e7eri\u011finizi daha fazla insan\u0131n \u00f6n\u00fcne \u00e7\u0131karman\u0131n en iyi yollar\u0131ndan biri de hashtag kullanmakt\u0131r.","robots":{"index":"index","follow":"follow","max-snippet":"max-snippet:-1","max-image-preview":"max-image-preview:large","max-video-preview":"max-video-preview:-1"},"canonical":"https:\/\/earnado.com\/tr\/instagram-hashtag-neden-onemlidir\/","og_locale":"tr_TR","og_type":"article","og_title":"Instagram Hashtag Neden \u00d6nemlidir? - Earnado","og_description":"Instagram i\u00e7eri\u011finizi daha fazla insan\u0131n \u00f6n\u00fcne \u00e7\u0131karman\u0131n en iyi yollar\u0131ndan biri de hashtag kullanmakt\u0131r.","og_url":"https:\/\/earnado.com\/tr\/instagram-hashtag-neden-onemlidir\/","og_site_name":"Earnado","article_author":"https:\/\/www.facebook.com\/profile.php?id=100075869390519","article_published_time":"2023-01-05T13:47:20+00:00","article_modified_time":"2023-01-06T12:25:13+00:00","og_image":[{"width":700,"height":350,"url":"https:\/\/earnado.com\/tr\/wp-content\/uploads\/2023\/01\/tw.png","type":"image\/png"}],"author":"Pembe Buse Suna","twitter_card":"summary_large_image","twitter_misc":{"Yazan:":"Pembe Buse Suna","Tahmini okuma s\u00fcresi":"10 dakika"},"schema":{"@context":"https:\/\/schema.org","@graph":[{"@type":"WebPage","@id":"https:\/\/earnado.com\/tr\/instagram-hashtag-neden-onemlidir\/","url":"https:\/\/earnado.com\/tr\/instagram-hashtag-neden-onemlidir\/","name":"Instagram Hashtag Neden \u00d6nemlidir? - Earnado","isPartOf":{"@id":"https:\/\/earnado.com\/tr\/#website"},"primaryImageOfPage":{"@id":"https:\/\/earnado.com\/tr\/instagram-hashtag-neden-onemlidir\/#primaryimage"},"image":{"@id":"https:\/\/earnado.com\/tr\/instagram-hashtag-neden-onemlidir\/#primaryimage"},"thumbnailUrl":"https:\/\/earnado.com\/tr\/wp-content\/uploads\/2023\/01\/tw.png","datePublished":"2023-01-05T13:47:20+00:00","dateModified":"2023-01-06T12:25:13+00:00","author":{"@id":"https:\/\/earnado.com\/tr\/#\/schema\/person\/788fcdbed3ed7133d354c6108107426d"},"description":"Instagram i\u00e7eri\u011finizi daha fazla insan\u0131n \u00f6n\u00fcne \u00e7\u0131karman\u0131n en iyi yollar\u0131ndan biri de hashtag kullanmakt\u0131r.","inLanguage":"tr","potentialAction":[{"@type":"ReadAction","target":["https:\/\/earnado.com\/tr\/instagram-hashtag-neden-onemlidir\/"]}]},{"@type":"ImageObject","inLanguage":"tr","@id":"https:\/\/earnado.com\/tr\/instagram-hashtag-neden-onemlidir\/#primaryimage","url":"https:\/\/earnado.com\/tr\/wp-content\/uploads\/2023\/01\/tw.png","contentUrl":"https:\/\/earnado.com\/tr\/wp-content\/uploads\/2023\/01\/tw.png","width":700,"height":350},{"@type":"WebSite","@id":"https:\/\/earnado.com\/tr\/#website","url":"https:\/\/earnado.com\/tr\/","name":"Earnado","description":"\u0130\u015finizi Kafan\u0131zda De\u011fil \u0130nternette B\u00fcy\u00fct\u00fcn!","potentialAction":[{"@type":"SearchAction","target":{"@type":"EntryPoint","urlTemplate":"https:\/\/earnado.com\/tr\/?s={search_term_string}"},"query-input":"required name=search_term_string"}],"inLanguage":"tr"},{"@type":"Person","@id":"https:\/\/earnado.com\/tr\/#\/schema\/person\/788fcdbed3ed7133d354c6108107426d","name":"Pembe Buse Suna","image":{"@type":"ImageObject","inLanguage":"tr","@id":"https:\/\/earnado.com\/tr\/#\/schema\/person\/image\/","url":"https:\/\/secure.gravatar.com\/avatar\/a77a16fdaa16f790b5df1793799dede4dc8aa2834509c98a38b62e9e2cc508cb?s=96&d=mm&r=g","contentUrl":"https:\/\/secure.gravatar.com\/avatar\/a77a16fdaa16f790b5df1793799dede4dc8aa2834509c98a38b62e9e2cc508cb?s=96&d=mm&r=g","caption":"Pembe Buse Suna"},"description":"Karab\u00fck \u00dcniversitesi Bilgisayar M\u00fch.(ing) mezunuyum. Yaz\u0131l\u0131mc\u0131 olarak 2 y\u0131l \u00e7al\u0131\u015ft\u0131m fakat benim istedi\u011fim \u00e7al\u0131\u015fma alan\u0131n\u0131n oras\u0131 olmad\u0131\u011f\u0131n\u0131 anlad\u0131m. Kendi i\u015fimi kurmak i\u00e7in yola \u00e7\u0131kt\u0131m. Dijital Pazarlama \u00fczerine e\u011fitimler ald\u0131m bir\u00e7ok firmaya bu konuda dan\u0131\u015fmanl\u0131k verdim. Bu sekt\u00f6rde \u00e7al\u0131\u015fmay\u0131 \u00e7ok a\u015f\u0131r\u0131 derece de sevmeye ba\u015flad\u0131m. Kendimden de bahsedecek olursam hayat\u0131n\u0131 dolu dolu ya\u015famay\u0131 seven biriyim. Hem i\u015f hayat\u0131m da hem de sosyal hayat\u0131m ara\u015ft\u0131rmay\u0131 \u00f6\u011frenmeyi \u00e7ok severim. Gezerken \u00e7al\u0131\u015fmak benim y\u0131ld\u0131zl\u0131 hobimdir ve hayat felsefemdir. \u00d6zg\u00fcr bir i\u015f \u00f6zg\u00fcr bir hayat.:)","sameAs":["https:\/\/www.facebook.com\/profile.php?id=100075869390519","https:\/\/www.instagram.com\/buse.kayali\/","https:\/\/www.linkedin.com\/in\/buse-kayal-11a62aaa\/"],"url":"https:\/\/earnado.com\/tr\/author\/pembebusesunaa\/"}]}},"_links":{"self":[{"href":"https:\/\/earnado.com\/tr\/wp-json\/wp\/v2\/posts\/55616","targetHints":{"allow":["GET"]}}],"collection":[{"href":"https:\/\/earnado.com\/tr\/wp-json\/wp\/v2\/posts"}],"about":[{"href":"https:\/\/earnado.com\/tr\/wp-json\/wp\/v2\/types\/post"}],"author":[{"embeddable":true,"href":"https:\/\/earnado.com\/tr\/wp-json\/wp\/v2\/users\/380"}],"replies":[{"embeddable":true,"href":"https:\/\/earnado.com\/tr\/wp-json\/wp\/v2\/comments?post=55616"}],"version-history":[{"count":6,"href":"https:\/\/earnado.com\/tr\/wp-json\/wp\/v2\/posts\/55616\/revisions"}],"predecessor-version":[{"id":57931,"href":"https:\/\/earnado.com\/tr\/wp-json\/wp\/v2\/posts\/55616\/revisions\/57931"}],"wp:featuredmedia":[{"embeddable":true,"href":"https:\/\/earnado.com\/tr\/wp-json\/wp\/v2\/media\/57928"}],"wp:attachment":[{"href":"https:\/\/earnado.com\/tr\/wp-json\/wp\/v2\/media?parent=55616"}],"wp:term":[{"taxonomy":"category","embeddable":true,"href":"https:\/\/earnado.com\/tr\/wp-json\/wp\/v2\/categories?post=55616"},{"taxonomy":"post_tag","embeddable":true,"href":"https:\/\/earnado.com\/tr\/wp-json\/wp\/v2\/tags?post=55616"}],"curies":[{"name":"wp","href":"https:\/\/api.w.org\/{rel}","templated":true}]}}