{"id":56402,"date":"2023-01-05T17:01:55","date_gmt":"2023-01-05T14:01:55","guid":{"rendered":"http:\/\/earnado.com\/tr\/?p=56402"},"modified":"2026-02-27T22:40:00","modified_gmt":"2026-02-27T19:40:00","slug":"instagramda-sadik-kitleye-nasil-ulasilir","status":"publish","type":"post","link":"https:\/\/earnado.com\/tr\/instagramda-sadik-kitleye-nasil-ulasilir\/","title":{"rendered":"Instagram\u2019da Sad\u0131k Kitleye Nas\u0131l Ula\u015f\u0131l\u0131r?"},"content":{"rendered":"<p><img fetchpriority=\"high\" decoding=\"async\" class=\"alignnone wp-image-56404 size-full\" src=\"https:\/\/earnado.com\/tr\/wp-content\/uploads\/2022\/08\/1-2.png\" alt=\"Instagram\u2019da Sad\u0131k Kitleye Nas\u0131l Ula\u015f\u0131l\u0131r?\" width=\"700\" height=\"350\" srcset=\"https:\/\/earnado.com\/tr\/wp-content\/uploads\/2022\/08\/1-2.png 700w, https:\/\/earnado.com\/tr\/wp-content\/uploads\/2022\/08\/1-2-300x150.png 300w\" sizes=\"(max-width: 700px) 100vw, 700px\" \/><\/p>\n<p><a href=\"https:\/\/www.instagram.com\/explore\/tags\/%C4%B1nstagram\/\">Instagram<\/a> hesab\u0131n\u0131z\u0131 aktif kulland\u0131\u011f\u0131n\u0131z bir i\u015fletme hesab\u0131n\u0131z, ki\u015fisel hesab\u0131n\u0131z veya i\u00e7erik \u00fcretti\u011finiz bir hesab\u0131n\u0131z var ise sad\u0131k bir kitleye sahip olman\u0131z size kolayl\u0131k sa\u011flayacakt\u0131r. Yapt\u0131\u011f\u0131n\u0131z \u00e7al\u0131\u015fmalar\u0131n, \u00fcretti\u011finiz \u00fcr\u00fcnlerin ve foto\u011fraflar\u0131n\u0131z\u0131 g\u00f6r\u00fcnt\u00fcleyen sad\u0131k bir kitlenizin olmas\u0131 son derece \u00f6nemlidir. Etkile\u015fiminizin s\u00fcreklili\u011fini sa\u011flamak \u00e7ok \u00f6nemlidir bunun i\u00e7in ger\u00e7ek takip\u00e7ilere ihtiyac\u0131n\u0131z var. Sizin \u00fcr\u00fcnleriniz ile ilgilenen, i\u00e7eriklerinizi be\u011fenen ve g\u00f6r\u00fc\u015flerini sizlerle payla\u015fmalar\u0131n\u0131 istemez misiniz?<\/p>\n<p>Hesab\u0131n\u0131zdaki takip\u00e7i say\u0131n\u0131z ya da be\u011fenme say\u0131n\u0131z sad\u0131k kitleye sahip oldu\u011funuzu g\u00f6stermez. \u00d6rne\u011fin; Sahte takip\u00e7i veya be\u011feni sat\u0131n almak etkile\u015fiminizi veya sat\u0131\u015flar\u0131n\u0131z\u0131 artt\u0131rmaz. Yani takip\u00e7inizi artt\u0131rmak yerine sad\u0131k kitlenizi olu\u015fturmak daha \u00f6nemlidir. Bunun i\u00e7in belli yolar mevcut, \u00f6ncelikle hedef kitlenizi ke\u015ffetmelisiniz. Do\u011fru hedef kitle Instagram hesab\u0131n\u0131z\u0131 kullan\u0131rken dikkat etmeniz gereken en \u00f6nemli nokta olmal\u0131d\u0131r. Kaliteli ve \u00f6zg\u00fcn i\u00e7erikler olu\u015fturmak istiyorsan\u0131z, Instagram\u2019\u0131n kullan\u0131c\u0131lar i\u00e7in sundu\u011fu \u00f6zelliklerden yararlanabilir, ba\u011flant\u0131n\u0131z\u0131 g\u00fc\u00e7lendirebilir, i\u015f birliktelikleri yapabilir ve m\u00fc\u015fterilerinizin g\u00f6r\u00fc\u015flerine nas\u0131l ula\u015fabilece\u011finiz gibi yollardan neler yapabilece\u011fimizden yaz\u0131m\u0131zda bahsettik.<\/p>\n<p><img decoding=\"async\" class=\"wp-image-56405 size-medium aligncenter\" src=\"https:\/\/earnado.com\/tr\/wp-content\/uploads\/2022\/08\/2-2-300x150.png\" alt=\"instagram reklam hedef kitle belirleme\" width=\"300\" height=\"150\" srcset=\"https:\/\/earnado.com\/tr\/wp-content\/uploads\/2022\/08\/2-2-300x150.png 300w, https:\/\/earnado.com\/tr\/wp-content\/uploads\/2022\/08\/2-2.png 700w\" sizes=\"(max-width: 300px) 100vw, 300px\" \/><\/p>\n<h1><strong>Hedef Kitlenizi Ke\u015ffedin<\/strong><\/h1>\n<p>Instagram\u2019da sad\u0131k kitleye nas\u0131l olu\u015fturman\u0131n yollar\u0131ndan bahsetmeden \u00f6nce hedef kitlenizin do\u011fru oldu\u011fundan emin olman\u0131z gerek. Instagram\u2019da payla\u015faca\u011f\u0131n\u0131z i\u00e7eriklerinizin etkile\u015fimini, \u00fcr\u00fcnlerinizin sat\u0131\u015f\u0131n\u0131n artmas\u0131 veya daha fazla insan\u0131n markan\u0131z\u0131 bilmesini sa\u011flamak sizin elinizdedir. Hedef kitlenizi do\u011fru olu\u015fturmak ve b\u00fct\u00e7enizi do\u011fru reklamlara ula\u015ft\u0131rmak \u00e7ok \u00f6nemlidir. Olu\u015fturdu\u011funuz pazarlaman\u0131n do\u011fru hedef kitleye ve do\u011fru zamanda ula\u015fmas\u0131 en \u00f6nemli fakt\u00f6rd\u00fcr. Instagram hesab\u0131n\u0131z\u0131n hedef kitlesini bulmak i\u00e7in detayl\u0131ca bir ara\u015ft\u0131rma yapman\u0131z gerekmektedir. Hedef kitlenizi belirlerken ya\u015f, cinsiyet, dil, \u00fclke, gibi kategorilerde hedef kitlenizi belirleyebilirsiniz. Sizin i\u00e7in uygun hedef kitlenizi belirledikten sonra uygun g\u00f6nderiler, g\u00f6rseller, videolar ve yaz\u0131lar yazd\u0131\u011f\u0131n\u0131zdan emin olmal\u0131s\u0131n\u0131z. Instagram\u2019da hedef kitle t\u00fcrleri bulunmaktad\u0131r. Hedef kitle t\u00fcrleri; <strong>\u00f6zel hedef kitleler, benzer hedef kitleler<\/strong> ve <strong>kaydedilmi\u015f hedef kitleler<\/strong> olarak \u00fc\u00e7e ayr\u0131lmaktad\u0131r.<\/p>\n<h4><strong>Kaydedilmi\u015f Kitleler;<\/strong><\/h4>\n<p>Daha \u00f6ncesinden \u00e7\u0131karm\u0131\u015f oldu\u011funuz bir \u00fcr\u00fcn veya kampanya i\u00e7in kulland\u0131\u011f\u0131n\u0131z kitleleri kaydetmekle olu\u015fturulan kitlelerdir. Bu kaydetmi\u015f oldu\u011funuz hedef kitlenizi benzer kampanyalar\u0131n\u0131zda da zaman kaybetmeden kullanabilme imk\u00e2n\u0131n\u0131z bulunuyor. E\u011fer daha \u00f6ncesinde kaydetti\u011finiz bir kitleniz yoksa kitlenize uygun bilgileri doldurarak kendi kitlenizi olu\u015fturabilirsiniz.<\/p>\n<h4><strong>\u00d6zel Hedef Kitleler;<\/strong><\/h4>\n<p>\u00d6zel hedef kitleler daha ayr\u0131nt\u0131l\u0131 veriler kullan\u0131larak yap\u0131lan reklamlard\u0131r. Bu \u00f6zelle\u015ftirilmi\u015f reklamlar m\u00fc\u015fteri veri tabanlar\u0131ndaki bilgileri, mobil uygulamalardaki verileri, etkile\u015fim tabanl\u0131 bilgileri ve web site veri taban\u0131 etkile\u015fimleri hakk\u0131nda bilgileri edinilerek yap\u0131lan Instagram reklamlar\u0131na denir. Bu \u00f6zel hedef kitlesi t\u00fcr\u00fcnde kitlenizin olduk\u00e7a s\u0131n\u0131rland\u0131r\u0131lm\u0131\u015f olmas\u0131 reklam\u0131n do\u011frudan ilgili m\u00fc\u015fteriye olu\u015fmas\u0131na yard\u0131mc\u0131 olacakt\u0131r.<\/p>\n<h4><strong>Benzer Hedef Kitleler;<\/strong><\/h4>\n<p>Hedef kitlenizi belirlemek i\u00e7in yapt\u0131\u011f\u0131n\u0131z \u00e7al\u0131\u015fmalar\u0131n sonucunda, olu\u015fturdu\u011funuz reklamlar\u0131 benzer kitlelerin de kar\u015f\u0131s\u0131na \u00e7\u0131karmak istiyorsan\u0131z benzer hedef kitle t\u00fcr\u00fcn\u00fc kullanabilirsiniz. Sizin daha \u00f6nceden kaydetmi\u015f oldu\u011funuz veya \u00f6zel kitleleriniz var ise benzer hedef kitle t\u00fcr\u00fcn\u00fc se\u00e7erek benzer t\u00fcrdeki insanlar\u0131n da kar\u015f\u0131lar\u0131na \u00e7\u0131kabilme \u00f6zelli\u011fine sahipsiniz.<\/p>\n<p>Peki <a href=\"https:\/\/earnado.com\/tr\/instagram-reklam-verme\/\">Instagram&#8217;a reklam reklam verirken<\/a> hedef kitlenizi nas\u0131l olu\u015fturursunuz? Hedef kitlenizi belirlerken ilk olarak Instagram\u2019\u0131n\u0131za giri\u015f yap\u0131n ve istatistikler b\u00f6l\u00fcm\u00fcnden hedef kitle istatistiklerine t\u0131klayarak hedef kitleniz hakk\u0131nda bilgi edinebilirsiniz. Bu b\u00f6l\u00fcmde hedef kitleniz hakk\u0131nda edinece\u011finiz bilgiler olduk\u00e7a \u00f6nemlidir. Ya\u015f aral\u0131\u011f\u0131, cinsiyet, aktiflik saatleri, medeni durum gibi kategorileri dikkate alman\u0131z gerekmektedir. Bu istatistikleri okuduktan payla\u015faca\u011f\u0131n\u0131z reklam\u0131 se\u00e7in ve tan\u0131t\u0131mlar k\u0131sm\u0131na girip Instagram\u2019\u0131n size soraca\u011f\u0131 sorular\u0131 cevaplay\u0131n. Reklam\u0131n\u0131z\u0131 payla\u015fman\u0131zdaki amac\u0131n\u0131z k\u0131sm\u0131n\u0131 doldurduktan sonra (bu k\u0131s\u0131m \u00f6nemlidir) hedef kitlenizi kar\u015f\u0131n\u0131za \u00e7\u0131kan alana eksiksiz doldurman\u0131z gerekmektedir.<\/p>\n<p>Hedef kitle belirleme ile ilgili i\u00e7erik; <a href=\"https:\/\/earnado.com\/tr\/hedef-kitle-persona-olusturma-ornekleri\/\">https:\/\/earnado.com\/tr\/hedef-kitle-persona-olusturma-ornekleri\/<\/a><\/p>\n<p><img decoding=\"async\" class=\"wp-image-56406 size-medium aligncenter\" src=\"https:\/\/earnado.com\/tr\/wp-content\/uploads\/2022\/08\/3-2-300x150.png\" alt=\"sosyal medya i\u00e7erik \u00fcretme\" width=\"300\" height=\"150\" srcset=\"https:\/\/earnado.com\/tr\/wp-content\/uploads\/2022\/08\/3-2-300x150.png 300w, https:\/\/earnado.com\/tr\/wp-content\/uploads\/2022\/08\/3-2.png 700w\" sizes=\"(max-width: 300px) 100vw, 300px\" \/><\/p>\n<h2><strong>Kaliteli, Planl\u0131 ve \u00d6zg\u00fcn \u0130\u00e7erikler Olu\u015fturun<\/strong><\/h2>\n<p>Instagram hesab\u0131n\u0131zda yapt\u0131\u011f\u0131n\u0131z payla\u015f\u0131mlar olduk\u00e7a \u00f6nemlidir. Takip\u00e7ilerinizin sizi takip etme sebebi adeta! Payla\u015f\u0131mlar\u0131n\u0131z\u0131 planlarken i\u00e7eriklerinizin kaliteli, planl\u0131 ve \u00f6zg\u00fcn olmas\u0131 bir kriterdir. \u00d6ncelikli olarak Instagram hesab\u0131n\u0131z\u0131n bir temas\u0131 olmas\u0131 gerekir. Hesab\u0131n\u0131za uygun bir tema yaratman\u0131z d\u00fczenli ve kaliteli bir g\u00f6r\u00fcn\u00fcm sa\u011flayacakt\u0131r. Daha sonras\u0131nda d\u00fczenli olarak payla\u015f\u0131m yapman\u0131z gerekmektedir. Payla\u015f\u0131mlar\u0131n\u0131z\u0131 g\u00fcn g\u00fcn yapaca\u011f\u0131n\u0131z i\u00e7in \u00f6nceden bir i\u00e7erik plan\u0131 olu\u015fturmal\u0131s\u0131n\u0131z. \u0130\u00e7erik plan\u0131n\u0131z ayl\u0131k veya haftal\u0131k \u015feklinde konular\u0131, \u00f6zel g\u00fcnleri ve g\u00f6rsellerinizi planlamal\u0131s\u0131n\u0131z. Takvim plan\u0131n\u0131z\u0131 \u00f6nceden haz\u0131rlam\u0131\u015f olsan\u0131z da ya\u015fanan hassas olaylar\u0131 sosyal medya hesab\u0131n\u0131zda payla\u015fabilirsiniz. Bu gibi durumlarda i\u00e7erik plan\u0131 takviminizde zaman zaman de\u011fi\u015fiklinler yapabilirsiniz.<\/p>\n<p>\u0130nstagram i\u00e7eriklerinizi \u00fcretirken \u00fcr\u00fcnlerinizi tan\u0131tabilirsiniz, ilgi \u00e7ekici foto\u011fraflar ekleyebilirsiniz veya e\u011fitici bilgiler verebilirsiniz. \u0130\u00e7eriklerinize ekleyece\u011finiz g\u00f6rseller konunuzla alakal\u0131, teman\u0131za uygun ve y\u00fcksek \u00e7\u00f6z\u00fcn\u00fcrl\u00fckl\u00fc olmas\u0131 gerekmektedir. T\u00fcm bu i\u00e7eriklerinizi haz\u0131rlarken bir hikayenizin olmas\u0131 da ayr\u0131 bir \u00f6nem ta\u015f\u0131yor. Haz\u0131rlad\u0131\u011f\u0131n\u0131z \u00f6zg\u00fcn i\u00e7eriklerinizin alt\u0131na yaz\u0131lar yazmay\u0131 ihmal etmeyin. Anlaml\u0131 ve ilgi \u00e7ekici yazd\u0131\u011f\u0131n\u0131z bu yaz\u0131lar payla\u015f\u0131mlar\u0131n\u0131z\u0131 daha anlaml\u0131 hale getirir. Son olarak da hesab\u0131n\u0131zda olu\u015fturaca\u011f\u0131n\u0131z videolu i\u00e7erikleriniz i\u00e7in de \u00f6zg\u00fcn olman\u0131z laz\u0131m. Haz\u0131rlayaca\u011f\u0131n\u0131z videolar\u0131n\u0131z\u0131n konusunu \u00f6nceden planlanm\u0131\u015f olman\u0131z ve teman\u0131za uygun tasar\u0131mlar haz\u0131rlaman\u0131z son derece \u00f6nemlidir.<\/p>\n<p><img loading=\"lazy\" decoding=\"async\" class=\"wp-image-56407 size-medium aligncenter\" src=\"https:\/\/earnado.com\/tr\/wp-content\/uploads\/2022\/08\/4-1-300x150.png\" alt=\"Instagram \" width=\"300\" height=\"150\" srcset=\"https:\/\/earnado.com\/tr\/wp-content\/uploads\/2022\/08\/4-1-300x150.png 300w, https:\/\/earnado.com\/tr\/wp-content\/uploads\/2022\/08\/4-1.png 700w\" sizes=\"(max-width: 300px) 100vw, 300px\" \/><\/p>\n<h2><strong>Instagram \u00d6zelliklerinden Yararlanmay\u0131 Unutmay\u0131n<\/strong><\/h2>\n<p>Instagram&#8217;da sadece foto\u011fraf ve video payla\u015fmazs\u0131n\u0131z. Instagram&#8217;da Reels, hik\u00e2ye, anket yapma, gibi \u00f6zellikler de bulunuyor. D\u00fczenli g\u00f6nderi payla\u015fman\u0131z\u0131n \u00f6nemi \u00e7ok fazla ama Instagram\u2019\u0131n sundu\u011fu bu \u00f6zelliklerden yararlanman\u0131z da gerekiyor. Instagram hik\u00e2ye \u00f6zelli\u011fini g\u00f6nderi payla\u015f\u0131yormu\u015fsunuz gibi d\u00fczenli olarak kullanman\u0131z etkile\u015fiminizin artt\u0131rmas\u0131 ve kitlenizle ileti\u015fiminizin kesilmemesi i\u00e7in \u00f6nemlidir. Anket, test ve sorular \u00f6zelliklerini kullanarak kitlenizi harekete ge\u00e7irebilirsiniz. T\u00fcm bunlar\u0131n yan\u0131nda Instagram&#8217;da Hashtag\u2019ler olu\u015fturabilirsiniz, filtre \u00f6zelliklerini kullanabilirsiniz ve ayn\u0131 zamanda payla\u015ft\u0131\u011f\u0131n\u0131z hikayelerinizin silinmemesi i\u00e7in \u00f6ne \u00e7\u0131karabilirsiniz.<\/p>\n<ul>\n<li>\u0130lginizi \u00e7ekebilir; <a href=\"https:\/\/earnado.com\/tr\/sosyal-medya-etkilesimi-nasil-arttirilir\/\">Instagram etkile\u015fim artt\u0131rma y\u00f6ntemleri<\/a><\/li>\n<\/ul>\n<p>Instagram hesab\u0131n\u0131zdan zaman zaman canl\u0131 yay\u0131n \u00f6zelli\u011fini kullan\u0131rsan\u0131z takip\u00e7ilerinizin merak ettikleri sorular\u0131 yan\u0131tlars\u0131n\u0131z, \u00fcr\u00fcnlerinizi tan\u0131tabilirsiniz veya \u00e7ekili\u015f d\u00fczenlediyseniz sonu\u00e7lar\u0131n\u0131z\u0131 canl\u0131 yay\u0131n \u00fczerinden a\u00e7\u0131klayabilirsiniz. Bu \u00f6zelli\u011fi aral\u0131klarla kullanman\u0131z halinde takip\u00e7ilerinizin size olan g\u00fcvenini kazanabilirsiniz size olan ba\u011fl\u0131l\u0131klar\u0131n\u0131 artt\u0131rabilirsiniz. Kullan\u0131c\u0131lar\u0131n\u0131z\u0131n ilgisini \u00e7ekecek 15, 30, 60 ve 90 saniyelik videolar\u0131n olu\u015fturuldu\u011fu Reels \u00f6zelli\u011fini de Instagram\u2019\u0131n\u0131z\u0131 zenginle\u015ftirmek i\u00e7in kullanabilirsiniz. Instagram Reels&#8217;\u0131 takip\u00e7ileriniz i\u00e7in \u015fu kategorilerde kullanabilirsiniz; \u00fcr\u00fcnlerinizi tan\u0131tmakta, e\u011fitici i\u00e7erikler, hesab\u0131n\u0131za uygun \u00f6zg\u00fcn i\u00e7erikler yaratmak \u015feklinde s\u0131ralayabiliriz.<\/p>\n<h3><strong>M\u00fc\u015fterileriniz ile Ba\u011flant\u0131n\u0131z\u0131 G\u00fc\u00e7lendirin<\/strong><\/h3>\n<p>Instagram \u00fczerinden d\u00fczenleyece\u011finiz \u00e7ekili\u015fler ve yar\u0131\u015fmalar gibi etkinlikler kitlenizi olumlu y\u00f6nde etkiler. E\u011fer bir \u00e7ekili\u015f d\u00fczenlemeye karar verdiyseniz \u015fartlar belirleyebilirsiniz. Bu durumdan e-posta datas\u0131 da toplayabilme \u015fans\u0131n\u0131z olur. \u00d6rne\u011fin; Takip\u00e7ilerinizi harekete ge\u00e7irmek i\u00e7in son postu be\u011fen ve alt\u0131na 3 arkada\u015f\u0131 etiketle gibi \u015fartlar koyabilirsiniz.<\/p>\n<p>Payla\u015ft\u0131\u011f\u0131n\u0131z postlarda veya hikayelerde sorular sorabilirsiniz. Sorular\u0131n\u0131z\u0131 sorarken hedef kitlenize uygun alakal\u0131 sorular olmal\u0131. \u0130lgilerini \u00e7ekmeli, sordu\u011funuz sorular ile alakal\u0131 yorum yapmal\u0131 veya hikayelerinize yan\u0131t vermeliler. Instagram hesab\u0131n\u0131z \u00fczerinden yapt\u0131\u011f\u0131n\u0131z payla\u015f\u0131mlarda kullan\u0131c\u0131lar\u0131n yorumlar\u0131n\u0131 sormak son derece \u00f6nemlidir. Bu durum takip\u00e7ilerinize olan ilgilinizi onlara hissettirir ve daha sad\u0131k kitleye sahip olmaya ba\u015flars\u0131n\u0131z.<\/p>\n<p><img loading=\"lazy\" decoding=\"async\" class=\"wp-image-56409 size-medium aligncenter\" src=\"https:\/\/earnado.com\/tr\/wp-content\/uploads\/2022\/08\/6-300x150.png\" alt=\"instagram influencer reklam\" width=\"300\" height=\"150\" srcset=\"https:\/\/earnado.com\/tr\/wp-content\/uploads\/2022\/08\/6-300x150.png 300w, https:\/\/earnado.com\/tr\/wp-content\/uploads\/2022\/08\/6.png 700w\" sizes=\"(max-width: 300px) 100vw, 300px\" \/><\/p>\n<h3><strong>G\u00fcvenilir \u0130\u015f Birliktelikleri<\/strong><\/h3>\n<p>Instagram hesab\u0131n\u0131z \u00fczerinden yapaca\u011f\u0131n\u0131z i\u015f birliktelikleri sad\u0131k bir kitleye sahip olman\u0131z\u0131 sa\u011flayacak bir di\u011fer \u00f6nemli fakt\u00f6rd\u00fcr. \u0130\u015f birliktelikleri sayesinde Sadakat ve g\u00fcven kazanman\u0131n yan\u0131nda \u00fcr\u00fcnlerinizi daha fazla kitlenin g\u00f6rmesini sa\u011flayabilece\u011finiz harika bir pazarlama tekni\u011fidir. Markalarla, \u00fcnl\u00fclerle ve ki\u015filerle (Influencers) yapaca\u011f\u0131n\u0131z i\u015f birlikteliklerinin se\u00e7imi bu a\u015famadaki en \u00f6nemli konudur. \u00c7\u00fcnk\u00fc se\u00e7ece\u011finiz marka, \u00fcnl\u00fc veya ki\u015finin hem sizin hedef kitlenize uygun bir ki\u015fi olmas\u0131 hem de g\u00fcvenilir bir ki\u015fi olmas\u0131 gerekmektedir. Bu kriterler asl\u0131nda i\u015f birli\u011fi yapaca\u011f\u0131n\u0131z ki\u015fi veya markan\u0131n toplum taraf\u0131ndan uygunsuz davran\u0131\u015f yapmamas\u0131, ad\u0131n\u0131n k\u00f6t\u00fc ithamlarla duyulmamas\u0131 da olduk\u00e7a \u00f6nemli bir etkendir. Ya da e\u011fer siz bir markaysan\u0131z sizin rakip markan\u0131z ile i\u015f birli\u011fi yapmam\u0131\u015f bir ki\u015fi (Influencers) ile i\u015f birlikteli\u011fi yapmaman\u0131z gerekir.<\/p>\n<p>M\u00fc\u015fterilerinizle g\u00fcven problemleri ya\u015faman\u0131z i\u015finizi, marka itibar\u0131n\u0131z\u0131 ve pop\u00fclaritenizi olumsuz y\u00f6nde etkiler. \u0130\u015f birlikteliklerinizi bir marka ile yapmay\u0131 d\u00fc\u015f\u00fcn\u00fcyorsan\u0131z olu\u015fturaca\u011f\u0131n\u0131z kampanyalar\u0131 Instagram hesab\u0131n\u0131zdan duyurabilirsiniz. \u0130\u015f birli\u011fi yapt\u0131\u011f\u0131n\u0131z markan\u0131n sizinle olan kampanyan\u0131z\u0131 payla\u015f\u0131r ve bu sayede yeni m\u00fc\u015fteriler kazanabilirsiniz.<\/p>\n<p><img loading=\"lazy\" decoding=\"async\" class=\"wp-image-56408 size-medium aligncenter\" src=\"https:\/\/earnado.com\/tr\/wp-content\/uploads\/2022\/08\/5-300x150.png\" alt=\"\u0131nstagram anket yapma\" width=\"300\" height=\"150\" srcset=\"https:\/\/earnado.com\/tr\/wp-content\/uploads\/2022\/08\/5-300x150.png 300w, https:\/\/earnado.com\/tr\/wp-content\/uploads\/2022\/08\/5.png 700w\" sizes=\"(max-width: 300px) 100vw, 300px\" \/><\/p>\n<h3><strong>Kitlenizin G\u00f6r\u00fc\u015flerine \u00d6nem Verin<\/strong><\/h3>\n<p>Instagram\u2019da kitlenizin g\u00f6r\u00fc\u015flerine \u00f6nem vermek olduk\u00e7a \u00f6nemlidir. \u015eikayetlerini \u00f6nemsemek, sorular\u0131na yan\u0131t vermek gerekir. \u00d6rne\u011fin, markan\u0131z ile ilgili olan bir m\u00fc\u015fteriniz payla\u015f\u0131mlar\u0131n\u0131z\u0131n alt\u0131na \u015fik\u00e2yet yorumunu g\u00f6rd\u00fc\u011f\u00fcn\u00fczde yan\u0131tlaman\u0131z gerekir. \u0130lgili bir sat\u0131c\u0131 oldu\u011funuzu hissettirmeniz bu durumdaki en \u00f6nemli husustur. E\u011fer ger\u00e7ekten takip\u00e7iniz hakl\u0131ysa durumu telafi etmek gerekmektedir. Ayn\u0131 \u015fekilde mesaj kutunuza d\u00fc\u015fen sorulara da cevap vermek gerekir. Instagram&#8217;da sad\u0131k kitle olu\u015fturmak isteyen kullan\u0131c\u0131lar i\u00e7in bir di\u011fer \u00f6nerimiz, anketler ve testler d\u00fczenlemeniz olacakt\u0131r. Bu sayede hem takip\u00e7ilerinizle olan ileti\u015fiminizi aktif tutabilirsiniz, nelerden ho\u015fland\u0131klar\u0131 veya neleri sevdikleri gibi bilgileri toplayabilirsiniz hem de takip\u00e7ilerinizin fikrini alabilirsiniz ve onlar\u0131n g\u00f6r\u00fc\u015flerine \u00f6nem verdi\u011finizi hissettirmi\u015f olursunuz. Kitleniz ile ileti\u015fiminizi g\u00fc\u00e7lendirmek i\u00e7in samimi ve ilgili davranman\u0131z gerekir. Bu y\u00f6ntem Instagram\u2019da sad\u0131k kitleye ula\u015fman\u0131n yollar\u0131ndan biridir. D\u00fczenleyece\u011finiz canl\u0131 yay\u0131n videolar\u0131 ile takip\u00e7ileriniz ile sohbet edebilme imkan\u0131n\u0131 yakalayabilirsiniz. Yay\u0131nlar\u0131n\u0131zda sizin veya markan\u0131zla ilgili merak ettikleri sorular\u0131 cevaplayabilme imkan\u0131n\u0131 yakalayabilirsiniz.<\/p>\n<p>\u0130lgili i\u00e7erik;<a href=\"https:\/\/earnado.com\/tr\/marka-iletisimi-nasil-yapilmali\/\">https:\/\/earnado.com\/tr\/marka-iletisimi-nasil-yapilmali\/<\/a><\/p>\n","protected":false},"excerpt":{"rendered":"<p>Instagram hesab\u0131n\u0131z\u0131 aktif kulland\u0131\u011f\u0131n\u0131z bir i\u015fletme hesab\u0131n\u0131z, ki\u015fisel hesab\u0131n\u0131z veya i\u00e7erik \u00fcretti\u011finiz bir hesab\u0131n\u0131z var ise sad\u0131k bir kitleye sahip olman\u0131z size kolayl\u0131k sa\u011flayacakt\u0131r. Yapt\u0131\u011f\u0131n\u0131z \u00e7al\u0131\u015fmalar\u0131n, \u00fcretti\u011finiz \u00fcr\u00fcnlerin ve foto\u011fraflar\u0131n\u0131z\u0131 g\u00f6r\u00fcnt\u00fcleyen sad\u0131k bir kitlenizin olmas\u0131 son derece \u00f6nemlidir. Etkile\u015fiminizin s\u00fcreklili\u011fini&#8230;<\/p>\n","protected":false},"author":399,"featured_media":56404,"comment_status":"open","ping_status":"open","sticky":false,"template":"","format":"standard","meta":{"footnotes":""},"categories":[34],"tags":[],"class_list":["post-56402","post","type-post","status-publish","format-standard","has-post-thumbnail","hentry","category-reklam-yonetimi"],"yoast_head":"<!-- This site is optimized with the Yoast SEO plugin v22.7 - https:\/\/yoast.com\/wordpress\/plugins\/seo\/ -->\n<title>Instagram\u2019da Sad\u0131k Kitleye Nas\u0131l Ula\u015f\u0131l\u0131r? - Earnado<\/title>\n<meta name=\"description\" content=\"Instagram&#039;da sad\u0131k kitleye nas\u0131l ula\u015f\u0131l\u0131r, yap\u0131lmas\u0131 gereken p\u00fcf noktalar nelerdir diye d\u00fc\u015f\u00fcn\u00fcyorsan\u0131z bu i\u00e7erik tam sizin g\u00f6re!\" \/>\n<meta name=\"robots\" content=\"index, follow, max-snippet:-1, max-image-preview:large, max-video-preview:-1\" \/>\n<link rel=\"canonical\" href=\"https:\/\/earnado.com\/tr\/instagramda-sadik-kitleye-nasil-ulasilir\/\" \/>\n<meta property=\"og:locale\" content=\"tr_TR\" \/>\n<meta property=\"og:type\" content=\"article\" \/>\n<meta property=\"og:title\" content=\"Instagram\u2019da Sad\u0131k Kitleye Nas\u0131l Ula\u015f\u0131l\u0131r? - Earnado\" \/>\n<meta property=\"og:description\" content=\"Instagram&#039;da sad\u0131k kitleye nas\u0131l ula\u015f\u0131l\u0131r, yap\u0131lmas\u0131 gereken p\u00fcf noktalar nelerdir diye d\u00fc\u015f\u00fcn\u00fcyorsan\u0131z bu i\u00e7erik tam sizin g\u00f6re!\" \/>\n<meta property=\"og:url\" content=\"https:\/\/earnado.com\/tr\/instagramda-sadik-kitleye-nasil-ulasilir\/\" \/>\n<meta property=\"og:site_name\" content=\"Earnado\" \/>\n<meta property=\"article:published_time\" content=\"2023-01-05T14:01:55+00:00\" \/>\n<meta property=\"article:modified_time\" content=\"2026-02-27T19:40:00+00:00\" \/>\n<meta property=\"og:image\" content=\"https:\/\/earnado.com\/tr\/wp-content\/uploads\/2022\/08\/1-2.png\" \/>\n\t<meta property=\"og:image:width\" content=\"700\" \/>\n\t<meta property=\"og:image:height\" content=\"350\" \/>\n\t<meta property=\"og:image:type\" content=\"image\/png\" \/>\n<meta name=\"author\" content=\"Elif Batuk\" \/>\n<meta name=\"twitter:card\" content=\"summary_large_image\" \/>\n<meta name=\"twitter:label1\" content=\"Yazan:\" \/>\n\t<meta name=\"twitter:data1\" content=\"Elif Batuk\" \/>\n\t<meta name=\"twitter:label2\" content=\"Tahmini okuma s\u00fcresi\" \/>\n\t<meta name=\"twitter:data2\" content=\"9 dakika\" \/>\n<script type=\"application\/ld+json\" class=\"yoast-schema-graph\">{\"@context\":\"https:\/\/schema.org\",\"@graph\":[{\"@type\":\"WebPage\",\"@id\":\"https:\/\/earnado.com\/tr\/instagramda-sadik-kitleye-nasil-ulasilir\/\",\"url\":\"https:\/\/earnado.com\/tr\/instagramda-sadik-kitleye-nasil-ulasilir\/\",\"name\":\"Instagram\u2019da Sad\u0131k Kitleye Nas\u0131l Ula\u015f\u0131l\u0131r? - Earnado\",\"isPartOf\":{\"@id\":\"https:\/\/earnado.com\/tr\/#website\"},\"primaryImageOfPage\":{\"@id\":\"https:\/\/earnado.com\/tr\/instagramda-sadik-kitleye-nasil-ulasilir\/#primaryimage\"},\"image\":{\"@id\":\"https:\/\/earnado.com\/tr\/instagramda-sadik-kitleye-nasil-ulasilir\/#primaryimage\"},\"thumbnailUrl\":\"https:\/\/earnado.com\/tr\/wp-content\/uploads\/2022\/08\/1-2.png\",\"datePublished\":\"2023-01-05T14:01:55+00:00\",\"dateModified\":\"2026-02-27T19:40:00+00:00\",\"author\":{\"@id\":\"https:\/\/earnado.com\/tr\/#\/schema\/person\/c0ece6be0383e393d9480785c2687bb2\"},\"description\":\"Instagram'da sad\u0131k kitleye nas\u0131l ula\u015f\u0131l\u0131r, yap\u0131lmas\u0131 gereken p\u00fcf noktalar nelerdir diye d\u00fc\u015f\u00fcn\u00fcyorsan\u0131z bu i\u00e7erik tam sizin g\u00f6re!\",\"inLanguage\":\"tr\",\"potentialAction\":[{\"@type\":\"ReadAction\",\"target\":[\"https:\/\/earnado.com\/tr\/instagramda-sadik-kitleye-nasil-ulasilir\/\"]}]},{\"@type\":\"ImageObject\",\"inLanguage\":\"tr\",\"@id\":\"https:\/\/earnado.com\/tr\/instagramda-sadik-kitleye-nasil-ulasilir\/#primaryimage\",\"url\":\"https:\/\/earnado.com\/tr\/wp-content\/uploads\/2022\/08\/1-2.png\",\"contentUrl\":\"https:\/\/earnado.com\/tr\/wp-content\/uploads\/2022\/08\/1-2.png\",\"width\":700,\"height\":350,\"caption\":\"Instagram\u2019da Sad\u0131k Kitleye Nas\u0131l Ula\u015f\u0131l\u0131r?\"},{\"@type\":\"WebSite\",\"@id\":\"https:\/\/earnado.com\/tr\/#website\",\"url\":\"https:\/\/earnado.com\/tr\/\",\"name\":\"Earnado\",\"description\":\"\u0130\u015finizi Kafan\u0131zda De\u011fil \u0130nternette B\u00fcy\u00fct\u00fcn!\",\"potentialAction\":[{\"@type\":\"SearchAction\",\"target\":{\"@type\":\"EntryPoint\",\"urlTemplate\":\"https:\/\/earnado.com\/tr\/?s={search_term_string}\"},\"query-input\":\"required name=search_term_string\"}],\"inLanguage\":\"tr\"},{\"@type\":\"Person\",\"@id\":\"https:\/\/earnado.com\/tr\/#\/schema\/person\/c0ece6be0383e393d9480785c2687bb2\",\"name\":\"Elif Batuk\",\"image\":{\"@type\":\"ImageObject\",\"inLanguage\":\"tr\",\"@id\":\"https:\/\/earnado.com\/tr\/#\/schema\/person\/image\/\",\"url\":\"https:\/\/secure.gravatar.com\/avatar\/49162a49580202094c780c5c0ee51863a7d376223647689e3443a41e39ffedd2?s=96&d=mm&r=g\",\"contentUrl\":\"https:\/\/secure.gravatar.com\/avatar\/49162a49580202094c780c5c0ee51863a7d376223647689e3443a41e39ffedd2?s=96&d=mm&r=g\",\"caption\":\"Elif Batuk\"},\"url\":\"https:\/\/earnado.com\/tr\/author\/eliffbatukk\/\"}]}<\/script>\n<!-- \/ Yoast SEO plugin. -->","yoast_head_json":{"title":"Instagram\u2019da Sad\u0131k Kitleye Nas\u0131l Ula\u015f\u0131l\u0131r? - Earnado","description":"Instagram'da sad\u0131k kitleye nas\u0131l ula\u015f\u0131l\u0131r, yap\u0131lmas\u0131 gereken p\u00fcf noktalar nelerdir diye d\u00fc\u015f\u00fcn\u00fcyorsan\u0131z bu i\u00e7erik tam sizin g\u00f6re!","robots":{"index":"index","follow":"follow","max-snippet":"max-snippet:-1","max-image-preview":"max-image-preview:large","max-video-preview":"max-video-preview:-1"},"canonical":"https:\/\/earnado.com\/tr\/instagramda-sadik-kitleye-nasil-ulasilir\/","og_locale":"tr_TR","og_type":"article","og_title":"Instagram\u2019da Sad\u0131k Kitleye Nas\u0131l Ula\u015f\u0131l\u0131r? - Earnado","og_description":"Instagram'da sad\u0131k kitleye nas\u0131l ula\u015f\u0131l\u0131r, yap\u0131lmas\u0131 gereken p\u00fcf noktalar nelerdir diye d\u00fc\u015f\u00fcn\u00fcyorsan\u0131z bu i\u00e7erik tam sizin g\u00f6re!","og_url":"https:\/\/earnado.com\/tr\/instagramda-sadik-kitleye-nasil-ulasilir\/","og_site_name":"Earnado","article_published_time":"2023-01-05T14:01:55+00:00","article_modified_time":"2026-02-27T19:40:00+00:00","og_image":[{"width":700,"height":350,"url":"https:\/\/earnado.com\/tr\/wp-content\/uploads\/2022\/08\/1-2.png","type":"image\/png"}],"author":"Elif Batuk","twitter_card":"summary_large_image","twitter_misc":{"Yazan:":"Elif Batuk","Tahmini okuma s\u00fcresi":"9 dakika"},"schema":{"@context":"https:\/\/schema.org","@graph":[{"@type":"WebPage","@id":"https:\/\/earnado.com\/tr\/instagramda-sadik-kitleye-nasil-ulasilir\/","url":"https:\/\/earnado.com\/tr\/instagramda-sadik-kitleye-nasil-ulasilir\/","name":"Instagram\u2019da Sad\u0131k Kitleye Nas\u0131l Ula\u015f\u0131l\u0131r? - Earnado","isPartOf":{"@id":"https:\/\/earnado.com\/tr\/#website"},"primaryImageOfPage":{"@id":"https:\/\/earnado.com\/tr\/instagramda-sadik-kitleye-nasil-ulasilir\/#primaryimage"},"image":{"@id":"https:\/\/earnado.com\/tr\/instagramda-sadik-kitleye-nasil-ulasilir\/#primaryimage"},"thumbnailUrl":"https:\/\/earnado.com\/tr\/wp-content\/uploads\/2022\/08\/1-2.png","datePublished":"2023-01-05T14:01:55+00:00","dateModified":"2026-02-27T19:40:00+00:00","author":{"@id":"https:\/\/earnado.com\/tr\/#\/schema\/person\/c0ece6be0383e393d9480785c2687bb2"},"description":"Instagram'da sad\u0131k kitleye nas\u0131l ula\u015f\u0131l\u0131r, yap\u0131lmas\u0131 gereken p\u00fcf noktalar nelerdir diye d\u00fc\u015f\u00fcn\u00fcyorsan\u0131z bu i\u00e7erik tam sizin g\u00f6re!","inLanguage":"tr","potentialAction":[{"@type":"ReadAction","target":["https:\/\/earnado.com\/tr\/instagramda-sadik-kitleye-nasil-ulasilir\/"]}]},{"@type":"ImageObject","inLanguage":"tr","@id":"https:\/\/earnado.com\/tr\/instagramda-sadik-kitleye-nasil-ulasilir\/#primaryimage","url":"https:\/\/earnado.com\/tr\/wp-content\/uploads\/2022\/08\/1-2.png","contentUrl":"https:\/\/earnado.com\/tr\/wp-content\/uploads\/2022\/08\/1-2.png","width":700,"height":350,"caption":"Instagram\u2019da Sad\u0131k Kitleye Nas\u0131l Ula\u015f\u0131l\u0131r?"},{"@type":"WebSite","@id":"https:\/\/earnado.com\/tr\/#website","url":"https:\/\/earnado.com\/tr\/","name":"Earnado","description":"\u0130\u015finizi Kafan\u0131zda De\u011fil \u0130nternette B\u00fcy\u00fct\u00fcn!","potentialAction":[{"@type":"SearchAction","target":{"@type":"EntryPoint","urlTemplate":"https:\/\/earnado.com\/tr\/?s={search_term_string}"},"query-input":"required name=search_term_string"}],"inLanguage":"tr"},{"@type":"Person","@id":"https:\/\/earnado.com\/tr\/#\/schema\/person\/c0ece6be0383e393d9480785c2687bb2","name":"Elif Batuk","image":{"@type":"ImageObject","inLanguage":"tr","@id":"https:\/\/earnado.com\/tr\/#\/schema\/person\/image\/","url":"https:\/\/secure.gravatar.com\/avatar\/49162a49580202094c780c5c0ee51863a7d376223647689e3443a41e39ffedd2?s=96&d=mm&r=g","contentUrl":"https:\/\/secure.gravatar.com\/avatar\/49162a49580202094c780c5c0ee51863a7d376223647689e3443a41e39ffedd2?s=96&d=mm&r=g","caption":"Elif Batuk"},"url":"https:\/\/earnado.com\/tr\/author\/eliffbatukk\/"}]}},"_links":{"self":[{"href":"https:\/\/earnado.com\/tr\/wp-json\/wp\/v2\/posts\/56402","targetHints":{"allow":["GET"]}}],"collection":[{"href":"https:\/\/earnado.com\/tr\/wp-json\/wp\/v2\/posts"}],"about":[{"href":"https:\/\/earnado.com\/tr\/wp-json\/wp\/v2\/types\/post"}],"author":[{"embeddable":true,"href":"https:\/\/earnado.com\/tr\/wp-json\/wp\/v2\/users\/399"}],"replies":[{"embeddable":true,"href":"https:\/\/earnado.com\/tr\/wp-json\/wp\/v2\/comments?post=56402"}],"version-history":[{"count":12,"href":"https:\/\/earnado.com\/tr\/wp-json\/wp\/v2\/posts\/56402\/revisions"}],"predecessor-version":[{"id":56470,"href":"https:\/\/earnado.com\/tr\/wp-json\/wp\/v2\/posts\/56402\/revisions\/56470"}],"wp:featuredmedia":[{"embeddable":true,"href":"https:\/\/earnado.com\/tr\/wp-json\/wp\/v2\/media\/56404"}],"wp:attachment":[{"href":"https:\/\/earnado.com\/tr\/wp-json\/wp\/v2\/media?parent=56402"}],"wp:term":[{"taxonomy":"category","embeddable":true,"href":"https:\/\/earnado.com\/tr\/wp-json\/wp\/v2\/categories?post=56402"},{"taxonomy":"post_tag","embeddable":true,"href":"https:\/\/earnado.com\/tr\/wp-json\/wp\/v2\/tags?post=56402"}],"curies":[{"name":"wp","href":"https:\/\/api.w.org\/{rel}","templated":true}]}}