{"id":56430,"date":"2023-01-05T16:05:29","date_gmt":"2023-01-05T13:05:29","guid":{"rendered":"http:\/\/earnado.com\/tr\/?p=56430"},"modified":"2026-02-27T22:40:48","modified_gmt":"2026-02-27T19:40:48","slug":"instagram-sayfa-duzeni-nasil-olusturulur","status":"publish","type":"post","link":"https:\/\/earnado.com\/tr\/instagram-sayfa-duzeni-nasil-olusturulur\/","title":{"rendered":"Instagram Sayfa D\u00fczeni Nas\u0131l Olu\u015fturulur?"},"content":{"rendered":"\t\t<div data-elementor-type=\"wp-post\" data-elementor-id=\"56430\" class=\"elementor elementor-56430\">\n\t\t\t\t\t\t<section class=\"elementor-section elementor-top-section elementor-element elementor-element-35638097 elementor-section-boxed elementor-section-height-default elementor-section-height-default\" data-id=\"35638097\" data-element_type=\"section\">\n\t\t\t\t\t\t<div class=\"elementor-container elementor-column-gap-default\">\n\t\t\t\t\t<div class=\"elementor-column elementor-col-100 elementor-top-column elementor-element elementor-element-1d2407ab\" data-id=\"1d2407ab\" data-element_type=\"column\">\n\t\t\t<div class=\"elementor-widget-wrap elementor-element-populated\">\n\t\t\t\t\t\t<div class=\"elementor-element elementor-element-4f524b85 elementor-widget elementor-widget-text-editor\" data-id=\"4f524b85\" data-element_type=\"widget\" data-widget_type=\"text-editor.default\">\n\t\t\t\t<div class=\"elementor-widget-container\">\n\t\t\t<style>\/*! elementor - v3.21.0 - 08-05-2024 *\/\n.elementor-widget-text-editor.elementor-drop-cap-view-stacked .elementor-drop-cap{background-color:#69727d;color:#fff}.elementor-widget-text-editor.elementor-drop-cap-view-framed .elementor-drop-cap{color:#69727d;border:3px solid;background-color:transparent}.elementor-widget-text-editor:not(.elementor-drop-cap-view-default) .elementor-drop-cap{margin-top:8px}.elementor-widget-text-editor:not(.elementor-drop-cap-view-default) .elementor-drop-cap-letter{width:1em;height:1em}.elementor-widget-text-editor .elementor-drop-cap{float:left;text-align:center;line-height:1;font-size:50px}.elementor-widget-text-editor .elementor-drop-cap-letter{display:inline-block}<\/style>\t\t\t\tuMerhaba, bug\u00fcn isntagram sayfa d\u00fczenini \u00f6\u011frenece\u011fiz.Her alanda oldu\u011fu gibi instagram sayfan\u0131zda da iyi bir \u00e7al\u0131\u015fma ve emek kar\u015f\u0131l\u0131\u011f\u0131 sonu\u00e7 al\u0131rs\u0131n\u0131z. Ama bazen \u00e7ok \u00e7al\u0131\u015f\u0131rs\u0131n\u0131z elinizden geleni yapt\u0131\u011f\u0131n\u0131z\u0131 d\u00fc\u015f\u00fcn\u00fcr olumlu sonu\u00e7 alamazs\u0131n\u0131z. Sak\u0131n \u00fcz\u00fclmeyin sizin i\u00e7in buraday\u0131z bu noktada yapman\u0131z gereken \u015fey bilin\u00e7li bir \u015fekilde \u00e7al\u0131\u015fmakt\u0131r. Hangi alana odaklan\u0131rsan\u0131z odaklan\u0131n o alan\u0131n inceliklerini \u00f6\u011frenmek i\u00e7in \u00e7al\u0131\u015fmak ilk hedefiniz olsun. Haydi \u015fimdi gelin konunun temellerinden ba\u015flayarak birlikte instagram sayfa d\u00fczeninin inceliklerini \u00f6\u011frenelim.\r\n\r\n<img fetchpriority=\"high\" decoding=\"async\" class=\"alignnone wp-image-56432 size-full\" src=\"https:\/\/earnado.com\/tr\/wp-content\/uploads\/2022\/08\/Instagram-sayfa-duzeni-1.png\" alt=\"\" width=\"700\" height=\"350\" srcset=\"https:\/\/earnado.com\/tr\/wp-content\/uploads\/2022\/08\/Instagram-sayfa-duzeni-1.png 700w, https:\/\/earnado.com\/tr\/wp-content\/uploads\/2022\/08\/Instagram-sayfa-duzeni-1-300x150.png 300w\" sizes=\"(max-width: 700px) 100vw, 700px\" \/>\r\n<h1>Kaliteli Bir Instagram Sayfas\u0131 \u0130\u00e7in Uygulamalar<\/h1>\r\n<img decoding=\"async\" class=\"alignnone wp-image-56439 size-full\" src=\"https:\/\/earnado.com\/tr\/wp-content\/uploads\/2022\/08\/instagram3.png\" alt=\"\" width=\"700\" height=\"350\" srcset=\"https:\/\/earnado.com\/tr\/wp-content\/uploads\/2022\/08\/instagram3.png 700w, https:\/\/earnado.com\/tr\/wp-content\/uploads\/2022\/08\/instagram3-300x150.png 300w\" sizes=\"(max-width: 700px) 100vw, 700px\" \/>,\r\n\r\nInstagram , t\u00fcm d\u00fcnyada ve \u00fclkemizde pop\u00fclerli\u011fi \u00e7ok fazla olan bir platform. Bu platform \u00fccretsiz foto\u011fraf ve video payla\u015fmam\u0131za yani medya y\u00fcklememize izin veren bir uygulama. Bu medyalar\u0131 bir\u00e7ok yolla d\u00fczenleyebiliyoruz filtreler, Hashtag&#8217;ler ve co\u011frafi etiketlemeler bunlar\u0131n \u00f6rne\u011fi. Peki bu medyalar\u0131 d\u00fczenledikten sonras\u0131? Bundan sonra medyam\u0131z\u0131 estetik k\u0131lmak geliyor ve bu yolda en ba\u015fta filtreler geliyor. Filtreler instagram\u0131n kendi sundu\u011fu veya say\u0131s\u0131z uygulamayla yapabilece\u011finiz d\u00fczenleyicilerdir. Son zamanlarda ise yeni aray\u0131\u015flar var art\u0131k kullan\u0131c\u0131lar grid isimli bir y\u00f6ntem ile sayfalar\u0131n\u0131 daha b\u00fcy\u00fck bir uyum i\u00e7erisinde sunuyor. Grid k\u0131saca kullan\u0131c\u0131n\u0131n sayfa d\u00fczenlemesine yard\u0131mc\u0131 olan bir y\u00f6ntem. Grid tasar\u0131mlar sayfa d\u00fczenini sa\u011flamak i\u00e7in \u00e7er\u00e7eve g\u00f6revi g\u00f6r\u00fcr. \u015eimdi sizlere grid d\u00fczeni sa\u011flayabilece\u011finiz uygulama \u00f6rnekleri verece\u011fim\r\n<h3>Preview<\/h3>\r\n<img decoding=\"async\" class=\"alignnone wp-image-56444 size-full\" src=\"https:\/\/earnado.com\/tr\/wp-content\/uploads\/2022\/08\/Adsiz-tasarim.png7_.png\" alt=\"preview uygulama\" width=\"700\" height=\"350\" srcset=\"https:\/\/earnado.com\/tr\/wp-content\/uploads\/2022\/08\/Adsiz-tasarim.png7_.png 700w, https:\/\/earnado.com\/tr\/wp-content\/uploads\/2022\/08\/Adsiz-tasarim.png7_-300x150.png 300w\" sizes=\"(max-width: 700px) 100vw, 700px\" \/>\r\n\r\nInstagram sayfa d\u00fczeninize yard\u0131mc\u0131 olan bu uygulama g\u00f6nderilerinizi d\u00fczenlemek i\u00e7in harika bir yol.Mobil ve masa\u00fcst\u00fc se\u00e7enekleri bulunan uygulama android ve ios se\u00e7eneklerine sahip.\r\n\r\nLink:<a href=\"https:\/\/thepreviewapp.com\">https:\/\/thepreviewapp.com<\/a>\r\n<h3>Plann<\/h3>\r\n<img loading=\"lazy\" decoding=\"async\" class=\"alignnone wp-image-56445 size-full\" src=\"https:\/\/earnado.com\/tr\/wp-content\/uploads\/2022\/08\/plannuygulama.png\" alt=\"pllannuygulama\" width=\"700\" height=\"350\" srcset=\"https:\/\/earnado.com\/tr\/wp-content\/uploads\/2022\/08\/plannuygulama.png 700w, https:\/\/earnado.com\/tr\/wp-content\/uploads\/2022\/08\/plannuygulama-300x150.png 300w\" sizes=\"(max-width: 700px) 100vw, 700px\" \/>\r\n\r\nSayfa d\u00fczeninizin yan\u0131nda i\u00e7erik analizleri de sunanbir uygulamad\u0131r. Plann&#8217;a android ve ios i\u015fletim sistemine sahip cihazlar\u0131n\u0131zdan ula\u015fabilirsiniz.\r\n\r\nIos i\u00e7in link:<a href=\"https:\/\/apps.apple.com\/us\/app\/feedr-instagram-feed-planner\/id1217137670\">https:\/\/apps.apple.com\/us\/app\/feedr-instagram-feed-planner\/id1217137670<\/a>\r\n\r\nAndroid i\u00e7in link:<a href=\"https:\/\/play.google.com\/store\/apps\/details?id=com.webhaus.planyourgramScheduler&amp;hl=en_US&amp;gl=US\">https:\/\/play.google.com\/store\/apps\/details?id=com.webhaus.planyourgramScheduler&amp;hl=en_US&amp;gl=US<\/a>\r\n<h3>Feedr<\/h3>\r\n<img loading=\"lazy\" decoding=\"async\" class=\"alignnone wp-image-56446 size-full\" src=\"https:\/\/earnado.com\/tr\/wp-content\/uploads\/2022\/08\/feedruygulamasi.png\" alt=\"feedruygulamas\u0131\" width=\"700\" height=\"350\" srcset=\"https:\/\/earnado.com\/tr\/wp-content\/uploads\/2022\/08\/feedruygulamasi.png 700w, https:\/\/earnado.com\/tr\/wp-content\/uploads\/2022\/08\/feedruygulamasi-300x150.png 300w\" sizes=\"(max-width: 700px) 100vw, 700px\" \/>\r\n\r\nInstagram sayfa d\u00fczeninizi minumum saklama alan\u0131 kaplayarak sa\u011flar.\r\n\r\nIos i\u00e7in link:<a href=\"https:\/\/apps.apple.com\/us\/app\/feedr-instagram-feed-planner\/id1217137670\">https:\/\/apps.apple.com\/us\/app\/feedr-instagram-feed-planner\/id1217137670<\/a>\r\n<h2>Yay\u0131nlad\u0131\u011f\u0131n\u0131z Medyalar\u0131n D\u00fczenini Belirli Tutun<\/h2>\r\n<img loading=\"lazy\" decoding=\"async\" class=\"alignnone wp-image-56447 size-full\" src=\"https:\/\/earnado.com\/tr\/wp-content\/uploads\/2022\/08\/Adsiz-tasarim.png8_.png\" alt=\"\" width=\"700\" height=\"350\" srcset=\"https:\/\/earnado.com\/tr\/wp-content\/uploads\/2022\/08\/Adsiz-tasarim.png8_.png 700w, https:\/\/earnado.com\/tr\/wp-content\/uploads\/2022\/08\/Adsiz-tasarim.png8_-300x150.png 300w\" sizes=\"(max-width: 700px) 100vw, 700px\" \/>\r\n\r\nBu noktadan sonra anlatacaklar\u0131m\u0131 preview uygulamas\u0131 i\u00e7in anlataca\u011f\u0131m. \u00d6ncelikle karar vermeniz gereken \u015fey yay\u0131n\u0131n\u0131z\u0131n ak\u0131\u015f d\u00fczeninin nas\u0131l olaca\u011f\u0131d\u0131r.\u00c7\u00fcnk\u00fc kullan\u0131c\u0131lar karma\u015f\u0131k ve d\u00fczenden yoksun sayfalar\u0131 takip etmezler. Fakat \u00fczerinde d\u00fc\u015f\u00fcn\u00fcl\u00fcp yarat\u0131lan ve belli bir kalite alt\u0131na d\u00fc\u015fmeyen d\u00fczene sahip \u00a0sayfalar\u0131n takip\u00e7i kazanmamas\u0131 i\u00e7in bir neden bulamay\u0131z. Preview \u00fczerinde 7 adet d\u00fczen vard\u0131r. Haydi \u015fimdi bu 7 d\u00fczeni g\u00f6relim.\r\n<ol>\r\n \t<li>G\u00f6kku\u015fa\u011f\u0131<\/li>\r\n \t<li>\u00c7er\u00e7eve<\/li>\r\n \t<li>Kare<\/li>\r\n \t<li>\u00c7apraz<\/li>\r\n \t<li>Ortada \u00e7izgi<\/li>\r\n \t<li>S\u0131radan s\u0131raya<\/li>\r\n \t<li>Mozaik<\/li>\r\n<\/ol>\r\n<img loading=\"lazy\" decoding=\"async\" class=\"alignnone wp-image-56448 size-full\" src=\"https:\/\/earnado.com\/tr\/wp-content\/uploads\/2022\/08\/instagram-sayfa8.png\" alt=\"\" width=\"700\" height=\"350\" srcset=\"https:\/\/earnado.com\/tr\/wp-content\/uploads\/2022\/08\/instagram-sayfa8.png 700w, https:\/\/earnado.com\/tr\/wp-content\/uploads\/2022\/08\/instagram-sayfa8-300x150.png 300w\" sizes=\"(max-width: 700px) 100vw, 700px\" \/>\r\n\r\n\u0130lginizi \u00e7ekebilir:<a href=\"https:\/\/earnado.com\/tr\/instagram-tanitimi-yapma-ve-reklam-verme\/\">https:\/\/earnado.com\/tr\/instagram-tanitimi-yapma-ve-reklam-verme\/<\/a>\r\n<h2>Tek Bir Filtreyi De\u011fi\u015ftirmeden Kullan\u0131n<\/h2>\r\n<img loading=\"lazy\" decoding=\"async\" class=\"alignnone wp-image-56449 size-full\" src=\"https:\/\/earnado.com\/tr\/wp-content\/uploads\/2022\/08\/Adsiz-tasarim.png10.png\" alt=\"\" width=\"700\" height=\"350\" srcset=\"https:\/\/earnado.com\/tr\/wp-content\/uploads\/2022\/08\/Adsiz-tasarim.png10.png 700w, https:\/\/earnado.com\/tr\/wp-content\/uploads\/2022\/08\/Adsiz-tasarim.png10-300x150.png 300w\" sizes=\"(max-width: 700px) 100vw, 700px\" \/>\r\n\r\nInstagram filtreleri hem g\u00f6nderi hem de story k\u0131sm\u0131nda kulland\u0131\u011f\u0131m\u0131z, foto\u011fraf ve videolar\u0131m\u0131za uygulad\u0131\u011f\u0131m\u0131z efektlerdir.Bu \u00f6zellik \u00e7ok sevildi\u011finden instagram y\u00f6neticileri s\u00fcrekli yeni filtreler \u00e7\u0131kar\u0131r veya var olanlar\u0131 g\u00fcncellerler.Fakat biz tek bir filtreyi belirleyip art\u0131k o filtreyi kullanaca\u011f\u0131z. Peki instagram g\u00f6nderi filtreleri nas\u0131l uygulan\u0131r. Bu konuda yapman\u0131z takip etmeniz gereken ad\u0131mlar \u015funlard\u0131r.\r\n<ul>\r\n \t<li>Instagram profilinize girin<\/li>\r\n \t<li>Profilinizde sa\u011f yukar\u0131daki kare i\u00e7indeki art\u0131ya t\u0131klay\u0131n<\/li>\r\n \t<li>Galerinizden payla\u015fmak istedi\u011finiz foto\u011fraf veya foto\u011fraflar\u0131 se\u00e7in<\/li>\r\n \t<li>Yukar\u0131daki ad\u0131m\u0131 ge\u00e7tikten sonra filtreler k\u0131sm\u0131 \u00f6n\u00fcn\u00fcze \u00e7\u0131kacak \u015fimdi belirledi\u011finiz filtreyi se\u00e7ebilirsiniz.<\/li>\r\n<\/ul>\r\n<h3>Renk Uyumlar\u0131na Dikkat Edin<\/h3>\r\n<img loading=\"lazy\" decoding=\"async\" class=\"alignnone wp-image-56450 size-full\" src=\"https:\/\/earnado.com\/tr\/wp-content\/uploads\/2022\/08\/Adsiz-tasarim.png11.png\" alt=\"\" width=\"700\" height=\"350\" srcset=\"https:\/\/earnado.com\/tr\/wp-content\/uploads\/2022\/08\/Adsiz-tasarim.png11.png 700w, https:\/\/earnado.com\/tr\/wp-content\/uploads\/2022\/08\/Adsiz-tasarim.png11-300x150.png 300w\" sizes=\"(max-width: 700px) 100vw, 700px\" \/>\r\n\r\nG\u00f6rsel ileti\u015fimde bir\u00e7ok ara\u00e7 kullan\u0131r\u0131z bunlar\u0131n tart\u0131\u015fmas\u0131z en \u00f6nemlileri de renklerdir.Sosyal mecralar renkleri ak\u0131ll\u0131ca kullanarak hedef kitlelerini yakalayan firmalar ile doludur. Son y\u0131llarda g\u00f6nderilerde koyu renk yeri a\u00e7\u0131k renk, \u00e7oklu renkler yerine tek bask\u0131n bir renk, canl\u0131 renkler yerine ise soft renkler kullan\u0131l\u0131r.\r\n<ul>\r\n \t<li><strong>Birbirine uygun renk paletleri<\/strong><\/li>\r\n<\/ul>\r\nBirbirine z\u0131t renkler tamamlay\u0131c\u0131 olarak tan\u0131mlan\u0131rlar ve bu renkleri kulland\u0131\u011f\u0131m\u0131zda z\u0131tl\u0131ktan do\u011fan \u00e7ekicili\u011fi kullan\u0131r\u0131z.\r\n<ul>\r\n \t<li><strong>Analog renk paletleri<\/strong><\/li>\r\n<\/ul>\r\nRenk skalas\u0131nda yak\u0131n bulunan renklerin kullan\u0131lmas\u0131yla olur.\r\n<ul>\r\n \t<li><strong>Monokramatik paletler<\/strong><\/li>\r\n<\/ul>\r\nBelirli bir rengin tonlar\u0131 ile yap\u0131l\u0131r.\r\n<ul>\r\n \t<li><strong>N\u00f6tr sade tonlarda paletler<\/strong><\/li>\r\n<\/ul>\r\nGri, beyaz ve kahvenin tonlar\u0131ndan olu\u015fan renk paletleridir\r\n\r\nInstagram i\u00e7in konu\u015facak olursak yan yana gelen foto\u011fraflar\u0131m\u0131z\u0131 benzer renklerden olu\u015fturursak kullan\u0131c\u0131lar sayfam\u0131za bakt\u0131\u011f\u0131nda renk karma\u015fas\u0131 ile kar\u015f\u0131la\u015fmay\u0131p g\u00f6z yorgunlu\u011fu \u00e7ekmezler. Buna dikkat edip uyumlu bir sayfa olu\u015fturdu\u011fumuzda kullan\u0131c\u0131lar\u0131n dikkatini de iyi y\u00f6nde \u00e7ekmeyi ba\u015far\u0131r\u0131z.\r\n<h3>Do\u011fal I\u015f\u0131k Kullanmaya Dikkat Edin<\/h3>\r\n<img loading=\"lazy\" decoding=\"async\" class=\"alignnone wp-image-56452 size-full\" src=\"https:\/\/earnado.com\/tr\/wp-content\/uploads\/2022\/08\/dogal-isik.png\" alt=\"\" width=\"700\" height=\"350\" srcset=\"https:\/\/earnado.com\/tr\/wp-content\/uploads\/2022\/08\/dogal-isik.png 700w, https:\/\/earnado.com\/tr\/wp-content\/uploads\/2022\/08\/dogal-isik-300x150.png 300w\" sizes=\"(max-width: 700px) 100vw, 700px\" \/>\r\n\r\n\u0130nsan\u0131n alg\u0131 ve d\u00fc\u015f\u00fcncelerini etkileyen olgulardan biri de \u0131\u015f\u0131kt\u0131r. I\u015f\u0131k insan\u0131n nas\u0131l hissetti\u011finden duygular\u0131na kadar bir\u00e7ok parametrelerini etkiler. Ayr\u0131ca foto\u011fraf netli\u011fini sa\u011flamak i\u00e7in de \u0131\u015f\u0131k gereklidir. I\u015f\u0131\u011f\u0131n inceliklerini anlayarak g\u00f6nderi olarak payla\u015fmak i\u00e7in \u00e7ekti\u011fimiz foto\u011fraflara yans\u0131tmak istedi\u011fimiz duygu ve d\u00fc\u015f\u00fcnceleri ge\u00e7iririz. Do\u011fal \u0131\u015f\u0131k foto\u011fraf\u00e7\u0131l\u0131kta \u00f6ncelikli tercihtir. Do\u011fal \u0131\u015f\u0131\u011f\u0131 kullanmak i\u00e7inse \u00f6ncelikle g\u00fcne\u015fin a\u00e7\u0131s\u0131, mevsimsel \u00f6zellikleri ve g\u00fcn i\u00e7erisinde saate g\u00f6re konumunu iyi bir \u015fekilde ara\u015ft\u0131r\u0131p \u00f6\u011frenmeliyiz. Foto\u011fraf kalitesini en \u00e7ok etkileyen maddeler ise hava durumu ve saat dilimleridir. G\u00fcn i\u00e7erisinde her saatte g\u00fcne\u015f \u0131\u015f\u0131\u011f\u0131 farkl\u0131 kontrast ve doygunluk seviyelerine sahiptir. Bu seviyeler foto\u011fraflar\u0131 tamamlar ve ruh verir bu y\u00fczden kontras\u0131n foto\u011fraf\u0131 nas\u0131l etkileyece\u011fi iyice d\u00fc\u015f\u00fcn\u00fcl\u00fcp planlanmal\u0131s\u0131n\u0131z.\r\n\r\nG\u00fcn do\u011fumuyla birlikte g\u00fcne\u015f ufuktan y\u00fckselmeye ba\u015flar ve \u00a0yo\u011fun beyaz bir \u0131\u015f\u0131k \u00e7evreye hakim oldu\u011funu g\u00f6r\u00fcrs\u00fcn\u00fcz. A\u00e7\u0131k g\u00f6ky\u00fcz\u00fcnde g\u00fcne\u015f tepeye yakla\u015ft\u0131\u011f\u0131nda \u0131\u015f\u0131k sertle\u015fir, ayd\u0131nl\u0131k ve koyu alanlar aras\u0131ndaki kontrast da artar. G\u00f6lge k\u0131sa, derin ve keskin olur. Bir konuyu tan\u0131mlamak i\u00e7in g\u00f6lgeler kullanmak olduk\u00e7a iyidir. Fakat k\u0131sa g\u00f6lgeler genelde foto\u011fraflamak istedi\u011finiz objenin derinli\u011fini azaltarak d\u00fcz g\u00f6r\u00fcnmesine yol a\u00e7ar. Sert \u0131\u015f\u0131\u011f\u0131n portre \u00e7ekimlerinde modelin y\u00fcz\u00fcnde olu\u015fturdu\u011fu g\u00f6lgeler estetik a\u00e7\u0131dan ho\u015f g\u00f6r\u00fcnmedi\u011fi i\u00e7in \u00e7ok az tercih edeceksinizdir.\r\n\r\n\u00c7ekim yapmak i\u00e7in \u015fartlar\u0131n zor olsa da uygun konumlar\u0131 buldu\u011fumuzda \u00e7arp\u0131c\u0131 foto\u011fraflar olu\u015fturmak i\u00e7in f\u0131rsatlar da buluruz.\u00a0G\u00fcn\u00fcn en g\u00fczel \u0131\u015f\u0131\u011f\u0131 \u015f\u00fcphesiz g\u00fcn do\u011fumundan hemen sonra ve g\u00fcn bat\u0131m\u0131ndan hemen \u00f6nceki alt\u0131n saatlerdir. Bu zamanlar i\u00e7erisinde g\u00fcne\u015ften gelen yo\u011funluk azald\u0131\u011f\u0131ndan, d\u00fczg\u00fcn pozlanm\u0131\u015f ve soft g\u00f6lgelere sahip foto\u011fraflar elde etmeniz kolay olacakt\u0131r. G\u00fcne\u015fin en al\u00e7ak oldu\u011fu bu zaman dilimindeki \u0131\u015f\u0131k olduk\u00e7a yumu\u015fakt\u0131r. Ayr\u0131ca ho\u015f bir kontrast d\u00fczeyi ve s\u0131cak renkler sunar. G\u00f6lgeler uzun ve g\u00f6rkemlidir. G\u00f6lgeler ayn\u0131 zamanda objeyi tan\u0131mlaman\u0131za ve foto\u011fraf\u0131n\u0131z\u0131n derinlik kazanmas\u0131na katk\u0131da bulunur. Alt\u0131n saatler yumu\u015fak \u0131\u015f\u0131k portre ve manzara \u00e7ekimleri i\u00e7in m\u00fckemmeldir.\r\n<h3>Foto\u011fraflar\u0131n\u0131z\u0131 K\u0131rpma \u015eeklinizi De\u011fi\u015ftirmeyin<\/h3>\r\n<img loading=\"lazy\" decoding=\"async\" class=\"alignnone wp-image-56453 size-full\" src=\"https:\/\/earnado.com\/tr\/wp-content\/uploads\/2022\/08\/Adsiz-tasarim.png-12.png\" alt=\"\" width=\"700\" height=\"350\" srcset=\"https:\/\/earnado.com\/tr\/wp-content\/uploads\/2022\/08\/Adsiz-tasarim.png-12.png 700w, https:\/\/earnado.com\/tr\/wp-content\/uploads\/2022\/08\/Adsiz-tasarim.png-12-300x150.png 300w\" sizes=\"(max-width: 700px) 100vw, 700px\" \/>\r\n\r\nYine d\u00fczenden bahsetmeye devam ediyoruz. Daha \u00f6nce de de\u011findi\u011fimiz gibi sayfam\u0131z\u0131 ziyaret eden kullan\u0131c\u0131lar\u0131n g\u00f6z karma\u015fas\u0131 ya\u015famamas\u0131 ve sayfan\u0131n ziyaret say\u0131s\u0131n\u0131n artmas\u0131 i\u00e7in d\u00fczen \u00f6nemli. Foto\u011fraflar\u0131n\u0131z\u0131 hep ayn\u0131 \u00f6l\u00e7\u00fcde k\u0131rpmal\u0131s\u0131n\u0131z, e\u011fer \u00e7er\u00e7eve kullan\u0131yorsan\u0131z bu \u00e7er\u00e7evenin de renk ve \u00f6l\u00e7\u00fcs\u00fcn\u00fc ayn\u0131 tutmal\u0131s\u0131n\u0131z. Unutmay\u0131n i\u015fin s\u0131rr\u0131 bu k\u00fc\u00e7\u00fck ayr\u0131nt\u0131larda sakl\u0131. Bu noktada ayr\u0131nt\u0131lar\u0131 g\u00f6zetmek sizin y\u00fcksek faydan\u0131za olaca\u011f\u0131 tart\u0131\u015f\u0131lmazd\u0131r.\r\n<h4>Foto\u011fraflar\u0131n\u0131z\u0131 \u0130ncelikle Konumland\u0131r\u0131n<\/h4>\r\n<img loading=\"lazy\" decoding=\"async\" class=\"alignnone wp-image-56454 size-full\" src=\"https:\/\/earnado.com\/tr\/wp-content\/uploads\/2022\/08\/Adsiz-tasarim.png13.png\" alt=\"\" width=\"700\" height=\"350\" srcset=\"https:\/\/earnado.com\/tr\/wp-content\/uploads\/2022\/08\/Adsiz-tasarim.png13.png 700w, https:\/\/earnado.com\/tr\/wp-content\/uploads\/2022\/08\/Adsiz-tasarim.png13-300x150.png 300w\" sizes=\"(max-width: 700px) 100vw, 700px\" \/>\r\n\r\nTeman\u0131z do\u011frultusunda payla\u015faca\u011f\u0131n\u0131z foto\u011fraflar aras\u0131ndaki ak\u0131\u015f\u0131n p\u00fcr\u00fczs\u00fcz olmas\u0131n\u0131 sa\u011flaman\u0131z gerekiyor. Baz\u0131 Instagram hesaplar\u0131 neden m\u00fckemmel g\u00f6r\u00fcn\u00fcme sebebi budur. Bu hesaplar iyi g\u00f6r\u00fcn\u00fcr \u00e7\u00fcnk\u00fc hesaplar\u0131n sahipleri hangi foto\u011fraf\u0131 hangi konuma koyacaklar\u0131n\u0131 ustal\u0131kla hesapl\u0131yorlar.\r\n\r\n\u015eimdi konuyu biraz daha a\u00e7al\u0131m:\r\n\r\nSadece tek temal\u0131 bir Instagram hesab\u0131n\u0131z olmad\u0131\u011f\u0131 s\u00fcrece ayn\u0131 temal\u0131 foto\u011fraflar\u0131n\u0131z\u0131 yan yana koymay\u0131n. Bunun yerine bu temalar\u0131 yay\u0131n ak\u0131\u015f\u0131n\u0131za yaymay\u0131 deneyin. Ayn\u0131 temadaki foto\u011fraflar\u0131 birbirinden ay\u0131r\u0131p hesab\u0131n\u0131za yayd\u0131\u011f\u0131n\u0131zda \u00e7ok daha dengeli g\u00f6r\u00fcnen bir Instagram profiline sahip olursunuz. Zaten ula\u015fman\u0131z gereken ama\u00e7 da bu dengeyi kurmakt\u0131r.\r\n\r\n\u0130nsan g\u00f6z\u00fc, dengeyi kuran yay\u0131n ak\u0131\u015flar\u0131n\u0131 inceler ve bu hesaplardaki i\u00e7eriklerin keyfine var\u0131r. Bir kahvenin yan\u0131na tekrar ba\u015fka bir kahve foto\u011fraf\u0131 koyarsan\u0131z ziyaret\u00e7ileriniz sayfan\u0131zdan s\u0131k\u0131l\u0131r ve s\u0131k\u0131c\u0131 bir profile sahip oldu\u011funuzu d\u00fc\u015f\u00fcn\u00fclebilirler.\r\n\r\nBir kafenin, \u00a0fincan veya bardak \u00fcreten bir markan\u0131n Instagram hesab\u0131n\u0131 y\u00f6netiyorsan\u0131z bu sizin mono teman\u0131z olabilir elbette. Fakat bu, s\u00fcrekli kahve ve fincan foto\u011fraf\u0131 payla\u015fmaktan ba\u015fka \u00e7areniz olmad\u0131\u011f\u0131 anlam\u0131na gelmez. Foto\u011fraflar\u0131n\u0131zda yarat\u0131c\u0131l\u0131\u011f\u0131 yakalamaya \u00e7al\u0131\u015f\u0131n.\r\n<h4>Bir Tema Se\u00e7in<\/h4>\r\n<img loading=\"lazy\" decoding=\"async\" class=\"alignnone wp-image-56455 size-full\" src=\"https:\/\/earnado.com\/tr\/wp-content\/uploads\/2022\/08\/Adsiz-tasarim.png-14.png\" alt=\"\" width=\"700\" height=\"350\" srcset=\"https:\/\/earnado.com\/tr\/wp-content\/uploads\/2022\/08\/Adsiz-tasarim.png-14.png 700w, https:\/\/earnado.com\/tr\/wp-content\/uploads\/2022\/08\/Adsiz-tasarim.png-14-300x150.png 300w\" sizes=\"(max-width: 700px) 100vw, 700px\" \/>\r\n\r\nHesab\u0131n\u0131z\u0131n karekterini se\u00e7ti\u011finiz tema belirler. Bir\u00e7ok tema se\u00e7ebilirsiniz co\u015fku, h\u00fcz\u00fcn, beyaz, gotiklik, romantizm&#8230; Tema veya temalar\u0131n\u0131z\u0131 se\u00e7tikten sonra t\u00fcm sayfan\u0131z\u0131 se\u00e7ti\u011finiz tema veya temalar \u00fczerine kuracaks\u0131n\u0131z. B\u00f6ylelikle sayfan\u0131z\u0131 bir b\u00fct\u00fcn olarak tutmak i\u00e7in elinizde bir rota olacak.\u00a0Se\u00e7ece\u011finiz bu tema veya temalar ; i\u00e7eri\u011finizi ve hikayenizi \u00a0olu\u015fturacak. Preview uygulamas\u0131n\u0131 kullanarak farkl\u0131 temalar se\u00e7ip olu\u015fturabilece\u011finizi unutmay\u0131n. \u0130lham alarak ve stilinizi se\u00e7in veya geli\u015ftirin. Se\u00e7ti\u011finiz veya geli\u015ftirdi\u011finiz stile sad\u0131k kal\u0131n.\r\n<h4>Y\u00fcksek Kaliteli Foto\u011fraf Her Zaman Kazan\u0131r<\/h4>\r\n<img loading=\"lazy\" decoding=\"async\" class=\"alignnone wp-image-56456 size-full\" src=\"https:\/\/earnado.com\/tr\/wp-content\/uploads\/2022\/08\/Adsiz-tasarim.png-15.png\" alt=\"\" width=\"700\" height=\"350\" srcset=\"https:\/\/earnado.com\/tr\/wp-content\/uploads\/2022\/08\/Adsiz-tasarim.png-15.png 700w, https:\/\/earnado.com\/tr\/wp-content\/uploads\/2022\/08\/Adsiz-tasarim.png-15-300x150.png 300w\" sizes=\"(max-width: 700px) 100vw, 700px\" \/>\r\n\r\nFoto\u011fraf payla\u015f\u0131rken iyi kaliteye sahip bir foto\u011fraf olmas\u0131na \u00f6zen g\u00f6stermelisiniz. Peki bunu nas\u0131l yapabilirsiniz?\r\n<ul>\r\n \t<li>Kulland\u0131\u011f\u0131n\u0131z cihaz\u0131n\u0131z\u0131n \u00f6n kameras\u0131n\u0131 kullanarak foto\u011fraf \u00e7ekmeyin. \u00c7\u00fcnk\u00fc \u00f6n kamera d\u00fc\u015f\u00fck kaliteli foto\u011fraflar \u00e7eker.<\/li>\r\n \t<li>Kulland\u0131\u011f\u0131n\u0131z cihaz\u0131n\u0131z\u0131n arka kameras\u0131n\u0131 kullanarak foto\u011fraf \u00e7ekin. \u00c7\u00fcnk\u00fc arka kameran\u0131n \u00f6zellikleri ve piksel seviyesi daha y\u00fcksektir.<\/li>\r\n \t<li>Ekran g\u00f6r\u00fcnt\u00fcs\u00fcyle foto\u011fraf payla\u015fmay\u0131n. Bu i\u015flem foto\u011fraf\u0131n kalitesini d\u00fc\u015f\u00fcr\u00fcr.<\/li>\r\n \t<li>Ekran resmi yerine Preview uygulamas\u0131n\u0131n repost \u00f6zelli\u011fini kullanarak daha \u00f6nce payla\u015fm\u0131\u015f oldu\u011funuz bir foto\u011fraf\u0131 kaliteli \u015fekilde tekrar payla\u015fabilirsiniz.<\/li>\r\n \t<li>Preview uygulamas\u0131ndaki Foto Edit\u00f6r\u00fc\u2019ne (Photo Editor) girerek. Foto\u011fraf\u0131n\u0131z\u0131n kalitesini otomatik olarak art\u0131rmak i\u00e7in enhance butonuna t\u0131klay\u0131n.<\/li>\r\n<\/ul>\r\n<h4>Kendinizden \u00d6d\u00fcn Vermeyin<\/h4>\r\n\u0130\u00e7inize sinmeyen hi\u00e7bir g\u00f6nderiyi payla\u015fmak zorunda de\u011filsiniz kendiniz olun ve size anlatt\u0131\u011f\u0131m y\u00f6ntemler ile kitlenizin size geli\u015fini izleyin.\r\n\r\n&nbsp;\r\n\r\n&nbsp;\r\n\r\n&nbsp;\r\n\r\n&nbsp;\r\n\r\n&nbsp;\r\n\r\n&nbsp;\r\n\r\n&nbsp;\r\n\r\n&nbsp;\r\n\r\n&nbsp;\r\n\r\n&nbsp;\r\n\r\n&nbsp;\t\t\t\t\t\t<\/div>\n\t\t\t\t<\/div>\n\t\t\t\t\t<\/div>\n\t\t<\/div>\n\t\t\t\t\t<\/div>\n\t\t<\/section>\n\t\t\t\t<\/div>\n\t\t","protected":false},"excerpt":{"rendered":"<p>uMerhaba, bug\u00fcn isntagram sayfa d\u00fczenini \u00f6\u011frenece\u011fiz.Her alanda oldu\u011fu gibi instagram sayfan\u0131zda da iyi bir \u00e7al\u0131\u015fma ve emek kar\u015f\u0131l\u0131\u011f\u0131 sonu\u00e7 al\u0131rs\u0131n\u0131z. Ama bazen \u00e7ok \u00e7al\u0131\u015f\u0131rs\u0131n\u0131z elinizden geleni yapt\u0131\u011f\u0131n\u0131z\u0131 d\u00fc\u015f\u00fcn\u00fcr olumlu sonu\u00e7 alamazs\u0131n\u0131z. Sak\u0131n \u00fcz\u00fclmeyin sizin i\u00e7in buraday\u0131z bu noktada yapman\u0131z gereken&#8230;<\/p>\n","protected":false},"author":409,"featured_media":56433,"comment_status":"open","ping_status":"open","sticky":false,"template":"","format":"standard","meta":{"footnotes":""},"categories":[58],"tags":[],"class_list":["post-56430","post","type-post","status-publish","format-standard","has-post-thumbnail","hentry","category-dijital-pazarlama"],"yoast_head":"<!-- This site is optimized with the Yoast SEO plugin v22.7 - https:\/\/yoast.com\/wordpress\/plugins\/seo\/ -->\n<title>Instagram Sayfa D\u00fczeni Nas\u0131l Olu\u015fturulur? - Earnado<\/title>\n<meta name=\"description\" content=\"Instagram sayfa d\u00fczeni nas\u0131l olu\u015fturulur, ayr\u0131nt\u0131larda kaybolmadan, en iyi \u015fekilde \u00f6\u011frenmek i\u00e7in beklemeyin. Haydi hemen ba\u015flay\u0131n!\" \/>\n<meta name=\"robots\" content=\"index, follow, max-snippet:-1, max-image-preview:large, max-video-preview:-1\" \/>\n<link rel=\"canonical\" href=\"https:\/\/earnado.com\/tr\/instagram-sayfa-duzeni-nasil-olusturulur\/\" \/>\n<meta property=\"og:locale\" content=\"tr_TR\" \/>\n<meta property=\"og:type\" content=\"article\" \/>\n<meta property=\"og:title\" content=\"Instagram Sayfa D\u00fczeni Nas\u0131l Olu\u015fturulur? - Earnado\" \/>\n<meta property=\"og:description\" content=\"Instagram sayfa d\u00fczeni nas\u0131l olu\u015fturulur, ayr\u0131nt\u0131larda kaybolmadan, en iyi \u015fekilde \u00f6\u011frenmek i\u00e7in beklemeyin. Haydi hemen ba\u015flay\u0131n!\" \/>\n<meta property=\"og:url\" content=\"https:\/\/earnado.com\/tr\/instagram-sayfa-duzeni-nasil-olusturulur\/\" \/>\n<meta property=\"og:site_name\" content=\"Earnado\" \/>\n<meta property=\"article:published_time\" content=\"2023-01-05T13:05:29+00:00\" \/>\n<meta property=\"article:modified_time\" content=\"2026-02-27T19:40:48+00:00\" \/>\n<meta property=\"og:image\" content=\"https:\/\/earnado.com\/tr\/wp-content\/uploads\/2022\/08\/sayfa-duzeni-2.png\" \/>\n\t<meta property=\"og:image:width\" content=\"700\" \/>\n\t<meta property=\"og:image:height\" content=\"350\" \/>\n\t<meta property=\"og:image:type\" content=\"image\/png\" \/>\n<meta name=\"author\" content=\"Ceren T\u00fcrko\u011flu\" \/>\n<meta name=\"twitter:card\" content=\"summary_large_image\" \/>\n<meta name=\"twitter:label1\" content=\"Yazan:\" \/>\n\t<meta name=\"twitter:data1\" content=\"Ceren T\u00fcrko\u011flu\" \/>\n\t<meta name=\"twitter:label2\" content=\"Tahmini okuma s\u00fcresi\" \/>\n\t<meta name=\"twitter:data2\" content=\"11 dakika\" \/>\n<script type=\"application\/ld+json\" class=\"yoast-schema-graph\">{\"@context\":\"https:\/\/schema.org\",\"@graph\":[{\"@type\":\"WebPage\",\"@id\":\"https:\/\/earnado.com\/tr\/instagram-sayfa-duzeni-nasil-olusturulur\/\",\"url\":\"https:\/\/earnado.com\/tr\/instagram-sayfa-duzeni-nasil-olusturulur\/\",\"name\":\"Instagram Sayfa D\u00fczeni Nas\u0131l Olu\u015fturulur? - Earnado\",\"isPartOf\":{\"@id\":\"https:\/\/earnado.com\/tr\/#website\"},\"primaryImageOfPage\":{\"@id\":\"https:\/\/earnado.com\/tr\/instagram-sayfa-duzeni-nasil-olusturulur\/#primaryimage\"},\"image\":{\"@id\":\"https:\/\/earnado.com\/tr\/instagram-sayfa-duzeni-nasil-olusturulur\/#primaryimage\"},\"thumbnailUrl\":\"https:\/\/earnado.com\/tr\/wp-content\/uploads\/2022\/08\/sayfa-duzeni-2.png\",\"datePublished\":\"2023-01-05T13:05:29+00:00\",\"dateModified\":\"2026-02-27T19:40:48+00:00\",\"author\":{\"@id\":\"https:\/\/earnado.com\/tr\/#\/schema\/person\/737895949bb46ebc843012bee49e49d2\"},\"description\":\"Instagram sayfa d\u00fczeni nas\u0131l olu\u015fturulur, ayr\u0131nt\u0131larda kaybolmadan, en iyi \u015fekilde \u00f6\u011frenmek i\u00e7in beklemeyin. Haydi hemen ba\u015flay\u0131n!\",\"inLanguage\":\"tr\",\"potentialAction\":[{\"@type\":\"ReadAction\",\"target\":[\"https:\/\/earnado.com\/tr\/instagram-sayfa-duzeni-nasil-olusturulur\/\"]}]},{\"@type\":\"ImageObject\",\"inLanguage\":\"tr\",\"@id\":\"https:\/\/earnado.com\/tr\/instagram-sayfa-duzeni-nasil-olusturulur\/#primaryimage\",\"url\":\"https:\/\/earnado.com\/tr\/wp-content\/uploads\/2022\/08\/sayfa-duzeni-2.png\",\"contentUrl\":\"https:\/\/earnado.com\/tr\/wp-content\/uploads\/2022\/08\/sayfa-duzeni-2.png\",\"width\":700,\"height\":350},{\"@type\":\"WebSite\",\"@id\":\"https:\/\/earnado.com\/tr\/#website\",\"url\":\"https:\/\/earnado.com\/tr\/\",\"name\":\"Earnado\",\"description\":\"\u0130\u015finizi Kafan\u0131zda De\u011fil \u0130nternette B\u00fcy\u00fct\u00fcn!\",\"potentialAction\":[{\"@type\":\"SearchAction\",\"target\":{\"@type\":\"EntryPoint\",\"urlTemplate\":\"https:\/\/earnado.com\/tr\/?s={search_term_string}\"},\"query-input\":\"required name=search_term_string\"}],\"inLanguage\":\"tr\"},{\"@type\":\"Person\",\"@id\":\"https:\/\/earnado.com\/tr\/#\/schema\/person\/737895949bb46ebc843012bee49e49d2\",\"name\":\"Ceren T\u00fcrko\u011flu\",\"image\":{\"@type\":\"ImageObject\",\"inLanguage\":\"tr\",\"@id\":\"https:\/\/earnado.com\/tr\/#\/schema\/person\/image\/\",\"url\":\"https:\/\/secure.gravatar.com\/avatar\/005b7023be1fda1bca7e225e13b585aa859935e6888606824998358d7c7da65c?s=96&d=mm&r=g\",\"contentUrl\":\"https:\/\/secure.gravatar.com\/avatar\/005b7023be1fda1bca7e225e13b585aa859935e6888606824998358d7c7da65c?s=96&d=mm&r=g\",\"caption\":\"Ceren T\u00fcrko\u011flu\"},\"url\":\"https:\/\/earnado.com\/tr\/author\/cerenturkogglu\/\"}]}<\/script>\n<!-- \/ Yoast SEO plugin. -->","yoast_head_json":{"title":"Instagram Sayfa D\u00fczeni Nas\u0131l Olu\u015fturulur? - Earnado","description":"Instagram sayfa d\u00fczeni nas\u0131l olu\u015fturulur, ayr\u0131nt\u0131larda kaybolmadan, en iyi \u015fekilde \u00f6\u011frenmek i\u00e7in beklemeyin. Haydi hemen ba\u015flay\u0131n!","robots":{"index":"index","follow":"follow","max-snippet":"max-snippet:-1","max-image-preview":"max-image-preview:large","max-video-preview":"max-video-preview:-1"},"canonical":"https:\/\/earnado.com\/tr\/instagram-sayfa-duzeni-nasil-olusturulur\/","og_locale":"tr_TR","og_type":"article","og_title":"Instagram Sayfa D\u00fczeni Nas\u0131l Olu\u015fturulur? - Earnado","og_description":"Instagram sayfa d\u00fczeni nas\u0131l olu\u015fturulur, ayr\u0131nt\u0131larda kaybolmadan, en iyi \u015fekilde \u00f6\u011frenmek i\u00e7in beklemeyin. Haydi hemen ba\u015flay\u0131n!","og_url":"https:\/\/earnado.com\/tr\/instagram-sayfa-duzeni-nasil-olusturulur\/","og_site_name":"Earnado","article_published_time":"2023-01-05T13:05:29+00:00","article_modified_time":"2026-02-27T19:40:48+00:00","og_image":[{"width":700,"height":350,"url":"https:\/\/earnado.com\/tr\/wp-content\/uploads\/2022\/08\/sayfa-duzeni-2.png","type":"image\/png"}],"author":"Ceren T\u00fcrko\u011flu","twitter_card":"summary_large_image","twitter_misc":{"Yazan:":"Ceren T\u00fcrko\u011flu","Tahmini okuma s\u00fcresi":"11 dakika"},"schema":{"@context":"https:\/\/schema.org","@graph":[{"@type":"WebPage","@id":"https:\/\/earnado.com\/tr\/instagram-sayfa-duzeni-nasil-olusturulur\/","url":"https:\/\/earnado.com\/tr\/instagram-sayfa-duzeni-nasil-olusturulur\/","name":"Instagram Sayfa D\u00fczeni Nas\u0131l Olu\u015fturulur? - Earnado","isPartOf":{"@id":"https:\/\/earnado.com\/tr\/#website"},"primaryImageOfPage":{"@id":"https:\/\/earnado.com\/tr\/instagram-sayfa-duzeni-nasil-olusturulur\/#primaryimage"},"image":{"@id":"https:\/\/earnado.com\/tr\/instagram-sayfa-duzeni-nasil-olusturulur\/#primaryimage"},"thumbnailUrl":"https:\/\/earnado.com\/tr\/wp-content\/uploads\/2022\/08\/sayfa-duzeni-2.png","datePublished":"2023-01-05T13:05:29+00:00","dateModified":"2026-02-27T19:40:48+00:00","author":{"@id":"https:\/\/earnado.com\/tr\/#\/schema\/person\/737895949bb46ebc843012bee49e49d2"},"description":"Instagram sayfa d\u00fczeni nas\u0131l olu\u015fturulur, ayr\u0131nt\u0131larda kaybolmadan, en iyi \u015fekilde \u00f6\u011frenmek i\u00e7in beklemeyin. Haydi hemen ba\u015flay\u0131n!","inLanguage":"tr","potentialAction":[{"@type":"ReadAction","target":["https:\/\/earnado.com\/tr\/instagram-sayfa-duzeni-nasil-olusturulur\/"]}]},{"@type":"ImageObject","inLanguage":"tr","@id":"https:\/\/earnado.com\/tr\/instagram-sayfa-duzeni-nasil-olusturulur\/#primaryimage","url":"https:\/\/earnado.com\/tr\/wp-content\/uploads\/2022\/08\/sayfa-duzeni-2.png","contentUrl":"https:\/\/earnado.com\/tr\/wp-content\/uploads\/2022\/08\/sayfa-duzeni-2.png","width":700,"height":350},{"@type":"WebSite","@id":"https:\/\/earnado.com\/tr\/#website","url":"https:\/\/earnado.com\/tr\/","name":"Earnado","description":"\u0130\u015finizi Kafan\u0131zda De\u011fil \u0130nternette B\u00fcy\u00fct\u00fcn!","potentialAction":[{"@type":"SearchAction","target":{"@type":"EntryPoint","urlTemplate":"https:\/\/earnado.com\/tr\/?s={search_term_string}"},"query-input":"required name=search_term_string"}],"inLanguage":"tr"},{"@type":"Person","@id":"https:\/\/earnado.com\/tr\/#\/schema\/person\/737895949bb46ebc843012bee49e49d2","name":"Ceren T\u00fcrko\u011flu","image":{"@type":"ImageObject","inLanguage":"tr","@id":"https:\/\/earnado.com\/tr\/#\/schema\/person\/image\/","url":"https:\/\/secure.gravatar.com\/avatar\/005b7023be1fda1bca7e225e13b585aa859935e6888606824998358d7c7da65c?s=96&d=mm&r=g","contentUrl":"https:\/\/secure.gravatar.com\/avatar\/005b7023be1fda1bca7e225e13b585aa859935e6888606824998358d7c7da65c?s=96&d=mm&r=g","caption":"Ceren T\u00fcrko\u011flu"},"url":"https:\/\/earnado.com\/tr\/author\/cerenturkogglu\/"}]}},"_links":{"self":[{"href":"https:\/\/earnado.com\/tr\/wp-json\/wp\/v2\/posts\/56430","targetHints":{"allow":["GET"]}}],"collection":[{"href":"https:\/\/earnado.com\/tr\/wp-json\/wp\/v2\/posts"}],"about":[{"href":"https:\/\/earnado.com\/tr\/wp-json\/wp\/v2\/types\/post"}],"author":[{"embeddable":true,"href":"https:\/\/earnado.com\/tr\/wp-json\/wp\/v2\/users\/409"}],"replies":[{"embeddable":true,"href":"https:\/\/earnado.com\/tr\/wp-json\/wp\/v2\/comments?post=56430"}],"version-history":[{"count":5,"href":"https:\/\/earnado.com\/tr\/wp-json\/wp\/v2\/posts\/56430\/revisions"}],"predecessor-version":[{"id":59909,"href":"https:\/\/earnado.com\/tr\/wp-json\/wp\/v2\/posts\/56430\/revisions\/59909"}],"wp:featuredmedia":[{"embeddable":true,"href":"https:\/\/earnado.com\/tr\/wp-json\/wp\/v2\/media\/56433"}],"wp:attachment":[{"href":"https:\/\/earnado.com\/tr\/wp-json\/wp\/v2\/media?parent=56430"}],"wp:term":[{"taxonomy":"category","embeddable":true,"href":"https:\/\/earnado.com\/tr\/wp-json\/wp\/v2\/categories?post=56430"},{"taxonomy":"post_tag","embeddable":true,"href":"https:\/\/earnado.com\/tr\/wp-json\/wp\/v2\/tags?post=56430"}],"curies":[{"name":"wp","href":"https:\/\/api.w.org\/{rel}","templated":true}]}}