{"id":56976,"date":"2023-01-05T17:01:27","date_gmt":"2023-01-05T14:01:27","guid":{"rendered":"http:\/\/earnado.com\/tr\/?p=56976"},"modified":"2023-01-05T17:01:27","modified_gmt":"2023-01-05T14:01:27","slug":"dijital-itibar-nedir-nasil-yonetilir-metrikolog","status":"publish","type":"post","link":"https:\/\/earnado.com\/tr\/dijital-itibar-nedir-nasil-yonetilir-metrikolog\/","title":{"rendered":"Dijital \u0130tibar Nedir? Nas\u0131l Y\u00f6netilir? \/METR\u0130KOLOG"},"content":{"rendered":"<h1>Dijital \u0130tibar Nedir? Nas\u0131l Y\u00f6netilir?<\/h1>\n<p>Dijital itibar, ki\u015filerin, kurumlar\u0131n, markalar\u0131n ve ya hizmet sa\u011flay\u0131c\u0131lar\u0131n\u0131n kendilerini ve \u00fcr\u00fcnlerini dijital mecralarda tan\u0131tmak ve alg\u0131 y\u00f6netimini daha verimli k\u0131lmak i\u00e7in yap\u0131lan \u00e7al\u0131\u015fmalar\u0131n genel ad\u0131d\u0131r. Bu \u00e7al\u0131\u015fmalar bilin\u00e7li ve ya bilin\u00e7siz olarak yap\u0131labilir ve meydana getirdi\u011fi sonu\u00e7lar ise hizmet ve ya \u00fcr\u00fcnleri i\u00e7in olduk\u00e7a fazla \u00f6neme sahiptir.\u00a0 Dijitalde ki faaliyetlerin i\u015fletmelere katt\u0131\u011f\u0131 avantaj\u0131n fark\u0131nda olan i\u015fletmeler dijital d\u00fcnyada ki varl\u0131\u011f\u0131n\u0131 daha kal\u0131c\u0131 ve etkileyici k\u0131lmak i\u00e7in dijital itibarlar\u0131n\u0131n y\u00f6netimine olduk\u00e7a fazla \u00f6nem vermektedir.<\/p>\n<h2><img fetchpriority=\"high\" decoding=\"async\" class=\"alignnone wp-image-56987\" src=\"https:\/\/earnado.com\/tr\/wp-content\/uploads\/2022\/09\/dijital-itibar1-768x569-2-300x150.png\" alt=\"\" width=\"542\" height=\"271\" srcset=\"https:\/\/earnado.com\/tr\/wp-content\/uploads\/2022\/09\/dijital-itibar1-768x569-2-300x150.png 300w, https:\/\/earnado.com\/tr\/wp-content\/uploads\/2022\/09\/dijital-itibar1-768x569-2-768x384.png 768w, https:\/\/earnado.com\/tr\/wp-content\/uploads\/2022\/09\/dijital-itibar1-768x569-2.png 800w\" sizes=\"(max-width: 542px) 100vw, 542px\" \/><\/h2>\n<h2>Dijital \u0130tibar Neden Gereklidir ?<\/h2>\n<p>Dijital itibar\u0131n \u00f6nemi\u00a0 internet kullan\u0131m\u0131n\u0131n artmas\u0131yla do\u011fru orant\u0131l\u0131 olarak artmaktad\u0131r. G\u00fcn\u00fcm\u00fczde bir \u00fcr\u00fcn hizmet ve ya marka hakk\u0131nda bilgi almak, faaliyetlerinden haberdar olmak olduk\u00e7a m\u00fcmk\u00fcn. Muhtemel m\u00fc\u015fterilerin ve ya ula\u015fmak istedi\u011fimiz kitlenin \u00fcr\u00fcn ve ya hizmetlerimiz hakk\u0131nda daha detayl\u0131 bilgi almalar\u0131 m\u00fc\u015fterileri sat\u0131n alma noktas\u0131nda daha haz\u0131r bir hale getiriyor. Dolay\u0131s\u0131yla <strong>dijital itibar<\/strong> g\u00fcn\u00fcm\u00fcz itibariyle \u00f6nemini artt\u0131rarak devam etmektedir.<\/p>\n<p>&nbsp;<\/p>\n<p><img decoding=\"async\" class=\"alignnone wp-image-56988\" src=\"https:\/\/earnado.com\/tr\/wp-content\/uploads\/2022\/09\/dijital-itibar-780x470-4-300x150.png\" alt=\"\" width=\"662\" height=\"331\" srcset=\"https:\/\/earnado.com\/tr\/wp-content\/uploads\/2022\/09\/dijital-itibar-780x470-4-300x150.png 300w, https:\/\/earnado.com\/tr\/wp-content\/uploads\/2022\/09\/dijital-itibar-780x470-4-768x384.png 768w, https:\/\/earnado.com\/tr\/wp-content\/uploads\/2022\/09\/dijital-itibar-780x470-4.png 800w\" sizes=\"(max-width: 662px) 100vw, 662px\" \/><\/p>\n<h2>Dijital \u0130tibar Nas\u0131l Y\u00f6netilir ?<\/h2>\n<p>G\u00fcn\u00fcm\u00fczde internette yap\u0131lacak k\u0131sa bir ara\u015ft\u0131rma neticesinde markalara ait olumlu ya da olumsuz \u00e7ok fazla yorum, haber ve foto\u011frafla kar\u015f\u0131la\u015fabiliriz. Bu i\u00e7eriklerin dijital itibar\u0131m\u0131z\u0131 etkileyen fakt\u00f6rlerdir. Bu i\u00e7eriklerin do\u011fru y\u00f6netimi ve planlamas\u0131 markam\u0131za \u00e7ok g\u00fczel geri d\u00f6n\u00fc\u015fler sa\u011flayabilece\u011fi gibi markam\u0131za ciddi anlamda zararlarda getirebilir.<\/p>\n<p>Markan\u0131z ile ilgili pozitif i\u00e7eriklerinizi \u00f6ne \u00e7\u0131kar\u0131p dijital itibar\u0131n\u0131z\u0131n olumlu ya da olumsuz artmas\u0131na katk\u0131da bulunabilirsiniz. \u0130\u015f kalemleri aras\u0131nda <strong>dijital itibar y\u00f6netimi<\/strong> olan ajanslarla anla\u015fabilir ya da bizzat kendiniz vakit ay\u0131rarak dijital itibar\u0131n\u0131z\u0131 olumlu y\u00f6nde artt\u0131rabilirsiniz.<\/p>\n<p><img decoding=\"async\" class=\"alignnone wp-image-56989\" src=\"https:\/\/earnado.com\/tr\/wp-content\/uploads\/2022\/09\/dijital-itibar2-768x578-2-300x150.png\" alt=\"\" width=\"706\" height=\"353\" srcset=\"https:\/\/earnado.com\/tr\/wp-content\/uploads\/2022\/09\/dijital-itibar2-768x578-2-300x150.png 300w, https:\/\/earnado.com\/tr\/wp-content\/uploads\/2022\/09\/dijital-itibar2-768x578-2-768x384.png 768w, https:\/\/earnado.com\/tr\/wp-content\/uploads\/2022\/09\/dijital-itibar2-768x578-2.png 800w\" sizes=\"(max-width: 706px) 100vw, 706px\" \/><\/p>\n<h3>En Faydal\u0131 Dijital \u0130tibar Y\u00f6netimi i\u00e7in Yap\u0131labilecek \u00c7al\u0131\u015fmalar Nelerdir ?<\/h3>\n<p>&nbsp;<\/p>\n<ul>\n<li>Dijital Pr<\/li>\n<li>Web Sitesi Y\u00f6netimi<\/li>\n<li>Seo &amp; Sem<\/li>\n<li style=\"text-align: left;\">Sosyal Medya Y\u00f6netimi<\/li>\n<\/ul>\n<h3>Dijital PR<\/h3>\n<p>Mevcut dijital ileti\u015fim kanallar\u0131 \u00fczerinden yapaca\u011f\u0131n\u0131z reklam \u00e7al\u0131\u015fmalar\u0131 ile markan\u0131z hakk\u0131nda muhtemel m\u00fc\u015fterilerinize duyurmak istedi\u011finiz kampanya ve \u00fcr\u00fcnleriniz hakk\u0131nda bilgi verebilirsiniz.<\/p>\n<h3>Web sitesi Y\u00f6netimi<\/h3>\n<p>Web siteniz insanlara direk olarak ula\u015fabilece\u011finiz ve son kullan\u0131c\u0131yla aran\u0131zda kimsenin bulunmad\u0131\u011f\u0131 aland\u0131r. Burada m\u00fc\u015fterilerinizin ilgisine \u00e7ekecek i\u00e7erikler, haftal\u0131k b\u00fcltenler ,\u00a0 bir e ticaret sitesi ise kampanyalar d\u00fczenleyerek kullan\u0131c\u0131lar\u0131n\u0131z\u0131n web sitenize olan ba\u011fl\u0131l\u0131\u011f\u0131n\u0131 artt\u0131rabilirsiniz.<\/p>\n<h3>Seo &amp; Sem<\/h3>\n<p>Muhtemel m\u00fc\u015fterileriniz al\u0131\u015fveri\u015flerinden \u00f6nce arama motorlar\u0131ndan ara\u015ft\u0131rmalar yapmaktad\u0131r. Markan\u0131zla alakal\u0131 m\u00fc\u015fterilerinizim kar\u015f\u0131s\u0131na \u00e7\u0131karaca\u011f\u0131n\u0131z i\u00e7erikleri SEO &amp; SEM \u00e7al\u0131\u015fmalar\u0131n\u0131z ile i\u00e7eriklerinizi y\u00f6netebilirsiniz. Arama motorlar\u0131 i\u00e7erisinde kullan\u0131m\u0131 en yayg\u0131n olan Google Reklamlar\u0131\u00a0 ve Seo ile m\u00fc\u015fterilerinizin ilgisine \u00e7ekebilir ve dijital itibar\u0131n\u0131z\u0131 artt\u0131rabilirsiniz.<\/p>\n<h3>Sosyal Medya Y\u00f6netimi<\/h3>\n<p>Markan\u0131za ait bir sosyal medya hesab\u0131n\u0131z \u00fczerinden yapaca\u011f\u0131n\u0131z payla\u015f\u0131mlar\u0131 do\u011fru hedef kitlelere ula\u015ft\u0131rman\u0131z durumunda marka alg\u0131n\u0131z\u0131 \u00e7ok g\u00fczel \u015fekilde y\u00f6netebilirsiniz.<\/p>\n","protected":false},"excerpt":{"rendered":"<p>Dijital \u0130tibar Nedir? Nas\u0131l Y\u00f6netilir? Dijital itibar, ki\u015filerin, kurumlar\u0131n, markalar\u0131n ve ya hizmet sa\u011flay\u0131c\u0131lar\u0131n\u0131n kendilerini ve \u00fcr\u00fcnlerini dijital mecralarda tan\u0131tmak ve alg\u0131 y\u00f6netimini daha verimli k\u0131lmak i\u00e7in yap\u0131lan \u00e7al\u0131\u015fmalar\u0131n genel ad\u0131d\u0131r. Bu \u00e7al\u0131\u015fmalar bilin\u00e7li ve ya bilin\u00e7siz olarak yap\u0131labilir ve&#8230;<\/p>\n","protected":false},"author":431,"featured_media":0,"comment_status":"open","ping_status":"open","sticky":false,"template":"","format":"standard","meta":{"footnotes":""},"categories":[34],"tags":[],"class_list":["post-56976","post","type-post","status-publish","format-standard","hentry","category-reklam-yonetimi"],"yoast_head":"<!-- This site is optimized with the Yoast SEO plugin v22.7 - https:\/\/yoast.com\/wordpress\/plugins\/seo\/ -->\n<title>Dijital \u0130tibar Nedir? Nas\u0131l Y\u00f6netilir? \/METR\u0130KOLOG - Earnado<\/title>\n<meta name=\"robots\" content=\"index, follow, max-snippet:-1, max-image-preview:large, max-video-preview:-1\" \/>\n<link rel=\"canonical\" href=\"https:\/\/earnado.com\/tr\/dijital-itibar-nedir-nasil-yonetilir-metrikolog\/\" \/>\n<meta property=\"og:locale\" content=\"tr_TR\" \/>\n<meta property=\"og:type\" content=\"article\" \/>\n<meta property=\"og:title\" content=\"Dijital \u0130tibar Nedir? Nas\u0131l Y\u00f6netilir? \/METR\u0130KOLOG - Earnado\" \/>\n<meta property=\"og:description\" content=\"Dijital \u0130tibar Nedir? Nas\u0131l Y\u00f6netilir? Dijital itibar, ki\u015filerin, kurumlar\u0131n, markalar\u0131n ve ya hizmet sa\u011flay\u0131c\u0131lar\u0131n\u0131n kendilerini ve \u00fcr\u00fcnlerini dijital mecralarda tan\u0131tmak ve alg\u0131 y\u00f6netimini daha verimli k\u0131lmak i\u00e7in yap\u0131lan \u00e7al\u0131\u015fmalar\u0131n genel ad\u0131d\u0131r. Bu \u00e7al\u0131\u015fmalar bilin\u00e7li ve ya bilin\u00e7siz olarak yap\u0131labilir ve...\" \/>\n<meta property=\"og:url\" content=\"https:\/\/earnado.com\/tr\/dijital-itibar-nedir-nasil-yonetilir-metrikolog\/\" \/>\n<meta property=\"og:site_name\" content=\"Earnado\" \/>\n<meta property=\"article:published_time\" content=\"2023-01-05T14:01:27+00:00\" \/>\n<meta property=\"og:image\" content=\"http:\/\/earnado.com\/tr\/wp-content\/uploads\/2022\/09\/dijital-itibar1-768x569-2-300x150.png\" \/>\n<meta name=\"author\" content=\"Musa Emiro\u011flu\" \/>\n<meta name=\"twitter:card\" content=\"summary_large_image\" \/>\n<meta name=\"twitter:label1\" content=\"Yazan:\" \/>\n\t<meta name=\"twitter:data1\" content=\"Musa Emiro\u011flu\" \/>\n\t<meta name=\"twitter:label2\" content=\"Tahmini okuma s\u00fcresi\" \/>\n\t<meta name=\"twitter:data2\" content=\"3 dakika\" \/>\n<script type=\"application\/ld+json\" class=\"yoast-schema-graph\">{\"@context\":\"https:\/\/schema.org\",\"@graph\":[{\"@type\":\"WebPage\",\"@id\":\"https:\/\/earnado.com\/tr\/dijital-itibar-nedir-nasil-yonetilir-metrikolog\/\",\"url\":\"https:\/\/earnado.com\/tr\/dijital-itibar-nedir-nasil-yonetilir-metrikolog\/\",\"name\":\"Dijital \u0130tibar Nedir? Nas\u0131l Y\u00f6netilir? \/METR\u0130KOLOG - Earnado\",\"isPartOf\":{\"@id\":\"https:\/\/earnado.com\/tr\/#website\"},\"primaryImageOfPage\":{\"@id\":\"https:\/\/earnado.com\/tr\/dijital-itibar-nedir-nasil-yonetilir-metrikolog\/#primaryimage\"},\"image\":{\"@id\":\"https:\/\/earnado.com\/tr\/dijital-itibar-nedir-nasil-yonetilir-metrikolog\/#primaryimage\"},\"thumbnailUrl\":\"http:\/\/earnado.com\/tr\/wp-content\/uploads\/2022\/09\/dijital-itibar1-768x569-2-300x150.png\",\"datePublished\":\"2023-01-05T14:01:27+00:00\",\"dateModified\":\"2023-01-05T14:01:27+00:00\",\"author\":{\"@id\":\"https:\/\/earnado.com\/tr\/#\/schema\/person\/0004da011f7f0f7b4d97987f16a67795\"},\"inLanguage\":\"tr\",\"potentialAction\":[{\"@type\":\"ReadAction\",\"target\":[\"https:\/\/earnado.com\/tr\/dijital-itibar-nedir-nasil-yonetilir-metrikolog\/\"]}]},{\"@type\":\"ImageObject\",\"inLanguage\":\"tr\",\"@id\":\"https:\/\/earnado.com\/tr\/dijital-itibar-nedir-nasil-yonetilir-metrikolog\/#primaryimage\",\"url\":\"https:\/\/earnado.com\/tr\/wp-content\/uploads\/2022\/09\/dijital-itibar1-768x569-2.png\",\"contentUrl\":\"https:\/\/earnado.com\/tr\/wp-content\/uploads\/2022\/09\/dijital-itibar1-768x569-2.png\",\"width\":800,\"height\":400},{\"@type\":\"WebSite\",\"@id\":\"https:\/\/earnado.com\/tr\/#website\",\"url\":\"https:\/\/earnado.com\/tr\/\",\"name\":\"Earnado\",\"description\":\"\u0130\u015finizi Kafan\u0131zda De\u011fil \u0130nternette B\u00fcy\u00fct\u00fcn!\",\"potentialAction\":[{\"@type\":\"SearchAction\",\"target\":{\"@type\":\"EntryPoint\",\"urlTemplate\":\"https:\/\/earnado.com\/tr\/?s={search_term_string}\"},\"query-input\":\"required name=search_term_string\"}],\"inLanguage\":\"tr\"},{\"@type\":\"Person\",\"@id\":\"https:\/\/earnado.com\/tr\/#\/schema\/person\/0004da011f7f0f7b4d97987f16a67795\",\"name\":\"Musa Emiro\u011flu\",\"image\":{\"@type\":\"ImageObject\",\"inLanguage\":\"tr\",\"@id\":\"https:\/\/earnado.com\/tr\/#\/schema\/person\/image\/\",\"url\":\"https:\/\/secure.gravatar.com\/avatar\/7433b4787168269ecb9591e4dc6b4900729cb334afafa361c7de9b8690acb7a9?s=96&d=mm&r=g\",\"contentUrl\":\"https:\/\/secure.gravatar.com\/avatar\/7433b4787168269ecb9591e4dc6b4900729cb334afafa361c7de9b8690acb7a9?s=96&d=mm&r=g\",\"caption\":\"Musa Emiro\u011flu\"},\"url\":\"https:\/\/earnado.com\/tr\/author\/musaemirogluu\/\"}]}<\/script>\n<!-- \/ Yoast SEO plugin. -->","yoast_head_json":{"title":"Dijital \u0130tibar Nedir? Nas\u0131l Y\u00f6netilir? \/METR\u0130KOLOG - Earnado","robots":{"index":"index","follow":"follow","max-snippet":"max-snippet:-1","max-image-preview":"max-image-preview:large","max-video-preview":"max-video-preview:-1"},"canonical":"https:\/\/earnado.com\/tr\/dijital-itibar-nedir-nasil-yonetilir-metrikolog\/","og_locale":"tr_TR","og_type":"article","og_title":"Dijital \u0130tibar Nedir? Nas\u0131l Y\u00f6netilir? \/METR\u0130KOLOG - Earnado","og_description":"Dijital \u0130tibar Nedir? Nas\u0131l Y\u00f6netilir? Dijital itibar, ki\u015filerin, kurumlar\u0131n, markalar\u0131n ve ya hizmet sa\u011flay\u0131c\u0131lar\u0131n\u0131n kendilerini ve \u00fcr\u00fcnlerini dijital mecralarda tan\u0131tmak ve alg\u0131 y\u00f6netimini daha verimli k\u0131lmak i\u00e7in yap\u0131lan \u00e7al\u0131\u015fmalar\u0131n genel ad\u0131d\u0131r. Bu \u00e7al\u0131\u015fmalar bilin\u00e7li ve ya bilin\u00e7siz olarak yap\u0131labilir ve...","og_url":"https:\/\/earnado.com\/tr\/dijital-itibar-nedir-nasil-yonetilir-metrikolog\/","og_site_name":"Earnado","article_published_time":"2023-01-05T14:01:27+00:00","og_image":[{"url":"http:\/\/earnado.com\/tr\/wp-content\/uploads\/2022\/09\/dijital-itibar1-768x569-2-300x150.png"}],"author":"Musa Emiro\u011flu","twitter_card":"summary_large_image","twitter_misc":{"Yazan:":"Musa Emiro\u011flu","Tahmini okuma s\u00fcresi":"3 dakika"},"schema":{"@context":"https:\/\/schema.org","@graph":[{"@type":"WebPage","@id":"https:\/\/earnado.com\/tr\/dijital-itibar-nedir-nasil-yonetilir-metrikolog\/","url":"https:\/\/earnado.com\/tr\/dijital-itibar-nedir-nasil-yonetilir-metrikolog\/","name":"Dijital \u0130tibar Nedir? Nas\u0131l Y\u00f6netilir? \/METR\u0130KOLOG - Earnado","isPartOf":{"@id":"https:\/\/earnado.com\/tr\/#website"},"primaryImageOfPage":{"@id":"https:\/\/earnado.com\/tr\/dijital-itibar-nedir-nasil-yonetilir-metrikolog\/#primaryimage"},"image":{"@id":"https:\/\/earnado.com\/tr\/dijital-itibar-nedir-nasil-yonetilir-metrikolog\/#primaryimage"},"thumbnailUrl":"http:\/\/earnado.com\/tr\/wp-content\/uploads\/2022\/09\/dijital-itibar1-768x569-2-300x150.png","datePublished":"2023-01-05T14:01:27+00:00","dateModified":"2023-01-05T14:01:27+00:00","author":{"@id":"https:\/\/earnado.com\/tr\/#\/schema\/person\/0004da011f7f0f7b4d97987f16a67795"},"inLanguage":"tr","potentialAction":[{"@type":"ReadAction","target":["https:\/\/earnado.com\/tr\/dijital-itibar-nedir-nasil-yonetilir-metrikolog\/"]}]},{"@type":"ImageObject","inLanguage":"tr","@id":"https:\/\/earnado.com\/tr\/dijital-itibar-nedir-nasil-yonetilir-metrikolog\/#primaryimage","url":"https:\/\/earnado.com\/tr\/wp-content\/uploads\/2022\/09\/dijital-itibar1-768x569-2.png","contentUrl":"https:\/\/earnado.com\/tr\/wp-content\/uploads\/2022\/09\/dijital-itibar1-768x569-2.png","width":800,"height":400},{"@type":"WebSite","@id":"https:\/\/earnado.com\/tr\/#website","url":"https:\/\/earnado.com\/tr\/","name":"Earnado","description":"\u0130\u015finizi Kafan\u0131zda De\u011fil \u0130nternette B\u00fcy\u00fct\u00fcn!","potentialAction":[{"@type":"SearchAction","target":{"@type":"EntryPoint","urlTemplate":"https:\/\/earnado.com\/tr\/?s={search_term_string}"},"query-input":"required name=search_term_string"}],"inLanguage":"tr"},{"@type":"Person","@id":"https:\/\/earnado.com\/tr\/#\/schema\/person\/0004da011f7f0f7b4d97987f16a67795","name":"Musa Emiro\u011flu","image":{"@type":"ImageObject","inLanguage":"tr","@id":"https:\/\/earnado.com\/tr\/#\/schema\/person\/image\/","url":"https:\/\/secure.gravatar.com\/avatar\/7433b4787168269ecb9591e4dc6b4900729cb334afafa361c7de9b8690acb7a9?s=96&d=mm&r=g","contentUrl":"https:\/\/secure.gravatar.com\/avatar\/7433b4787168269ecb9591e4dc6b4900729cb334afafa361c7de9b8690acb7a9?s=96&d=mm&r=g","caption":"Musa Emiro\u011flu"},"url":"https:\/\/earnado.com\/tr\/author\/musaemirogluu\/"}]}},"_links":{"self":[{"href":"https:\/\/earnado.com\/tr\/wp-json\/wp\/v2\/posts\/56976","targetHints":{"allow":["GET"]}}],"collection":[{"href":"https:\/\/earnado.com\/tr\/wp-json\/wp\/v2\/posts"}],"about":[{"href":"https:\/\/earnado.com\/tr\/wp-json\/wp\/v2\/types\/post"}],"author":[{"embeddable":true,"href":"https:\/\/earnado.com\/tr\/wp-json\/wp\/v2\/users\/431"}],"replies":[{"embeddable":true,"href":"https:\/\/earnado.com\/tr\/wp-json\/wp\/v2\/comments?post=56976"}],"version-history":[{"count":6,"href":"https:\/\/earnado.com\/tr\/wp-json\/wp\/v2\/posts\/56976\/revisions"}],"predecessor-version":[{"id":57883,"href":"https:\/\/earnado.com\/tr\/wp-json\/wp\/v2\/posts\/56976\/revisions\/57883"}],"wp:attachment":[{"href":"https:\/\/earnado.com\/tr\/wp-json\/wp\/v2\/media?parent=56976"}],"wp:term":[{"taxonomy":"category","embeddable":true,"href":"https:\/\/earnado.com\/tr\/wp-json\/wp\/v2\/categories?post=56976"},{"taxonomy":"post_tag","embeddable":true,"href":"https:\/\/earnado.com\/tr\/wp-json\/wp\/v2\/tags?post=56976"}],"curies":[{"name":"wp","href":"https:\/\/api.w.org\/{rel}","templated":true}]}}