{"id":7151,"date":"2019-09-30T08:57:38","date_gmt":"2019-09-30T08:57:38","guid":{"rendered":"http:\/\/earnado.com\/tr\/?p=7151"},"modified":"2026-02-27T22:43:38","modified_gmt":"2026-02-27T19:43:38","slug":"17-adimda-instagram-satislarini-artirma-yollari","status":"publish","type":"post","link":"https:\/\/earnado.com\/tr\/17-adimda-instagram-satislarini-artirma-yollari\/","title":{"rendered":"17 Ad\u0131mda Instagram Sat\u0131\u015flar\u0131n\u0131 Art\u0131rma Yollar\u0131"},"content":{"rendered":"<p>Instagram\u0131n bu derece \u00f6nemli hale gelmesinden kaynakl\u0131 sat\u0131\u015flar\u0131 artt\u0131rmak i\u00e7in 17 ad\u0131mda instagram sat\u0131\u015flar\u0131n\u0131 artt\u0131rmaya y\u00f6nelik neler yap\u0131labilir bunlar\u0131 listeledik. D\u00fcnyada 1 miyar, T\u00fcrkiye\u2019de 36 milyon kullan\u0131c\u0131ya sahip, her g\u00fcn 95 milyon foto\u011fraf ve video y\u00fcklenen pop\u00fcler <a href=\"https:\/\/earnado.com\/tr\/sosyal-medya-platformlari-nelerdir-nasil-kullanilmali\/\"><strong>sosyal medya platformu<\/strong><\/a> Instagram, \u00fcr\u00fcn pazarlamas\u0131 i\u00e7in olduk\u00e7a \u00f6nemli bir hale geldi. Instagram \u00fczerinden sat\u0131\u015flar\u0131n\u0131 art\u0131r\u0131labilmesi i\u00e7in markalar\u0131n ve pazarlamac\u0131lar\u0131n nelere dikkat etmesi gerekti\u011fini bu yaz\u0131da bulabilirsiniz.<\/p>\n<h2>1.Instagram Hesab\u0131n\u0131z\u0131 \u0130\u015fletme Hesab\u0131 Yap\u0131n<\/h2>\n<p>Instagram hesab\u0131n\u0131zda sat\u0131\u015flar\u0131n\u0131z\u0131 artt\u0131rmak istiyorsan\u0131z, yapman\u0131z gereken ilk i\u015f hesab\u0131n\u0131z\u0131 bir <strong>i\u015fletme hesab\u0131<\/strong> haline getirmek olacakt\u0131r. Ki\u015fisel bir hesap yerine i\u015fletme hesab\u0131 kullanman\u0131z, potansiyel m\u00fc\u015fterilerinizin daha \u00e7ok ilgisini \u00e7ekecektir.<\/p>\n<h2>2.Kolay \u0130leti\u015fim<\/h2>\n<p><img fetchpriority=\"high\" decoding=\"async\" class=\"alignnone size-full wp-image-34160\" src=\"https:\/\/earnado.com\/tr\/wp-content\/uploads\/2019\/09\/connection.png\" alt=\"connection\" width=\"700\" height=\"350\" srcset=\"https:\/\/earnado.com\/tr\/wp-content\/uploads\/2019\/09\/connection.png 700w, https:\/\/earnado.com\/tr\/wp-content\/uploads\/2019\/09\/connection-600x300.png 600w, https:\/\/earnado.com\/tr\/wp-content\/uploads\/2019\/09\/connection-300x150.png 300w\" sizes=\"(max-width: 700px) 100vw, 700px\" \/><br \/>\nM\u00fc\u015fteriler ile aran\u0131zda sa\u011fl\u0131kl\u0131 bir g\u00fcven ili\u015fkisi olu\u015fturmak i\u00e7in olduk\u00e7a \u00f6nemlidir. Telefon numaran\u0131z, e-posta bilgilerinize hatta varsa d\u00fckkan\u0131n\u0131z\u0131n ya da deponuzun a\u00e7\u0131k adresini Instagram sayfan\u0131zda payla\u015fabilirsiniz. Bu a\u00e7\u0131kl\u0131k m\u00fc\u015fteri taraf\u0131ndan g\u00fcvenilirlik olarak alg\u0131lanacakt\u0131r.<\/p>\n<h2>3.\u00dcr\u00fcnlerinizin Kullan\u0131m Alanlar\u0131n\u0131 G\u00f6sterin<\/h2>\n<p>Instagram\u2019da sat\u0131\u015f artt\u0131rma \u00e7al\u0131\u015fmalar\u0131 yaparken \u00fcr\u00fcnlerinizin nas\u0131l kullan\u0131ld\u0131\u011f\u0131n\u0131, nas\u0131l bir ihtiyac\u0131 kar\u015f\u0131lad\u0131\u011f\u0131n\u0131 ya da t\u00fcketicilerin hangi sorunlar\u0131n\u0131 \u00e7\u00f6zd\u00fc\u011f\u00fcn\u00fc g\u00f6stermeniz gerekir. Senaryo ve konsept foto\u011fraflar\u0131n yan\u0131 s\u0131ra videolarla da \u00fcr\u00fcnlerinizin kullan\u0131m alanlar\u0131n\u0131 g\u00f6sterebilirsiniz.<\/p>\n<p><a href=\"https:\/\/earnado.com\/tr\/iletisim\/\"><img decoding=\"async\" class=\"alignnone size-full wp-image-50559\" src=\"https:\/\/earnado.com\/tr\/wp-content\/uploads\/2020\/01\/Sosyal-Medya.png\" alt=\"\" width=\"800\" height=\"290\" srcset=\"https:\/\/earnado.com\/tr\/wp-content\/uploads\/2020\/01\/Sosyal-Medya.png 800w, https:\/\/earnado.com\/tr\/wp-content\/uploads\/2020\/01\/Sosyal-Medya-300x109.png 300w, https:\/\/earnado.com\/tr\/wp-content\/uploads\/2020\/01\/Sosyal-Medya-768x278.png 768w, https:\/\/earnado.com\/tr\/wp-content\/uploads\/2020\/01\/Sosyal-Medya-600x218.png 600w\" sizes=\"(max-width: 800px) 100vw, 800px\" \/><\/a><\/p>\n<div class=\"smile-element-container\">\n<h2 class=\"link-title cp-shortcode\">4.Hedef Kitlenizi Belirleyin<\/h2>\n<\/div>\n<p>\u00d6ncelikle yap\u0131lmas\u0131 gereken ilk i\u015f hedef kitlenin belirlenmesidir. \u00dcretilecek i\u00e7eri\u011fin belirlenmesi, kullan\u0131lacak dilin kararla\u015ft\u0131r\u0131lmas\u0131, etkin payla\u015f\u0131m saatlerinin analiz edilmesi ve pazarlaman\u0131n olmazsa olmaz\u0131 do\u011fru i\u00e7eri\u011fi do\u011fru ki\u015fiye g\u00f6stermeniz i\u00e7in <a href=\"https:\/\/earnado.com\/tr\/hedef-kitle-persona-olusturma-ornekleri\/\"><strong>hedef kitle analizi<\/strong><\/a> yapmadan bir sonraki ad\u0131ma ge\u00e7meyin<\/p>\n<p>\u0130lginizi \u00e7ekebilir : <a href=\"https:\/\/blog.euromsg.com\/instagram-reklamlarinizdan-yuksek-geri-donus-alabilmek-icin-10-ipucu\/\">Instagram&#8217;da hedef kitle nas\u0131l se\u00e7ilir?<\/a><\/p>\n<h2>5.Do\u011fru Hashtag\u2019lar Kullan\u0131n<\/h2>\n<p>Takip\u00e7i say\u0131n\u0131z\u0131 ve sat\u0131\u015flar\u0131n\u0131z\u0131 artt\u0131rmak istiyorsan\u0131z <a href=\"https:\/\/earnado.com\/tr\/instagram-hashtagleri-nasil-kullanilir-hashtag-kullanma-onerileri\/\"><strong>do\u011fru hashtaglar<\/strong><\/a> kullanmal\u0131s\u0131n\u0131z. En \u00e7ok kullan\u0131lan hashtag<strong>&#8216;<\/strong>leri kullanmay\u0131 tercih edin.<\/p>\n<p><strong>\u0130lginizi \u00c7ekebilir: <a href=\"https:\/\/earnado.com\/tr\/instagramda-mukemmel-gonderi-metni-caption-nasil-yazilir\/\"><span class=\"slide-in-container\"><span class=\"d-inline-block text-heading-default animated\">Instagram\u2019da<\/span><\/span>\u00a0<span class=\"slide-in-container\"><span class=\"d-inline-block text-heading-default animated\">M\u00fckemmel<\/span><\/span>\u00a0<span class=\"slide-in-container\"><span class=\"d-inline-block text-heading-default animated\">G\u00f6nderi<\/span><\/span>\u00a0<span class=\"slide-in-container\"><span class=\"d-inline-block text-heading-default animated\">Metni<\/span><\/span>\u00a0<span class=\"slide-in-container\"><span class=\"d-inline-block text-heading-default animated\">(Caption-A\u00e7\u0131klamalar\u0131)<\/span><\/span>\u00a0<span class=\"slide-in-container\"><span class=\"d-inline-block text-heading-default animated\">Nas\u0131l<\/span><\/span>\u00a0<span class=\"slide-in-container\"><span class=\"d-inline-block text-heading-default animated\">Yaz\u0131l\u0131r?<\/span><\/span><\/a><\/strong><\/p>\n<p><img decoding=\"async\" class=\"size-full wp-image-34164\" src=\"https:\/\/earnado.com\/tr\/wp-content\/uploads\/2019\/09\/instagrammarketing.jpg\" alt=\"instagramsatisyollar\u0131\" width=\"700\" height=\"350\" srcset=\"https:\/\/earnado.com\/tr\/wp-content\/uploads\/2019\/09\/instagrammarketing.jpg 700w, https:\/\/earnado.com\/tr\/wp-content\/uploads\/2019\/09\/instagrammarketing-600x300.jpg 600w, https:\/\/earnado.com\/tr\/wp-content\/uploads\/2019\/09\/instagrammarketing-300x150.jpg 300w\" sizes=\"(max-width: 700px) 100vw, 700px\" \/><\/p>\n<h3>Kendi Hashtaginiz Olsun<\/h3>\n<p>Sizi yans\u0131tan, sizi anlatan, g\u00f6r\u00fcld\u00fc\u011f\u00fcnde &#8221;Evet bu&#8221; diyerek takip\u00e7ilerinizin sizi iyi tan\u0131mas\u0131n\u0131 sa\u011flayan kendi hashtaginizin olmas\u0131 hem takip\u00e7ilerinizin hesab\u0131n\u0131zda zaman ge\u00e7irmesini art\u0131r\u0131r hem de yeni takip\u00e7ilerin geri d\u00f6n\u00fc\u015flerini sa\u011flar. Zaman i\u00e7erisinde bu hashtagi kullanmaya takip\u00e7ilerinizi te\u015fvik ederek farkl\u0131 payla\u015f\u0131mlar yapan ki\u015fileri de hesab\u0131n\u0131zla tan\u0131\u015ft\u0131rabilirsiniz.<\/p>\n<p><img loading=\"lazy\" decoding=\"async\" class=\"alignnone size-full wp-image-39262\" src=\"https:\/\/earnado.com\/tr\/wp-content\/uploads\/2019\/09\/Adsiz-tasarim-8.png\" alt=\"My Hashtag\" width=\"700\" height=\"350\" srcset=\"https:\/\/earnado.com\/tr\/wp-content\/uploads\/2019\/09\/Adsiz-tasarim-8.png 700w, https:\/\/earnado.com\/tr\/wp-content\/uploads\/2019\/09\/Adsiz-tasarim-8-600x300.png 600w, https:\/\/earnado.com\/tr\/wp-content\/uploads\/2019\/09\/Adsiz-tasarim-8-300x150.png 300w\" sizes=\"(max-width: 700px) 100vw, 700px\" \/><\/p>\n<h2>6.Kaliteli \u0130\u00e7erikler Payla\u015f\u0131n<\/h2>\n<p>\u00d6ncelikli olarak hedefiniz; sa\u011flam ve kaliteli i\u00e7erikler olu\u015fturarak sayfan\u0131z\u0131 takip eden kitleyi elde tutmak olmal\u0131d\u0131r. G\u00fcnl\u00fck olarak yapt\u0131\u011f\u0131n\u0131z payla\u015f\u0131mlar\u0131n Instagram \u00f6l\u00e7\u00fclerine uygun ve kaliteli foto\u011fraflardan olu\u015fmas\u0131 gerekiyor. Kulland\u0131\u011f\u0131n\u0131z ekipman ve foto\u011fraf \u00fczerinde yapaca\u011f\u0131n\u0131z d\u00fczenlemeler kitleyi elde tutman\u0131z\u0131 ve takip\u00e7i art\u0131\u015f\u0131n\u0131 sa\u011flayacakt\u0131r.<\/p>\n<p>Videolar foto\u011fraflardan daha fazla ilgi g\u00f6rd\u00fc\u011f\u00fc gibi, video \u00fczerinde bir \u00fcr\u00fcn\u00fc tan\u0131tmak ve o \u00fcr\u00fcnle daha fazla bilgi vermek daha kolayd\u0131r. Bu sebeple de \u00fcr\u00fcnlerinize talep yaratmak ve takip\u00e7ilerinizi sat\u0131\u015fa y\u00f6nlendirmek i\u00e7in \u00fcr\u00fcnlerinizin kullan\u0131m \u015fekillerini g\u00f6steren videolara da yat\u0131r\u0131m yapmal\u0131s\u0131n\u0131z.<\/p>\n<p><strong>\u0130lginizi \u00e7ekebilir:<\/strong> <a href=\"https:\/\/earnado.com\/tr\/instagramda-mukemmel-gonderi-metni-caption-nasil-yazilir\/\">Instagram&#8217;da m\u00fckemmel g\u00f6nderi metni nas\u0131l yaz\u0131l\u0131r?<\/a><\/p>\n<h3>Lokasyon<\/h3>\n<p>Instagram&#8217;a foto\u011fraf y\u00fcklemesi yaparken konum eklemenin de bir \u00f6nemi vard\u0131r. \u0130\u015fletme sayfas\u0131 i\u00e7in hesab\u0131n\u0131zda takip\u00e7i say\u0131s\u0131n\u0131 art\u0131rmak istiyorsan\u0131z, payla\u015f\u0131lan foto\u011fraflara konum ekleyerek o lokasyonda bulunan m\u00fc\u015fteri potansiyeli olan ki\u015filerin de yer aramalar\u0131nda payla\u015ft\u0131\u011f\u0131n\u0131z foto\u011fraflar\u0131 g\u00f6rmelerini sa\u011flayacakt\u0131r.<\/p>\n<h2>7.Hikaye Yarat\u0131n<\/h2>\n<p>Bir ya\u015fam tarz\u0131na odaklan\u0131n. Takip\u00e7ilere standart \u00fcr\u00fcn foto\u011fraflar\u0131 g\u00f6stermek yerine payla\u015f\u0131mlar\u0131n\u0131z\u0131 bir hikaye i\u00e7erisinde verin, bir hikayeniz olsun. Her ne kadar anlatmas\u0131 kolay uygulamas\u0131 zor olsa da bunu ba\u015fard\u0131\u011f\u0131n\u0131zda sat\u0131\u015flar\u0131n\u0131za olumlu etkisine \u015fahit olacaks\u0131n\u0131z. Instagram\u2019\u0131n kalabal\u0131\u011f\u0131ndan kendi hikayenizle s\u0131yr\u0131lmay\u0131 ama\u00e7lay\u0131n.<\/p>\n<p><img loading=\"lazy\" decoding=\"async\" class=\"alignnone size-full wp-image-34169\" src=\"https:\/\/earnado.com\/tr\/wp-content\/uploads\/2019\/09\/instagramstory-2.jpg\" alt=\"instagramstory\" width=\"700\" height=\"350\" srcset=\"https:\/\/earnado.com\/tr\/wp-content\/uploads\/2019\/09\/instagramstory-2.jpg 700w, https:\/\/earnado.com\/tr\/wp-content\/uploads\/2019\/09\/instagramstory-2-600x300.jpg 600w, https:\/\/earnado.com\/tr\/wp-content\/uploads\/2019\/09\/instagramstory-2-300x150.jpg 300w\" sizes=\"(max-width: 700px) 100vw, 700px\" \/><\/p>\n<h2>8.Instagram Hikayelerini Aktif Kullan\u0131n<\/h2>\n<p>Hikayeler \u00f6zelli\u011fini kullanarak profilinizi \u00f6ne \u00e7\u0131karmak \u00e7ok etkili bir y\u00f6ntemdir. <a href=\"https:\/\/earnado.com\/tr\/yaratici-instagram-story-onerileri-ve-fikirleri\/\"><strong>Instagram hikayeler<\/strong><\/a> algoritmas\u0131 \u015fu \u015fekilde \u00e7al\u0131\u015f\u0131yor. E\u011fer s\u00fcrekli ve d\u00fczenli olarak hikaye payla\u015f\u0131yorsan\u0131z ve bu <strong>hikayeler<\/strong> belli takip\u00e7ileriniz taraf\u0131ndan ayn\u0131 \u015fekilde t\u00fcketiliyorsa di\u011fer hesaplara g\u00f6re ilk sizin hikaye payla\u015f\u0131mlar\u0131n\u0131z\u0131 g\u00f6r\u00fcyor. Bu \u015fekilde takip\u00e7ileriniz profilinizle s\u00fcrekli ileti\u015fimde kal\u0131r ve sat\u0131\u015f potansiyeliniz artar.<\/p>\n<h3>G\u00f6nderi Zamanlama ve S\u0131kl\u0131\u011f\u0131n\u0131 Optimize Edin<\/h3>\n<p>Bir g\u00f6nderiyi payla\u015f\u0131rken, bu g\u00f6nderiyi payla\u015ft\u0131\u011f\u0131n saat, g\u00fcn \u00e7ok \u00f6nemlidir. G\u00fcnde ka\u00e7 g\u00f6nderi payla\u015faca\u011f\u0131n\u0131n bile \u00f6nemi vard\u0131r. Bunun i\u00e7in analiz ara\u00e7lar\u0131 kullan\u0131labilir. Bu sayede g\u00f6nderilerinizi optimize ederek takip\u00e7i say\u0131n\u0131z\u0131 art\u0131rabilirsiniz. Hatta hikaye payla\u015f\u0131mlar\u0131n\u0131n say\u0131s\u0131 da \u00f6nemlidir. Bir anda bir s\u00fcr\u00fc hikaye payla\u015f\u0131m\u0131 yapmak takip\u00e7ilerin hikayelere bakarken s\u0131k\u0131lma olas\u0131l\u0131\u011f\u0131n\u0131 d\u00fc\u015f\u00fcnmek gerekir.<\/p>\n<p><img loading=\"lazy\" decoding=\"async\" class=\"alignnone size-full wp-image-39263\" src=\"https:\/\/earnado.com\/tr\/wp-content\/uploads\/2019\/09\/Adsiz-tasarim-9.png\" alt=\"Payla\u015f\u0131m\" width=\"700\" height=\"350\" srcset=\"https:\/\/earnado.com\/tr\/wp-content\/uploads\/2019\/09\/Adsiz-tasarim-9.png 700w, https:\/\/earnado.com\/tr\/wp-content\/uploads\/2019\/09\/Adsiz-tasarim-9-600x300.png 600w, https:\/\/earnado.com\/tr\/wp-content\/uploads\/2019\/09\/Adsiz-tasarim-9-300x150.png 300w\" sizes=\"(max-width: 700px) 100vw, 700px\" \/><\/p>\n<h2>9.Soru\/Cevap \u0130le \u0130leti\u015fim Kurun, M\u00fc\u015fterilerinize Cevap Verin<\/h2>\n<p>Soru\/Cevap tekni\u011fi \u00e7ok \u00f6nemlidir. M\u00fc\u015fterileriniz ile soru cevap \u015feklinde yak\u0131nla\u015fman\u0131z \u00e7ok daha fazla bir samimi ortam yakalanmas\u0131na ve sat\u0131\u015flar\u0131n\u0131z\u0131 artt\u0131rman\u0131za olanak tan\u0131yacakt\u0131r. Anl\u0131k olarak sorulan sorulara ve yorumlara cevaplar vermeniz daha sonra gelecek olan m\u00fc\u015fterilerin de sorular\u0131na yan\u0131t olacakt\u0131r. Bu y\u00fczden soru\/cevap geri bildirimlerini kesinlikle hayata ge\u00e7irmenizde fayda vard\u0131r.<\/p>\n<h2>10.E-ticaret Sitenizi Hayata Ge\u00e7irin<\/h2>\n<p>Instagram\u2019da sat\u0131\u015f yapabilmek i\u00e7in e-ticaret sitenizin olmas\u0131 m\u00fc\u015fteriye g\u00fcven vermesi a\u00e7\u0131s\u0131ndan \u00e7ok \u00f6nemlidir. Tabi ki burada konu olan as\u0131l sat\u0131\u015f kanal\u0131n\u0131z\u0131n e-ticaret siteniz mi yoksa Instagram hesab\u0131n\u0131z m\u0131 oldu\u011fudur ancak her durumda y\u00fcksek Instagram sat\u0131\u015flar\u0131 i\u00e7in ikisinin birbirini desteklemesi gerekmektedir.<\/p>\n<p>\u0130lgili i\u00e7erik: <a href=\"https:\/\/earnado.com\/tr\/e-ticaret-pazarlama-taktikleri-online-satis-rakamlarinizi-arttirin\/\">E-Ticaret Pazarlama Taktikleri, Online Sat\u0131\u015f Rakamlar\u0131n\u0131z\u0131 Artt\u0131r\u0131n!<\/a><\/p>\n<h2>11.Sponsorlu Reklam Verin<\/h2>\n<p>Instagram\u2019da hemen her g\u00fcn kar\u015f\u0131m\u0131za bir \u00fcr\u00fcn reklam\u0131 \u00e7\u0131k\u0131yor. Sat\u0131\u015flar\u0131n\u0131z\u0131 artt\u0131rabilmek i\u00e7in g\u00f6r\u00fcn\u00fcrl\u00fc\u011f\u00fc artt\u0131rman\u0131z gerekiyor. Instagram verilerine g\u00f6re; t\u00fcketicilerin %72\u2019si bir \u00fcr\u00fcn\u00fcn foto\u011fraf\u0131n\u0131 Instagram\u2019da g\u00f6rd\u00fcklerinde o \u00fcr\u00fcn\u00fc sat\u0131n alma ihtimallerinin artt\u0131\u011f\u0131n\u0131 s\u00f6ylerken, %38\u2019i de s\u0131kl\u0131kla <a href=\"https:\/\/earnado.com\/tr\/instagramda-ne-satilir-basarili-instagram-urunleri-ve-onerileri\/\" target=\"_blank\" rel=\"noopener\"><strong>Instagram\u2019da g\u00f6rd\u00fc\u011f\u00fc \u00fcr\u00fcnleri<\/strong><\/a> sat\u0131n ald\u0131klar\u0131n\u0131 belirtiyor. Bu istatistiklerden hareketle sat\u0131\u015flar\u0131n\u0131z\u0131 artt\u0131rmak i\u00e7in reklam vermeyi deneyin.<\/p>\n<h3>Takip\u00e7i Say\u0131n\u0131z Nas\u0131l Artar ? M\u00fc\u015fterilerinizin \u0130lgisini \u00c7ekin!<\/h3>\n<p><img loading=\"lazy\" decoding=\"async\" class=\"alignnone size-full wp-image-34170\" src=\"https:\/\/earnado.com\/tr\/wp-content\/uploads\/2019\/09\/instagramtakipci.png\" alt=\"instagramtakipci\" width=\"700\" height=\"350\" srcset=\"https:\/\/earnado.com\/tr\/wp-content\/uploads\/2019\/09\/instagramtakipci.png 700w, https:\/\/earnado.com\/tr\/wp-content\/uploads\/2019\/09\/instagramtakipci-600x300.png 600w, https:\/\/earnado.com\/tr\/wp-content\/uploads\/2019\/09\/instagramtakipci-300x150.png 300w\" sizes=\"(max-width: 700px) 100vw, 700px\" \/><\/p>\n<h2>12.Takip\u00e7i Say\u0131n\u0131z\u0131 Artt\u0131r\u0131n<\/h2>\n<p>Instagram\u2019da sat\u0131\u015f yapman\u0131n yeg\u00e2ne kurallar\u0131ndan birisi de sat\u0131\u015f yapaca\u011f\u0131n\u0131z kitlenin b\u00fcy\u00fckl\u00fc\u011f\u00fc ve anl\u0131k olarak ula\u015fabildi\u011finiz insan say\u0131s\u0131d\u0131r. <a href=\"https:\/\/earnado.com\/tr\/instagram-takipci-sayisi-artirma-yontemleri\/\"><strong>Fazla takip\u00e7i<\/strong><\/a> daha \u00e7ok m\u00fc\u015fteri demektir.<\/p>\n<p><img loading=\"lazy\" decoding=\"async\" class=\"alignnone size-full wp-image-34162\" src=\"https:\/\/earnado.com\/tr\/wp-content\/uploads\/2019\/09\/influencer.png\" alt=\"influencer\" width=\"700\" height=\"350\" srcset=\"https:\/\/earnado.com\/tr\/wp-content\/uploads\/2019\/09\/influencer.png 700w, https:\/\/earnado.com\/tr\/wp-content\/uploads\/2019\/09\/influencer-600x300.png 600w, https:\/\/earnado.com\/tr\/wp-content\/uploads\/2019\/09\/influencer-300x150.png 300w\" sizes=\"(max-width: 700px) 100vw, 700px\" \/><\/p>\n<h3><strong>Takip\u00e7ilerinizi tan\u0131t\u0131n<\/strong><\/h3>\n<p>Instagramda sad\u0131k takip\u00e7ileri g\u00f6nderilerinizde ya da hikayelerinizde payla\u015fmak pop\u00fclerli\u011finizi artt\u0131racakt\u0131r. Bu takip\u00e7iler profilinizde (hesab\u0131n\u0131zda) daha \u00e7ok zaman ge\u00e7irerek yeri geldi\u011finde bu takip\u00e7iler sizi g\u00f6n\u00fcll\u00fc olarak kendi profillerinde tan\u0131tacaklard\u0131r.<\/p>\n<p><img loading=\"lazy\" decoding=\"async\" class=\"alignnone size-full wp-image-39261\" src=\"https:\/\/earnado.com\/tr\/wp-content\/uploads\/2019\/09\/Adsiz-tasarim-7.png\" alt=\"Takip\u00e7i Say\u0131s\u0131\" width=\"700\" height=\"350\" srcset=\"https:\/\/earnado.com\/tr\/wp-content\/uploads\/2019\/09\/Adsiz-tasarim-7.png 700w, https:\/\/earnado.com\/tr\/wp-content\/uploads\/2019\/09\/Adsiz-tasarim-7-600x300.png 600w, https:\/\/earnado.com\/tr\/wp-content\/uploads\/2019\/09\/Adsiz-tasarim-7-300x150.png 300w\" sizes=\"(max-width: 700px) 100vw, 700px\" \/><\/p>\n<h2>13.Influencer&#8217;lar \u0130le \u0130\u015f Birli\u011fi Yap\u0131n<\/h2>\n<p>Influencer ile pazarlama, Instagram taraf\u0131nda olduk\u00e7a pop\u00fcler olan bir pazarlama y\u00f6ntemidir. Bir\u00e7ok marka bu \u00e7al\u0131\u015fmalar ile hem sat\u0131\u015flar\u0131n\u0131 hem de marka bilinirliklerini art\u0131rmaya \u00e7al\u0131\u015f\u0131yor. Bu y\u00f6ntem yeni kitlelere ula\u015fman\u0131z\u0131 sa\u011flad\u0131\u011f\u0131 i\u00e7in etkilidir. Tabii ki <a href=\"https:\/\/earnado.com\/tr\/influencer-nasil-olunur-5-adimda-influencer-olma-rehberi\/\"><strong>influencer<\/strong><\/a> hesaplarla \u00e7al\u0131\u015f\u0131rken sizin markan\u0131z\u0131 iyi yans\u0131tacak ve sizin hedef kitlenize ula\u015fabilecek hesaplar\u0131 se\u00e7meniz olduk\u00e7a \u00f6nemli. \u00c7ok b\u00fcy\u00fck hesaplarla \u00e7al\u0131\u015fmak hem \u00e7ok maliyetli olabilir hem de sizin istedi\u011finiz hedef kitleye bu <strong><a href=\"https:\/\/earnado.com\/tr\/en-iyi-icerik-pazarlama-stratejileri-ve-onerileri\/\">i\u00e7erik<\/a><\/strong>leriniz g\u00f6sterilmeyebilir.<\/p>\n<h2>14.M\u00fc\u015fteri Yorumlar\u0131 Payla\u015f\u0131n<\/h2>\n<p><img loading=\"lazy\" decoding=\"async\" class=\"alignnone size-full wp-image-34171\" src=\"https:\/\/earnado.com\/tr\/wp-content\/uploads\/2019\/09\/musteriyorum.png\" alt=\"musteriyorum\" width=\"700\" height=\"350\" srcset=\"https:\/\/earnado.com\/tr\/wp-content\/uploads\/2019\/09\/musteriyorum.png 700w, https:\/\/earnado.com\/tr\/wp-content\/uploads\/2019\/09\/musteriyorum-600x300.png 600w, https:\/\/earnado.com\/tr\/wp-content\/uploads\/2019\/09\/musteriyorum-300x150.png 300w\" sizes=\"(max-width: 700px) 100vw, 700px\" \/><br \/>\nSayfan\u0131z\u0131n bilinirli\u011fini artt\u0131rmak ve daha geni\u015f kitleye ula\u015fmak i\u00e7in takip\u00e7ileriniz ile birlikte \u00e7ekili\u015fler d\u00fczenleyebilir ve hediye \u00fcr\u00fcnler verebilirsiniz. Bu bilinirli\u011fi artt\u0131rmak ve takip\u00e7ilerinizin reklam\u0131n\u0131z\u0131 yapmalar\u0131n\u0131 sa\u011flayabilirsiniz.<\/p>\n<h2>15.Sayfan\u0131z\u0131n Linkini Payla\u015f\u0131n<\/h2>\n<p>Sayfan\u0131z\u0131n linkini takip\u00e7isi y\u00fcksek hesaplar\u0131n payla\u015f\u0131mlar\u0131n\u0131n yorum k\u0131sm\u0131na yazabilirsiniz. Sayfan\u0131z\u0131 merak edenler bu link \u00fczerinden hesab\u0131n\u0131z\u0131 ziyaret edebilir ve m\u00fc\u015fteriniz haline gelebilir<\/p>\n<h2>16.\u00dccretsiz Kargo<\/h2>\n<p>Her \u00e7evrimi\u00e7i sat\u0131\u015f yapan kullan\u0131c\u0131n\u0131n sahip olmas\u0131 gereken bir \u00f6zellik. \u00d6zellikle <strong>internette al\u0131\u015fveri\u015f<\/strong> yapan ki\u015filer i\u00e7in sat\u0131n alacaklar\u0131 \u00fcr\u00fcn\u00fcn kargo bedeli olmamas\u0131 olduk\u00e7a \u00f6nemlidir. Bu nedenle kargo \u00fccretlerini \u00fcr\u00fcnlerinize yans\u0131tabilir ve m\u00fc\u015fterinize psikolojik olarak fazla gelebilecek kargo \u00fccretini onlara hissettirmeden alabilirsiniz.<\/p>\n<p><img loading=\"lazy\" decoding=\"async\" class=\"alignnone size-full wp-image-34163\" src=\"https:\/\/earnado.com\/tr\/wp-content\/uploads\/2019\/09\/instagramdiscount-1.jpg\" alt=\"instagramdiscount\" width=\"700\" height=\"350\" srcset=\"https:\/\/earnado.com\/tr\/wp-content\/uploads\/2019\/09\/instagramdiscount-1.jpg 700w, https:\/\/earnado.com\/tr\/wp-content\/uploads\/2019\/09\/instagramdiscount-1-600x300.jpg 600w, https:\/\/earnado.com\/tr\/wp-content\/uploads\/2019\/09\/instagramdiscount-1-300x150.jpg 300w\" sizes=\"(max-width: 700px) 100vw, 700px\" \/><\/p>\n<h2>17.Kampanyalar, Promosyonlar, Etkinlikler ve \u00c7ekili\u015fler Yap\u0131n<\/h2>\n<p>\u00dcr\u00fcnlerinizi potansiyel m\u00fc\u015fterilerinize ula\u015ft\u0131rman\u0131n en \u00f6nemli takti\u011fi kampanya, promosyon ve etkinlik d\u00fczenlemek olacakt\u0131r. Bir alana + bir bedava \u015feklinde yapaca\u011f\u0131n\u0131z promosyonlar m\u00fc\u015fterileriniz aras\u0131nda ileti\u015fim kurulmas\u0131na olanak tan\u0131yacakt\u0131r. Ayn\u0131 zamanda yapaca\u011f\u0131n\u0131z etkinlikler ve kampanyalar takip\u00e7i say\u0131n\u0131z\u0131 art\u0131rman\u0131z i\u00e7in bi\u00e7ilmez bir kaftan. Instagram\u2019da etkile\u015fime giren g\u00f6nderiler her zaman \u00e7ok daha fazla kesime ula\u015faca\u011f\u0131 i\u00e7in \u00fcr\u00fcnlerinizin tan\u0131t\u0131m\u0131n\u0131; promosyon, etkinlik ya da \u00e7ekili\u015f yaparak \u00e7ok daha fazla etkile\u015fime sokabilirsiniz. Bu sizin potansiyel m\u00fc\u015fterilerinize ula\u015fman\u0131z\u0131 ve sat\u0131\u015flar\u0131n\u0131z\u0131 artt\u0131rman\u0131za olanak sa\u011flayacakt\u0131r.<\/p>\n<p>Instagram&#8217;da <strong>sat\u0131\u015flar\u0131n\u0131z\u0131 nas\u0131l art\u0131rabilirsiniz\u00a0<\/strong> konusunu size 17 maddede anlatmaya \u00e7al\u0131\u015ft\u0131m. Umar\u0131m sizler i\u00e7in faydal\u0131 bir yaz\u0131 olmu\u015ftur, soru ve g\u00f6r\u00fc\u015fleriniz varsa l\u00fctfen bizimle payla\u015f\u0131n, \u015fimdiden bol kazan\u00e7lar.<\/p>\n<p>\u0130lgili i\u00e7erik: <a href=\"https:\/\/earnado.com\/tr\/donusum-orani-nedir-nasil-arttirilir-8-ozgun-teknik\/\">D\u00f6n\u00fc\u015f\u00fcm Oran\u0131 Nedir Nas\u0131l Artt\u0131r\u0131l\u0131r? 8 \u00d6zg\u00fcn Teknik<\/a><\/p>\n<h2>Instagramda Potansiyel M\u00fc\u015fteri Bulma!<\/h2>\n<p><img loading=\"lazy\" decoding=\"async\" class=\"alignnone size-full wp-image-34165\" src=\"https:\/\/earnado.com\/tr\/wp-content\/uploads\/2019\/09\/instagram-musteri-bulma.png\" alt=\"instagramsatisartirmayollari\" width=\"700\" height=\"350\" srcset=\"https:\/\/earnado.com\/tr\/wp-content\/uploads\/2019\/09\/instagram-musteri-bulma.png 700w, https:\/\/earnado.com\/tr\/wp-content\/uploads\/2019\/09\/instagram-musteri-bulma-600x300.png 600w, https:\/\/earnado.com\/tr\/wp-content\/uploads\/2019\/09\/instagram-musteri-bulma-300x150.png 300w\" sizes=\"(max-width: 700px) 100vw, 700px\" \/><br \/>\n2010 y\u0131l\u0131nda piyasaya \u00e7\u0131kan ve \u015fu an 800 milyonun \u00fczerin de kullan\u0131c\u0131s\u0131 bulunan instagram, hepimizin de bildi\u011fi gibi olduk\u00e7a pop\u00fcler bir sosyal a\u011f haline geldi. \u00d6zellikle, Facebook\u00a0 \u0130nstagram\u0131 sat\u0131n ald\u0131ktan sonra da bu s\u00fcre\u00e7 h\u0131z kaybetmeden devam etti. Kolay uygulanabilir olmas\u0131, \u00e7e\u015fitli ve s\u00fcrekli de\u011fi\u015fen filtreleri, video payla\u015f\u0131mlar\u0131 gibi bir\u00e7ok \u00f6zellik \u0130nstagram\u2019\u0131n, yerini korumas\u0131na yard\u0131mc\u0131 oluyor ve olmaya da devam edecek gibi.<\/p>\n<p>Markalar, instagram&#8217;\u0131n bu \u00f6zellikleri sayesinde \u00e7e\u015fitli stratejiler geli\u015ftirerek, potansiyel m\u00fc\u015fterilerini\u00a0 yakalayabiliyorlar.\u00a0 Kendilerini konumland\u0131rmak i\u00e7in foto\u011fraf ve videolardan faydalan\u0131yorlar.<br \/>\nPeki bu nas\u0131l yap\u0131yorlar ?<\/p>\n<p>\u0130nstagram gibi bir hazineyi kullanarak!\u00a0 Markalar, do\u011fru m\u00fc\u015fterilere ula\u015fmak i\u00e7in sosyal medya ortamlar\u0131 aras\u0131nda en \u00e7ok kullan\u0131c\u0131 art\u0131\u015f\u0131 olan mecray\u0131 kullan\u0131yor. \u0130nsanlar foto\u011fraf ve video g\u00f6rmeyi , okumaya tercih ediyorlar. \u00a0Bunun sonucunda da daha fazla kat\u0131l\u0131m ile daha fazla potansiyel ve do\u011fru m\u00fc\u015fteriye ula\u015f\u0131yorlar.<br \/>\nBu nedenle sizlerin de \u00e7ok kolayl\u0131kla uygulayabilece\u011fi 4 basit stratejiye gelin birlikte g\u00f6z atal\u0131m<\/p>\n<h2>1-Hedef Kitlenizi Do\u011fru Belirleyin!<\/h2>\n<p><img loading=\"lazy\" decoding=\"async\" class=\"alignnone size-full wp-image-34161\" src=\"https:\/\/earnado.com\/tr\/wp-content\/uploads\/2019\/09\/hedefkitle.png\" alt=\"hedefkitle\" width=\"700\" height=\"350\" srcset=\"https:\/\/earnado.com\/tr\/wp-content\/uploads\/2019\/09\/hedefkitle.png 700w, https:\/\/earnado.com\/tr\/wp-content\/uploads\/2019\/09\/hedefkitle-600x300.png 600w, https:\/\/earnado.com\/tr\/wp-content\/uploads\/2019\/09\/hedefkitle-300x150.png 300w\" sizes=\"(max-width: 700px) 100vw, 700px\" \/><br \/>\nAtaca\u011f\u0131n\u0131z ilk ad\u0131m, potansiyel m\u00fc\u015fterilerinizi derinlemesine incelemek olmal\u0131; gittikleri yerleri, ilgi alanlar\u0131n\u0131 ,nelerden ho\u015fland\u0131klar\u0131n\u0131 ve hobileri hakk\u0131nda bilgi edinin. Bu bilgiler \u00e7er\u00e7evesinde, i\u00e7eri\u011finizle m\u00fc\u015fterinizi ili\u015fkilendirmi\u015f olacaks\u0131n\u0131z.<\/p>\n<h2>2-Potansiyel M\u00fc\u015fterinizle \u0130leti\u015fim Kurun<\/h2>\n<p>Bunun i\u00e7in, form doldurma i\u015flemlerinden yararlanabilirsiniz. Form dolduran m\u00fc\u015fteri adaylar\u0131n\u0131n telefon ya da mail bilgilerini alarak ,vakit kaybetmeden k\u0131sa s\u00fcre i\u00e7inde ileti\u015fim kurarak , potansiyel m\u00fc\u015fterilerinizi ger\u00e7ek m\u00fc\u015fterilerinize \u00e7evirebilirsiniz.<\/p>\n<h2>3- Instagram \u0130\u00e7in Reklam Kampanyalar\u0131 Olu\u015fturabilirsiniz!<\/h2>\n<p><img loading=\"lazy\" decoding=\"async\" class=\"alignnone size-full wp-image-34172\" style=\"display: none !important;\" hidden=\"\" src=\"https:\/\/earnado.com\/tr\/wp-content\/uploads\/2019\/09\/Reklam-Kampanyalar\u0131.png\" alt=\"Reklamkampanyalari\" width=\"700\" height=\"350\" \/>Yerinde hedeflemeler yaparak, hitap etti\u011finiz kitleyi kendinize \u00e7ekebilirsiniz. Yapaca\u011f\u0131n\u0131z reklam kampanyalar\u0131, m\u00fc\u015fteriniz taraf\u0131ndan fark edilebilmeli ve y\u00fcksek geri d\u00f6n\u00fc\u015f oran\u0131 sa\u011flamal\u0131d\u0131r.<br \/>\nBu i\u015fin en heyecan verici k\u0131sm\u0131 ise instagram reklamlar\u0131n\u0131n ba\u015far\u0131s\u0131d\u0131r. Bu kanal, di\u011fer platformlara g\u00f6re daha y\u00fcksek geri d\u00f6n\u00fc\u015f sa\u011flamaktad\u0131r.120 milyondan fazla kullan\u0131c\u0131, <a href=\"https:\/\/earnado.com\/tr\/instagram-reklam-fiyatlari-ve-sektorlere-ozel-butce-ve-reklam-onerileri\/\"><strong>Instagram reklamlar\u0131<\/strong><\/a> sayesinde markalarla ileti\u015fime ge\u00e7iyor .<\/p>\n<p>\u0130lginizi \u00e7ekebilir: <a href=\"https:\/\/www.destexdigital.com\/instagram-reklamlari\">Instagram&#8217;da nas\u0131l reklam verilir?<\/a><\/p>\n<h3>4-Fark edilebilir ve a\u00e7\u0131klay\u0131c\u0131 bir profiliniz olsun<\/h3>\n<p>Potansiyel m\u00fc\u015fterilerinizi \u00e7ekebilmek i\u00e7in; markan\u0131z\u0131 tamamlayan, \u015firket slogan\u0131n\u0131z\u0131n bulundu\u011fu, \u015firketinizin ad\u0131n\u0131n kullan\u0131larak olu\u015fturdu\u011funuz bio\u2019nuz olmal\u0131. Bu ayn\u0131 zamanda sizin kartvizitiniz olacakt\u0131r . Biyografi ve a\u00e7\u0131klama sizin m\u00fc\u015fterilerinizle ileti\u015fim kurdu\u011funuz ilk noktad\u0131r .Dolay\u0131s\u0131yla fark edilir olmak, \u015firket de\u011ferlerinizle ayn\u0131 \u00e7izgide olan, inand\u0131r\u0131c\u0131 ve do\u011fru bilgilere yer vermek, markan\u0131z\u0131n ad\u0131na hedef kitlenizin sizi daha iyi tan\u0131mas\u0131na yol a\u00e7ar.<\/p>\n<p><strong>\u0130lginizi \u00c7ekebilir: <a href=\"https:\/\/earnado.com\/tr\/instagramda-etkileyici-bir-profil-icin-17-kural\/\"><span class=\"slide-in-container\"><span class=\"d-inline-block text-heading-default animated\">Instagram\u2019da<\/span><\/span>\u00a0<span class=\"slide-in-container\"><span class=\"d-inline-block text-heading-default animated\">Etkileyici<\/span><\/span>\u00a0<span class=\"slide-in-container\"><span class=\"d-inline-block text-heading-default animated\">Bir<\/span><\/span>\u00a0<span class=\"slide-in-container\"><span class=\"d-inline-block text-heading-default animated\">Profil<\/span><\/span>\u00a0<span class=\"slide-in-container\"><span class=\"d-inline-block text-heading-default animated\">\u0130\u00e7in<\/span><\/span>\u00a0<span class=\"slide-in-container\"><span class=\"d-inline-block text-heading-default animated\">17<\/span><\/span>\u00a0<span class=\"slide-in-container\"><span class=\"d-inline-block text-heading-default animated\">Kural<\/span><\/span><\/a><\/strong><\/p>\n<p><img loading=\"lazy\" decoding=\"async\" class=\"alignnone size-full wp-image-34166\" src=\"https:\/\/earnado.com\/tr\/wp-content\/uploads\/2019\/09\/instagram-reklam-blog-1-2.png\" alt=\"instagramsatis\" width=\"700\" height=\"350\" srcset=\"https:\/\/earnado.com\/tr\/wp-content\/uploads\/2019\/09\/instagram-reklam-blog-1-2.png 700w, https:\/\/earnado.com\/tr\/wp-content\/uploads\/2019\/09\/instagram-reklam-blog-1-2-600x300.png 600w, https:\/\/earnado.com\/tr\/wp-content\/uploads\/2019\/09\/instagram-reklam-blog-1-2-300x150.png 300w\" sizes=\"(max-width: 700px) 100vw, 700px\" \/><\/p>\n<p>Ayr\u0131ca\u00a0 a\u015fa\u011f\u0131daki kalemler de i\u015finize yarabilir .<\/p>\n<h3>-\u201c\u0130lgili Link Bioda\u201d Diyerek Payla\u015f\u0131mda Bulunabilirsiniz<\/h3>\n<p>Bu \u015fekilde instagram sayfan\u0131za gelen m\u00fc\u015fterilerinizi, do\u011frudan internet sayfan\u0131za y\u00f6nlendirebilirsiniz.<\/p>\n<h3>Yar\u0131\u015fma ve \u00c7ekili\u015f D\u00fczenleyebilirsiniz.<\/h3>\n<p><strong>Potansiyel m\u00fc\u015fteri<\/strong> \u00e7ekebilmek i\u00e7in bir di\u011fer y\u00f6ntem de yar\u0131\u015fma ve \u00e7ekili\u015flerdir. Takip\u00e7ilerinizi yar\u0131\u015fmaya kat\u0131labilmeleri i\u00e7in , a\u00e7\u0131klama k\u0131sm\u0131nda bulunan linke t\u0131klamalar\u0131n\u0131 isteyebilirsiniz. Bu \u015fekilde m\u00fc\u015fterileriniz yar\u0131\u015fma hakk\u0131nda bilgi al\u0131p, sitenizi ziyaret edip markan\u0131z hakk\u0131nda bilgi sahibi olabilir.<\/p>\n<h3>\u201cBir Arkada\u015f\u0131n\u0131 Etiketle \u201c<\/h3>\n<p>Bu y\u00f6ntem de her zaman i\u015fe yaram\u0131\u015ft\u0131r. Bu \u015fekilde takip\u00e7ilerinizden,\u00a0 arkada\u015flar\u0131n\u0131 payla\u015f\u0131m\u0131n\u0131z\u0131n\u00a0 alt\u0131na etiketlemelerini isteyebilirsiniz. Etiketlenen ki\u015filere bildirim gidece\u011fi i\u00e7in, e\u011fer payla\u015f\u0131m\u0131n\u0131z kullan\u0131c\u0131n\u0131n ho\u015funa giderse sizi takip edecektir, hem\u00a0 bu \u015fekilde de organik takip\u00e7i elde edecek hem de kullan\u0131c\u0131n\u0131z\u0131 potansiyel m\u00fc\u015fteriye \u00e7evirme imkan\u0131n\u0131z do\u011facakt\u0131r.<\/p>\n<p><img loading=\"lazy\" decoding=\"async\" class=\"alignnone size-full wp-image-34168\" src=\"https:\/\/earnado.com\/tr\/wp-content\/uploads\/2019\/09\/instagram-satis.png\" alt=\"instagramsatis\" width=\"700\" height=\"350\" srcset=\"https:\/\/earnado.com\/tr\/wp-content\/uploads\/2019\/09\/instagram-satis.png 700w, https:\/\/earnado.com\/tr\/wp-content\/uploads\/2019\/09\/instagram-satis-600x300.png 600w, https:\/\/earnado.com\/tr\/wp-content\/uploads\/2019\/09\/instagram-satis-300x150.png 300w\" sizes=\"(max-width: 700px) 100vw, 700px\" \/><br \/>\n<strong>\u00a0Ve son olarak ekleyebilece\u011fimiz birka\u00e7 nokta daha; takip\u00e7ilerinizi, \u00fcr\u00fcnleriniz hakk\u0131nda en son geli\u015fmeleri ve yenilikleri haberdar edip, g\u00fcncel tutun . Onlar\u0131n sorular\u0131na h\u0131zl\u0131 bir \u015fekilde cevap verin ve etkileyin . <\/strong><br \/>\n<strong>Unutmay\u0131n onlar\u0131 etkilemeyi ba\u015far\u0131rsan\u0131z, daha sa\u011flam ve sad\u0131k m\u00fc\u015fteri kitlesine sahip olursunuz.\u00a0\u00a0\u00a0\u00a0 <\/strong><br \/>\nSiz de \u00fcr\u00fcnlerinizin dijital d\u00fcnya da yer edinmesini istiyor ve videolar\u0131n\u0131z\u0131n daha fazla ki\u015fiye hitap etmesini istiyorsan\u0131z Earnado ileti\u015fime ge\u00e7ip, ekibimizle daha ayr\u0131nt\u0131l\u0131 bilgi alabilirsiniz. Bekliyoruz<\/p>\n<p>Ayr\u0131ca ilginizi \u00e7ekebilir:<br \/>\n<a href=\"https:\/\/earnado.com\/tr\/dijital-pazarlama-ajansi-nasil-secilir\/\">Dijital Pazarlama Ajans\u0131 Nas\u0131l Se\u00e7ilir? Nelere Dikkat Edilir?<\/a><strong>\u00a0\u00a0<\/strong><\/p>\n<h1>Geri Bildirimlere \u00d6nem Verin<\/h1>\n<p>\u0130\u015fletmenizin sat\u0131\u015flar\u0131n\u0131 artt\u0131rmak i\u00e7in en \u00f6nemli ve dikkat edilmesi gereken \u015feylerin ba\u015f\u0131nda gelir m\u00fc\u015fterilerden gelen<strong> geri bildirimlere<\/strong> \u00f6nem vermek, onlar\u0131 de\u011ferlendirmek ve analiz etmek i\u015fletmeniz i\u00e7in en \u00f6nemli ba\u015fl\u0131ca yapman\u0131z gerekenler do\u011frultusunda size yol g\u00f6sterir. M\u00fc\u015fterilerin k\u00f6t\u00fc yorumlar\u0131n\u0131 silmek yerine onlara de\u011fer katacak ve ortadaki problemi \u00e7\u00f6z\u00fcp bu problemi \u00e7\u00f6zd\u00fc\u011f\u00fcn\u00fcze dair yorumlara bu \u015fekilde samimi cevaplar verin. <strong>Potansiyel m\u00fc\u015fteriler<\/strong> i\u00e7in olduk\u00e7a \u00f6nem sarf eden m\u00fc\u015fteri yorumlar\u0131n\u0131 bu \u015fekilde y\u00f6netmek i\u015fletmeniz i\u00e7in daha g\u00fcvenilir bir konuma gelmenizi sa\u011flayacakt\u0131r.<\/p>\n<p>\u015eunlar da \u0130lginizi \u00c7ekebilir : <a href=\"https:\/\/www.eticaret.gov.tr\/cevrimiciegitim\/musteri-hizmetleri-yapisinin-kurgulanmasi-61\">https:\/\/www.eticaret.gov.tr\/cevrimiciegitim\/musteri-hizmetleri-yapisinin-kurgulanmasi-61<\/a><\/p>\n<h2>\u00d6deme Y\u00f6ntemlerinizi Artt\u0131r\u0131n<\/h2>\n<p><strong>\u00a0\u00a0 <\/strong><em>E\u011fer online olarak satt\u0131\u011f\u0131n\u0131z bir hizmetiniz ya da \u00fcr\u00fcn\u00fcn\u00fcz varsa kredi kart\u0131 \u00f6deme, taksitli \u00f6deme se\u00e7enekleri ve kap\u0131da \u00f6deme kolayl\u0131\u011f\u0131 gibi se\u00e7enekler ekleyerek di\u011fer rakiplerinize g\u00f6re daha avantajl\u0131 konuma ge\u00e7ebilirsiniz. Bu \u00f6deme \u00e7e\u015fitlerinin kolayl\u0131k sa\u011flamas\u0131n\u0131n yan\u0131 s\u0131ra g\u00fcven duymas\u0131n\u0131 ve<strong> sat\u0131\u015flar\u0131n\u0131z\u0131 artt\u0131rma<\/strong>n\u0131za y\u00f6nelik bir hamle yapm\u0131\u015f olursunuz. <\/em><\/p>\n<h2>Stok G\u00f6rseller Kullanmay\u0131n<\/h2>\n<p>Sat\u0131\u015fa giden s\u00fcre\u00e7te sosyal medyadaki ve web sitenizdeki sunumunuzun profesyonel olmas\u0131 olduk\u00e7a \u00f6nemlidir. Bu profesyonel sunumu yakalamak i\u00e7in kaliteli y\u00fcksek \u00e7\u00f6z\u00fcn\u00fcrl\u00fckl\u00fc foto\u011fraflar kullanman\u0131z \u00f6nemli. Fakat bu foto\u011fraflar\u0131 stok foto\u011fraf sitelerinden al\u0131p do\u011frudan kullanmak yerine<strong> lifestyle foto\u011fraflar<\/strong> \u00e7ekmeniz \u00fcr\u00fcnlerinizi ger\u00e7ek hayattan kendi \u00e7ekimleriniz ve <a href=\"https:\/\/www.digitalkafalar.com\/sosyal-medya-tasarimlari-nasil-olmalidir-etkili-sosyal-medya-tasarimi\/#:~:text=Sosyal%20medya%20tasar%C4%B1mlar%C4%B1%20profilde%20b%C3%BCt%C3%BCnl%C3%BCk,haz%C4%B1rlanmal%C4%B1%2C%20markan%C4%B1n%20kurumsal%20kimli%C4%9Fini%20yans%C4%B1tmal%C4%B1d%C4%B1r.\"><strong>tasar\u0131mlar<\/strong><\/a> do\u011frultusunda birle\u015ftirmeniz daha verimli sonu\u00e7lar alman\u0131z\u0131 sa\u011flayacakt\u0131r.<\/p>\n<h3>Benzersiz De\u011fer \u00d6nermenizi Ortaya \u00c7\u0131kart\u0131n<\/h3>\n<p><strong>\u00a0 \u00a0Pazarlamada 7P kavram\u0131<\/strong>n\u0131 d\u00fc\u015f\u00fcnerek ve i\u015fletmemiz veya markam\u0131z ad\u0131na bu 7P nin sundu\u011fu avantajlar\u0131 i\u00e7erikleri d\u00fc\u015f\u00fcnerek di\u011fer rakiplerinizden hangi noktalarda ve konumlarda farkl\u0131la\u015ft\u0131\u011f\u0131n\u0131z\u0131 belirledikten sonra bu noktalar\u0131 sosyal medya sayfalar\u0131n\u0131zda, web sitenizde , <a href=\"https:\/\/earnado.com\/tr\/basarili-ve-etkili-bir-reklam-metni-nasil-olusturulur-oneriler-ve-ornekler\/\">reklam metinleriniz<\/a>de benzersiz de\u011fer \u00f6nermenizi farkl\u0131l\u0131klar\u0131 belirtmeniz sizin markan\u0131z\u0131 \u00a0avantajl\u0131 hale getirmekte \u00f6nem ta\u015f\u0131yacakt\u0131r<strong>.<\/strong><\/p>\n<p><img loading=\"lazy\" decoding=\"async\" class=\"alignnone wp-image-54749 size-full\" src=\"https:\/\/earnado.com\/tr\/wp-content\/uploads\/2019\/09\/Instagram-Satisalarini-Arttirma-Yollari.png\" alt=\"\u0130nstagram Sat\u0131\u015falar\u0131n\u0131 Artt\u0131rma Yollar\u0131\" width=\"800\" height=\"400\" srcset=\"https:\/\/earnado.com\/tr\/wp-content\/uploads\/2019\/09\/Instagram-Satisalarini-Arttirma-Yollari.png 800w, https:\/\/earnado.com\/tr\/wp-content\/uploads\/2019\/09\/Instagram-Satisalarini-Arttirma-Yollari-300x150.png 300w, https:\/\/earnado.com\/tr\/wp-content\/uploads\/2019\/09\/Instagram-Satisalarini-Arttirma-Yollari-768x384.png 768w\" sizes=\"(max-width: 800px) 100vw, 800px\" \/><\/p>\n<h3>Video \u0130\u00e7eriklerle Sayfan\u0131z\u0131 Aktif Tutun<\/h3>\n<p>G\u00fcn\u00fcm\u00fczde<strong> sosyal medya<\/strong> taraf\u0131nda daha \u00e7ok video i\u00e7eriklerin daha \u00e7ok t\u00fcketildi\u011fi ve kullan\u0131c\u0131lar\u0131n ilgisini \u00e7ekti\u011fi g\u00f6z ortada. Sizler de bu do\u011frultuda hizmetinizin ve \u00fcr\u00fcn\u00fcn\u00fcz\u00fc en k\u0131sa videolar \u015feklinde kullan\u0131c\u0131lara do\u011frudan aktarabilmek daha do\u011fru olur.<\/p>\n<p>\u015eunlar da \u0130lginizi \u00c7ekebilir : <a href=\"https:\/\/pembeteknoloji.com.tr\/instagram-reels-nasil-cekilir-29195\/\">https:\/\/pembeteknoloji.com.tr\/instagram-reels-nasil-cekilir-29195\/<\/a><\/p>\n<p><img loading=\"lazy\" decoding=\"async\" class=\"alignnone wp-image-54748 size-full\" src=\"https:\/\/earnado.com\/tr\/wp-content\/uploads\/2019\/09\/Instagram-Satisalarini-Arttirma-Yollari-2.png\" alt=\"\u0130nstagram Sat\u0131\u015falar\u0131n\u0131 Artt\u0131rma Yollar\u0131 (2)\" width=\"800\" height=\"400\" srcset=\"https:\/\/earnado.com\/tr\/wp-content\/uploads\/2019\/09\/Instagram-Satisalarini-Arttirma-Yollari-2.png 800w, https:\/\/earnado.com\/tr\/wp-content\/uploads\/2019\/09\/Instagram-Satisalarini-Arttirma-Yollari-2-300x150.png 300w, https:\/\/earnado.com\/tr\/wp-content\/uploads\/2019\/09\/Instagram-Satisalarini-Arttirma-Yollari-2-768x384.png 768w\" sizes=\"(max-width: 800px) 100vw, 800px\" \/><\/p>\n<h3>Sosyal Kan\u0131tlar Kullan\u0131n<\/h3>\n<p>Bizler kendimizi potansiyel m\u00fc\u015fteri aday\u0131 gibi d\u00fc\u015f\u00fcnd\u00fc\u011f\u00fcm\u00fczde Instagram \u00fczerinden al\u0131\u015fveri\u015f yapmaya karar verdi\u011fimizde sayfaya girdi\u011fimiz an bakt\u0131\u011f\u0131m\u0131z ilk k\u0131s\u0131m m\u00fc\u015fterilerden gelen de\u011ferlendirmelerin sunuldu\u011fu sosyal kan\u0131tlar\u0131n oldu\u011fu aland\u0131r. Bunun i\u00e7in i\u015fletmenizin satt\u0131\u011f\u0131n\u0131z \u00fcr\u00fcnden veya hizmetten memnun kalan m\u00fc\u015fterilerinizin foto\u011fraflar\u0131n\u0131, memnuniyet videolar\u0131n\u0131 vs. payla\u015f\u0131rsan\u0131z m\u00fc\u015fterilerinizin daha <strong>s\u0131cak kitle<\/strong> haline gelmesine sa\u011flayabilirsiniz.<\/p>\n<p><strong>\u00a0\u00a0\u00a0 <img loading=\"lazy\" decoding=\"async\" class=\"alignnone wp-image-54747 size-full\" src=\"https:\/\/earnado.com\/tr\/wp-content\/uploads\/2019\/09\/Instagram-Satisalarini-Arttirma-Yollari-1-1.png\" alt=\"\u0130nstagram Sat\u0131\u015falar\u0131n\u0131 Artt\u0131rma Yollar\u0131 (1)\" width=\"800\" height=\"400\" srcset=\"https:\/\/earnado.com\/tr\/wp-content\/uploads\/2019\/09\/Instagram-Satisalarini-Arttirma-Yollari-1-1.png 800w, https:\/\/earnado.com\/tr\/wp-content\/uploads\/2019\/09\/Instagram-Satisalarini-Arttirma-Yollari-1-1-300x150.png 300w, https:\/\/earnado.com\/tr\/wp-content\/uploads\/2019\/09\/Instagram-Satisalarini-Arttirma-Yollari-1-1-768x384.png 768w\" sizes=\"(max-width: 800px) 100vw, 800px\" \/>\u00a0\u00a0\u00a0\u00a0\u00a0\u00a0\u00a0\u00a0\u00a0\u00a0\u00a0\u00a0\u00a0\u00a0\u00a0\u00a0\u00a0\u00a0\u00a0\u00a0\u00a0\u00a0\u00a0\u00a0\u00a0\u00a0\u00a0\u00a0\u00a0\u00a0\u00a0\u00a0\u00a0\u00a0\u00a0\u00a0\u00a0\u00a0\u00a0\u00a0\u00a0\u00a0\u00a0\u00a0\u00a0\u00a0\u00a0\u00a0\u00a0\u00a0\u00a0\u00a0\u00a0\u00a0\u00a0\u00a0\u00a0\u00a0\u00a0\u00a0\u00a0\u00a0\u00a0\u00a0\u00a0\u00a0\u00a0\u00a0\u00a0\u00a0\u00a0\u00a0\u00a0\u00a0\u00a0\u00a0\u00a0\u00a0\u00a0\u00a0\u00a0\u00a0\u00a0\u00a0\u00a0\u00a0\u00a0\u00a0\u00a0\u00a0\u00a0\u00a0\u00a0\u00a0\u00a0\u00a0\u00a0\u00a0\u00a0\u00a0\u00a0\u00a0\u00a0\u00a0\u00a0\u00a0\u00a0\u00a0\u00a0\u00a0\u00a0\u00a0\u00a0\u00a0\u00a0\u00a0\u00a0\u00a0\u00a0\u00a0\u00a0\u00a0\u00a0\u00a0\u00a0\u00a0\u00a0\u00a0\u00a0\u00a0\u00a0\u00a0\u00a0 <\/strong><\/p>\n","protected":false},"excerpt":{"rendered":"<p>Instagram\u0131n bu derece \u00f6nemli hale gelmesinden kaynakl\u0131 sat\u0131\u015flar\u0131 artt\u0131rmak i\u00e7in 17 ad\u0131mda instagram sat\u0131\u015flar\u0131n\u0131 artt\u0131rmaya y\u00f6nelik neler yap\u0131labilir bunlar\u0131 listeledik. D\u00fcnyada 1 miyar, T\u00fcrkiye\u2019de 36 milyon kullan\u0131c\u0131ya sahip, her g\u00fcn 95 milyon foto\u011fraf ve video y\u00fcklenen pop\u00fcler sosyal medya platformu&#8230;<\/p>\n","protected":false},"author":320,"featured_media":54745,"comment_status":"open","ping_status":"open","sticky":false,"template":"","format":"standard","meta":{"footnotes":""},"categories":[34],"tags":[1466,1465,1470],"class_list":["post-7151","post","type-post","status-publish","format-standard","has-post-thumbnail","hentry","category-reklam-yonetimi","tag-insatgram-satis-yapma","tag-instagram-pazarlama","tag-instagram-yonetimi"],"yoast_head":"<!-- This site is optimized with the Yoast SEO plugin v22.7 - https:\/\/yoast.com\/wordpress\/plugins\/seo\/ -->\n<title>17 Ad\u0131mda Instagram Sat\u0131\u015flar\u0131n\u0131 Art\u0131rma Yollar\u0131 - Earnado<\/title>\n<meta name=\"description\" content=\"17 ad\u0131mda \u0131nstagram sat\u0131\u015flar\u0131n\u0131 nas\u0131l artt\u0131raca\u011f\u0131n\u0131z\u0131 \u00f6\u011frenip cironuzu katlamak i\u00e7in izlenen yollar\u0131 takip edin\" \/>\n<meta name=\"robots\" content=\"index, follow, max-snippet:-1, max-image-preview:large, max-video-preview:-1\" \/>\n<link rel=\"canonical\" href=\"https:\/\/earnado.com\/tr\/17-adimda-instagram-satislarini-artirma-yollari\/\" \/>\n<meta property=\"og:locale\" content=\"tr_TR\" \/>\n<meta property=\"og:type\" content=\"article\" \/>\n<meta property=\"og:title\" content=\"17 Ad\u0131mda Instagram Sat\u0131\u015flar\u0131n\u0131 Art\u0131rma Yollar\u0131 - Earnado\" \/>\n<meta property=\"og:description\" content=\"17 ad\u0131mda \u0131nstagram sat\u0131\u015flar\u0131n\u0131 nas\u0131l artt\u0131raca\u011f\u0131n\u0131z\u0131 \u00f6\u011frenip cironuzu katlamak i\u00e7in izlenen yollar\u0131 takip edin\" \/>\n<meta property=\"og:url\" content=\"https:\/\/earnado.com\/tr\/17-adimda-instagram-satislarini-artirma-yollari\/\" \/>\n<meta property=\"og:site_name\" content=\"Earnado\" \/>\n<meta property=\"article:published_time\" content=\"2019-09-30T08:57:38+00:00\" \/>\n<meta property=\"article:modified_time\" content=\"2026-02-27T19:43:38+00:00\" \/>\n<meta property=\"og:image\" content=\"https:\/\/earnado.com\/tr\/wp-content\/uploads\/2019\/09\/Instagram-Satisalarini-Arttirma-Yollari-1.png\" \/>\n\t<meta property=\"og:image:width\" content=\"800\" \/>\n\t<meta property=\"og:image:height\" content=\"400\" \/>\n\t<meta property=\"og:image:type\" content=\"image\/png\" \/>\n<meta name=\"author\" content=\"Earnado TR\" \/>\n<meta name=\"twitter:card\" content=\"summary_large_image\" \/>\n<meta name=\"twitter:label1\" content=\"Yazan:\" \/>\n\t<meta name=\"twitter:data1\" content=\"Earnado TR\" \/>\n\t<meta name=\"twitter:label2\" content=\"Tahmini okuma s\u00fcresi\" \/>\n\t<meta name=\"twitter:data2\" content=\"16 dakika\" \/>\n<script type=\"application\/ld+json\" class=\"yoast-schema-graph\">{\"@context\":\"https:\/\/schema.org\",\"@graph\":[{\"@type\":\"WebPage\",\"@id\":\"https:\/\/earnado.com\/tr\/17-adimda-instagram-satislarini-artirma-yollari\/\",\"url\":\"https:\/\/earnado.com\/tr\/17-adimda-instagram-satislarini-artirma-yollari\/\",\"name\":\"17 Ad\u0131mda Instagram Sat\u0131\u015flar\u0131n\u0131 Art\u0131rma Yollar\u0131 - Earnado\",\"isPartOf\":{\"@id\":\"https:\/\/earnado.com\/tr\/#website\"},\"primaryImageOfPage\":{\"@id\":\"https:\/\/earnado.com\/tr\/17-adimda-instagram-satislarini-artirma-yollari\/#primaryimage\"},\"image\":{\"@id\":\"https:\/\/earnado.com\/tr\/17-adimda-instagram-satislarini-artirma-yollari\/#primaryimage\"},\"thumbnailUrl\":\"https:\/\/earnado.com\/tr\/wp-content\/uploads\/2019\/09\/Instagram-Satisalarini-Arttirma-Yollari-1.png\",\"datePublished\":\"2019-09-30T08:57:38+00:00\",\"dateModified\":\"2026-02-27T19:43:38+00:00\",\"author\":{\"@id\":\"https:\/\/earnado.com\/tr\/#\/schema\/person\/788c3d7ae48cee109f8173d98370e91a\"},\"description\":\"17 ad\u0131mda \u0131nstagram sat\u0131\u015flar\u0131n\u0131 nas\u0131l artt\u0131raca\u011f\u0131n\u0131z\u0131 \u00f6\u011frenip cironuzu katlamak i\u00e7in izlenen yollar\u0131 takip edin\",\"inLanguage\":\"tr\",\"potentialAction\":[{\"@type\":\"ReadAction\",\"target\":[\"https:\/\/earnado.com\/tr\/17-adimda-instagram-satislarini-artirma-yollari\/\"]}]},{\"@type\":\"ImageObject\",\"inLanguage\":\"tr\",\"@id\":\"https:\/\/earnado.com\/tr\/17-adimda-instagram-satislarini-artirma-yollari\/#primaryimage\",\"url\":\"https:\/\/earnado.com\/tr\/wp-content\/uploads\/2019\/09\/Instagram-Satisalarini-Arttirma-Yollari-1.png\",\"contentUrl\":\"https:\/\/earnado.com\/tr\/wp-content\/uploads\/2019\/09\/Instagram-Satisalarini-Arttirma-Yollari-1.png\",\"width\":800,\"height\":400},{\"@type\":\"WebSite\",\"@id\":\"https:\/\/earnado.com\/tr\/#website\",\"url\":\"https:\/\/earnado.com\/tr\/\",\"name\":\"Earnado\",\"description\":\"\u0130\u015finizi Kafan\u0131zda De\u011fil \u0130nternette B\u00fcy\u00fct\u00fcn!\",\"potentialAction\":[{\"@type\":\"SearchAction\",\"target\":{\"@type\":\"EntryPoint\",\"urlTemplate\":\"https:\/\/earnado.com\/tr\/?s={search_term_string}\"},\"query-input\":\"required name=search_term_string\"}],\"inLanguage\":\"tr\"},{\"@type\":\"Person\",\"@id\":\"https:\/\/earnado.com\/tr\/#\/schema\/person\/788c3d7ae48cee109f8173d98370e91a\",\"name\":\"Earnado TR\",\"image\":{\"@type\":\"ImageObject\",\"inLanguage\":\"tr\",\"@id\":\"https:\/\/earnado.com\/tr\/#\/schema\/person\/image\/\",\"url\":\"https:\/\/secure.gravatar.com\/avatar\/9360cc3231173121b5946ba95a47e3ea5e730f331425e68a28735abe037e3201?s=96&d=mm&r=g\",\"contentUrl\":\"https:\/\/secure.gravatar.com\/avatar\/9360cc3231173121b5946ba95a47e3ea5e730f331425e68a28735abe037e3201?s=96&d=mm&r=g\",\"caption\":\"Earnado TR\"},\"url\":\"https:\/\/earnado.com\/tr\/author\/itearnado-com\/\"}]}<\/script>\n<!-- \/ Yoast SEO plugin. -->","yoast_head_json":{"title":"17 Ad\u0131mda Instagram Sat\u0131\u015flar\u0131n\u0131 Art\u0131rma Yollar\u0131 - Earnado","description":"17 ad\u0131mda \u0131nstagram sat\u0131\u015flar\u0131n\u0131 nas\u0131l artt\u0131raca\u011f\u0131n\u0131z\u0131 \u00f6\u011frenip cironuzu katlamak i\u00e7in izlenen yollar\u0131 takip edin","robots":{"index":"index","follow":"follow","max-snippet":"max-snippet:-1","max-image-preview":"max-image-preview:large","max-video-preview":"max-video-preview:-1"},"canonical":"https:\/\/earnado.com\/tr\/17-adimda-instagram-satislarini-artirma-yollari\/","og_locale":"tr_TR","og_type":"article","og_title":"17 Ad\u0131mda Instagram Sat\u0131\u015flar\u0131n\u0131 Art\u0131rma Yollar\u0131 - Earnado","og_description":"17 ad\u0131mda \u0131nstagram sat\u0131\u015flar\u0131n\u0131 nas\u0131l artt\u0131raca\u011f\u0131n\u0131z\u0131 \u00f6\u011frenip cironuzu katlamak i\u00e7in izlenen yollar\u0131 takip edin","og_url":"https:\/\/earnado.com\/tr\/17-adimda-instagram-satislarini-artirma-yollari\/","og_site_name":"Earnado","article_published_time":"2019-09-30T08:57:38+00:00","article_modified_time":"2026-02-27T19:43:38+00:00","og_image":[{"width":800,"height":400,"url":"https:\/\/earnado.com\/tr\/wp-content\/uploads\/2019\/09\/Instagram-Satisalarini-Arttirma-Yollari-1.png","type":"image\/png"}],"author":"Earnado TR","twitter_card":"summary_large_image","twitter_misc":{"Yazan:":"Earnado TR","Tahmini okuma s\u00fcresi":"16 dakika"},"schema":{"@context":"https:\/\/schema.org","@graph":[{"@type":"WebPage","@id":"https:\/\/earnado.com\/tr\/17-adimda-instagram-satislarini-artirma-yollari\/","url":"https:\/\/earnado.com\/tr\/17-adimda-instagram-satislarini-artirma-yollari\/","name":"17 Ad\u0131mda Instagram Sat\u0131\u015flar\u0131n\u0131 Art\u0131rma Yollar\u0131 - Earnado","isPartOf":{"@id":"https:\/\/earnado.com\/tr\/#website"},"primaryImageOfPage":{"@id":"https:\/\/earnado.com\/tr\/17-adimda-instagram-satislarini-artirma-yollari\/#primaryimage"},"image":{"@id":"https:\/\/earnado.com\/tr\/17-adimda-instagram-satislarini-artirma-yollari\/#primaryimage"},"thumbnailUrl":"https:\/\/earnado.com\/tr\/wp-content\/uploads\/2019\/09\/Instagram-Satisalarini-Arttirma-Yollari-1.png","datePublished":"2019-09-30T08:57:38+00:00","dateModified":"2026-02-27T19:43:38+00:00","author":{"@id":"https:\/\/earnado.com\/tr\/#\/schema\/person\/788c3d7ae48cee109f8173d98370e91a"},"description":"17 ad\u0131mda \u0131nstagram sat\u0131\u015flar\u0131n\u0131 nas\u0131l artt\u0131raca\u011f\u0131n\u0131z\u0131 \u00f6\u011frenip cironuzu katlamak i\u00e7in izlenen yollar\u0131 takip edin","inLanguage":"tr","potentialAction":[{"@type":"ReadAction","target":["https:\/\/earnado.com\/tr\/17-adimda-instagram-satislarini-artirma-yollari\/"]}]},{"@type":"ImageObject","inLanguage":"tr","@id":"https:\/\/earnado.com\/tr\/17-adimda-instagram-satislarini-artirma-yollari\/#primaryimage","url":"https:\/\/earnado.com\/tr\/wp-content\/uploads\/2019\/09\/Instagram-Satisalarini-Arttirma-Yollari-1.png","contentUrl":"https:\/\/earnado.com\/tr\/wp-content\/uploads\/2019\/09\/Instagram-Satisalarini-Arttirma-Yollari-1.png","width":800,"height":400},{"@type":"WebSite","@id":"https:\/\/earnado.com\/tr\/#website","url":"https:\/\/earnado.com\/tr\/","name":"Earnado","description":"\u0130\u015finizi Kafan\u0131zda De\u011fil \u0130nternette B\u00fcy\u00fct\u00fcn!","potentialAction":[{"@type":"SearchAction","target":{"@type":"EntryPoint","urlTemplate":"https:\/\/earnado.com\/tr\/?s={search_term_string}"},"query-input":"required name=search_term_string"}],"inLanguage":"tr"},{"@type":"Person","@id":"https:\/\/earnado.com\/tr\/#\/schema\/person\/788c3d7ae48cee109f8173d98370e91a","name":"Earnado TR","image":{"@type":"ImageObject","inLanguage":"tr","@id":"https:\/\/earnado.com\/tr\/#\/schema\/person\/image\/","url":"https:\/\/secure.gravatar.com\/avatar\/9360cc3231173121b5946ba95a47e3ea5e730f331425e68a28735abe037e3201?s=96&d=mm&r=g","contentUrl":"https:\/\/secure.gravatar.com\/avatar\/9360cc3231173121b5946ba95a47e3ea5e730f331425e68a28735abe037e3201?s=96&d=mm&r=g","caption":"Earnado TR"},"url":"https:\/\/earnado.com\/tr\/author\/itearnado-com\/"}]}},"_links":{"self":[{"href":"https:\/\/earnado.com\/tr\/wp-json\/wp\/v2\/posts\/7151","targetHints":{"allow":["GET"]}}],"collection":[{"href":"https:\/\/earnado.com\/tr\/wp-json\/wp\/v2\/posts"}],"about":[{"href":"https:\/\/earnado.com\/tr\/wp-json\/wp\/v2\/types\/post"}],"author":[{"embeddable":true,"href":"https:\/\/earnado.com\/tr\/wp-json\/wp\/v2\/users\/320"}],"replies":[{"embeddable":true,"href":"https:\/\/earnado.com\/tr\/wp-json\/wp\/v2\/comments?post=7151"}],"version-history":[{"count":17,"href":"https:\/\/earnado.com\/tr\/wp-json\/wp\/v2\/posts\/7151\/revisions"}],"predecessor-version":[{"id":59912,"href":"https:\/\/earnado.com\/tr\/wp-json\/wp\/v2\/posts\/7151\/revisions\/59912"}],"wp:featuredmedia":[{"embeddable":true,"href":"https:\/\/earnado.com\/tr\/wp-json\/wp\/v2\/media\/54745"}],"wp:attachment":[{"href":"https:\/\/earnado.com\/tr\/wp-json\/wp\/v2\/media?parent=7151"}],"wp:term":[{"taxonomy":"category","embeddable":true,"href":"https:\/\/earnado.com\/tr\/wp-json\/wp\/v2\/categories?post=7151"},{"taxonomy":"post_tag","embeddable":true,"href":"https:\/\/earnado.com\/tr\/wp-json\/wp\/v2\/tags?post=7151"}],"curies":[{"name":"wp","href":"https:\/\/api.w.org\/{rel}","templated":true}]}}