{"id":247,"name":"\u015eeyda \u015eerbetcigil","url":"","description":"E\u011fitim hayat\u0131ma TED Ankara Koleji'nde ba\u015flad\u0131m. Ba\u015fkent \u00dcniversitesi \u0130ktisadi ve \u0130dari Bilimler Faku\u0308ltesi \u0130\u015fletme b\u00f6lu\u0308mu\u0308nde 3.s\u0131n\u0131fa ge\u00e7tim. Pazarlama alan\u0131nda kendimi geli\u015ftirmek i\u00e7in ArticaBox adl\u0131 ku\u0308\u00e7u\u0308k i\u015fletmemi kurdum. Ayn\u0131 zamanda bir \u00e7ok projede yer almaya devam ediyorum.","link":"https:\/\/earnado.com\/tr\/author\/seydaserbetcigilgmail-com\/","slug":"seydaserbetcigilgmail-com","avatar_urls":{"24":"https:\/\/secure.gravatar.com\/avatar\/afdd500bf08c6e3fc07bb80a19449d043f552663000d90673359e5e6765f4806?s=24&d=mm&r=g","48":"https:\/\/secure.gravatar.com\/avatar\/afdd500bf08c6e3fc07bb80a19449d043f552663000d90673359e5e6765f4806?s=48&d=mm&r=g","96":"https:\/\/secure.gravatar.com\/avatar\/afdd500bf08c6e3fc07bb80a19449d043f552663000d90673359e5e6765f4806?s=96&d=mm&r=g"},"meta":[],"yoast_head":"<!-- This site is optimized with the Yoast SEO plugin v22.7 - https:\/\/yoast.com\/wordpress\/plugins\/seo\/ -->\n<title>\u015eeyda \u015eerbetcigil, Earnado sitesinin yazar\u0131<\/title>\n<meta name=\"robots\" content=\"index, follow, max-snippet:-1, max-image-preview:large, max-video-preview:-1\" \/>\n<link rel=\"canonical\" href=\"https:\/\/earnado.com\/tr\/author\/seydaserbetcigilgmail-com\/\" \/>\n<meta property=\"og:locale\" content=\"tr_TR\" \/>\n<meta property=\"og:type\" content=\"profile\" \/>\n<meta property=\"og:title\" content=\"\u015eeyda \u015eerbetcigil, Earnado sitesinin yazar\u0131\" \/>\n<meta property=\"og:url\" content=\"https:\/\/earnado.com\/tr\/author\/seydaserbetcigilgmail-com\/\" \/>\n<meta property=\"og:site_name\" content=\"Earnado\" \/>\n<meta property=\"og:image\" content=\"https:\/\/secure.gravatar.com\/avatar\/0040089dd0903e88d8b872b4cdff4e7a?s=500&d=mm&r=g\" \/>\n<meta name=\"twitter:card\" content=\"summary_large_image\" \/>\n<script type=\"application\/ld+json\" class=\"yoast-schema-graph\">{\"@context\":\"https:\/\/schema.org\",\"@graph\":[{\"@type\":\"ProfilePage\",\"@id\":\"https:\/\/earnado.com\/tr\/author\/seydaserbetcigilgmail-com\/\",\"url\":\"https:\/\/earnado.com\/tr\/author\/seydaserbetcigilgmail-com\/\",\"name\":\"\u015eeyda \u015eerbetcigil, Earnado sitesinin yazar\u0131\",\"isPartOf\":{\"@id\":\"https:\/\/earnado.com\/tr\/#website\"},\"inLanguage\":\"tr\",\"potentialAction\":[{\"@type\":\"ReadAction\",\"target\":[\"https:\/\/earnado.com\/tr\/author\/seydaserbetcigilgmail-com\/\"]}]},{\"@type\":\"WebSite\",\"@id\":\"https:\/\/earnado.com\/tr\/#website\",\"url\":\"https:\/\/earnado.com\/tr\/\",\"name\":\"Earnado\",\"description\":\"\u0130\u015finizi Kafan\u0131zda De\u011fil \u0130nternette B\u00fcy\u00fct\u00fcn!\",\"potentialAction\":[{\"@type\":\"SearchAction\",\"target\":{\"@type\":\"EntryPoint\",\"urlTemplate\":\"https:\/\/earnado.com\/tr\/?s={search_term_string}\"},\"query-input\":\"required name=search_term_string\"}],\"inLanguage\":\"tr\"},{\"@type\":\"Person\",\"@id\":\"https:\/\/earnado.com\/tr\/#\/schema\/person\/c93a4e0e5bd4b535cc40caf03c8ab574\",\"name\":\"\u015eeyda \u015eerbetcigil\",\"image\":{\"@type\":\"ImageObject\",\"inLanguage\":\"tr\",\"@id\":\"https:\/\/earnado.com\/tr\/#\/schema\/person\/image\/\",\"url\":\"https:\/\/secure.gravatar.com\/avatar\/afdd500bf08c6e3fc07bb80a19449d043f552663000d90673359e5e6765f4806?s=96&d=mm&r=g\",\"contentUrl\":\"https:\/\/secure.gravatar.com\/avatar\/afdd500bf08c6e3fc07bb80a19449d043f552663000d90673359e5e6765f4806?s=96&d=mm&r=g\",\"caption\":\"\u015eeyda \u015eerbetcigil\"},\"description\":\"E\u011fitim hayat\u0131ma TED Ankara Koleji'nde ba\u015flad\u0131m. Ba\u015fkent \u00dcniversitesi \u0130ktisadi ve \u0130dari Bilimler Faku\u0308ltesi \u0130\u015fletme b\u00f6lu\u0308mu\u0308nde 3.s\u0131n\u0131fa ge\u00e7tim. Pazarlama alan\u0131nda kendimi geli\u015ftirmek i\u00e7in ArticaBox adl\u0131 ku\u0308\u00e7u\u0308k i\u015fletmemi kurdum. Ayn\u0131 zamanda bir \u00e7ok projede yer almaya devam ediyorum.\",\"sameAs\":[\"https:\/\/www.facebook.com\/seyda.serbetcigil\",\"https:\/\/www.instagram.com\/seydaserb\/\",\"https:\/\/www.linkedin.com\/in\/seydaserb\/\"],\"mainEntityOfPage\":{\"@id\":\"https:\/\/earnado.com\/tr\/author\/seydaserbetcigilgmail-com\/\"}}]}<\/script>\n<!-- \/ Yoast SEO plugin. -->","yoast_head_json":{"title":"\u015eeyda \u015eerbetcigil, Earnado sitesinin yazar\u0131","robots":{"index":"index","follow":"follow","max-snippet":"max-snippet:-1","max-image-preview":"max-image-preview:large","max-video-preview":"max-video-preview:-1"},"canonical":"https:\/\/earnado.com\/tr\/author\/seydaserbetcigilgmail-com\/","og_locale":"tr_TR","og_type":"profile","og_title":"\u015eeyda \u015eerbetcigil, Earnado sitesinin yazar\u0131","og_url":"https:\/\/earnado.com\/tr\/author\/seydaserbetcigilgmail-com\/","og_site_name":"Earnado","og_image":[{"url":"https:\/\/secure.gravatar.com\/avatar\/0040089dd0903e88d8b872b4cdff4e7a?s=500&d=mm&r=g"}],"twitter_card":"summary_large_image","schema":{"@context":"https:\/\/schema.org","@graph":[{"@type":"ProfilePage","@id":"https:\/\/earnado.com\/tr\/author\/seydaserbetcigilgmail-com\/","url":"https:\/\/earnado.com\/tr\/author\/seydaserbetcigilgmail-com\/","name":"\u015eeyda \u015eerbetcigil, Earnado sitesinin yazar\u0131","isPartOf":{"@id":"https:\/\/earnado.com\/tr\/#website"},"inLanguage":"tr","potentialAction":[{"@type":"ReadAction","target":["https:\/\/earnado.com\/tr\/author\/seydaserbetcigilgmail-com\/"]}]},{"@type":"WebSite","@id":"https:\/\/earnado.com\/tr\/#website","url":"https:\/\/earnado.com\/tr\/","name":"Earnado","description":"\u0130\u015finizi Kafan\u0131zda De\u011fil \u0130nternette B\u00fcy\u00fct\u00fcn!","potentialAction":[{"@type":"SearchAction","target":{"@type":"EntryPoint","urlTemplate":"https:\/\/earnado.com\/tr\/?s={search_term_string}"},"query-input":"required name=search_term_string"}],"inLanguage":"tr"},{"@type":"Person","@id":"https:\/\/earnado.com\/tr\/#\/schema\/person\/c93a4e0e5bd4b535cc40caf03c8ab574","name":"\u015eeyda \u015eerbetcigil","image":{"@type":"ImageObject","inLanguage":"tr","@id":"https:\/\/earnado.com\/tr\/#\/schema\/person\/image\/","url":"https:\/\/secure.gravatar.com\/avatar\/afdd500bf08c6e3fc07bb80a19449d043f552663000d90673359e5e6765f4806?s=96&d=mm&r=g","contentUrl":"https:\/\/secure.gravatar.com\/avatar\/afdd500bf08c6e3fc07bb80a19449d043f552663000d90673359e5e6765f4806?s=96&d=mm&r=g","caption":"\u015eeyda \u015eerbetcigil"},"description":"E\u011fitim hayat\u0131ma TED Ankara Koleji'nde ba\u015flad\u0131m. Ba\u015fkent \u00dcniversitesi \u0130ktisadi ve \u0130dari Bilimler Faku\u0308ltesi \u0130\u015fletme b\u00f6lu\u0308mu\u0308nde 3.s\u0131n\u0131fa ge\u00e7tim. Pazarlama alan\u0131nda kendimi geli\u015ftirmek i\u00e7in ArticaBox adl\u0131 ku\u0308\u00e7u\u0308k i\u015fletmemi kurdum. Ayn\u0131 zamanda bir \u00e7ok projede yer almaya devam ediyorum.","sameAs":["https:\/\/www.facebook.com\/seyda.serbetcigil","https:\/\/www.instagram.com\/seydaserb\/","https:\/\/www.linkedin.com\/in\/seydaserb\/"],"mainEntityOfPage":{"@id":"https:\/\/earnado.com\/tr\/author\/seydaserbetcigilgmail-com\/"}}]}},"_links":{"self":[{"href":"https:\/\/earnado.com\/tr\/wp-json\/wp\/v2\/users\/247","targetHints":{"allow":["GET"]}}],"collection":[{"href":"https:\/\/earnado.com\/tr\/wp-json\/wp\/v2\/users"}]}}