{"id":374,"name":"\u0130lkem Celepo\u011flu","url":"","description":"Eyl\u00fcl 1996'da Samsun'da do\u011fdum. Halkla \u0130li\u015fkiler ve Tan\u0131t\u0131m b\u00f6l\u00fcm\u00fcnden mezun oldum. Sosyal medya, dijital pazarlama, reklam, marka alan\u0131nda freelance olarak \u00e7al\u0131\u015f\u0131yorum ve hala kendimi geli\u015ftirmeye ve e\u011fitimler almaya devam ediyorum. Hem deneyimleyip hem de \u00f6\u011frenmek temel hedeflerimdendir. Yaz\u0131 yazmay\u0131, okumay\u0131, ara\u015ft\u0131rma yapmay\u0131 severim. Sorumluluk al\u0131p onu ba\u015far\u0131l\u0131 \u015fekilde tamamlamak beni mutlu eden \u015feylerden birisidir.","link":"https:\/\/earnado.com\/tr\/author\/ilkemcelepogluu\/","slug":"ilkemcelepogluu","avatar_urls":{"24":"https:\/\/secure.gravatar.com\/avatar\/ef754191fb8e5d99cef1f17ae22f52479be94f87ce55c1bbd0f4aea60da70e3a?s=24&d=mm&r=g","48":"https:\/\/secure.gravatar.com\/avatar\/ef754191fb8e5d99cef1f17ae22f52479be94f87ce55c1bbd0f4aea60da70e3a?s=48&d=mm&r=g","96":"https:\/\/secure.gravatar.com\/avatar\/ef754191fb8e5d99cef1f17ae22f52479be94f87ce55c1bbd0f4aea60da70e3a?s=96&d=mm&r=g"},"meta":[],"yoast_head":"<!-- This site is optimized with the Yoast SEO plugin v22.7 - https:\/\/yoast.com\/wordpress\/plugins\/seo\/ -->\n<title>\u0130lkem Celepo\u011flu, Earnado sitesinin yazar\u0131<\/title>\n<meta name=\"robots\" content=\"index, follow, max-snippet:-1, max-image-preview:large, max-video-preview:-1\" \/>\n<link rel=\"canonical\" href=\"https:\/\/earnado.com\/tr\/author\/ilkemcelepogluu\/\" \/>\n<meta property=\"og:locale\" content=\"tr_TR\" \/>\n<meta property=\"og:type\" content=\"profile\" \/>\n<meta property=\"og:title\" content=\"\u0130lkem Celepo\u011flu, Earnado sitesinin yazar\u0131\" \/>\n<meta property=\"og:url\" content=\"https:\/\/earnado.com\/tr\/author\/ilkemcelepogluu\/\" \/>\n<meta property=\"og:site_name\" content=\"Earnado\" \/>\n<meta property=\"og:image\" content=\"https:\/\/secure.gravatar.com\/avatar\/9568ff6c1779421295e000a6d516074d?s=500&d=mm&r=g\" \/>\n<meta name=\"twitter:card\" content=\"summary_large_image\" \/>\n<script type=\"application\/ld+json\" class=\"yoast-schema-graph\">{\"@context\":\"https:\/\/schema.org\",\"@graph\":[{\"@type\":\"ProfilePage\",\"@id\":\"https:\/\/earnado.com\/tr\/author\/ilkemcelepogluu\/\",\"url\":\"https:\/\/earnado.com\/tr\/author\/ilkemcelepogluu\/\",\"name\":\"\u0130lkem Celepo\u011flu, Earnado sitesinin yazar\u0131\",\"isPartOf\":{\"@id\":\"https:\/\/earnado.com\/tr\/#website\"},\"inLanguage\":\"tr\",\"potentialAction\":[{\"@type\":\"ReadAction\",\"target\":[\"https:\/\/earnado.com\/tr\/author\/ilkemcelepogluu\/\"]}]},{\"@type\":\"WebSite\",\"@id\":\"https:\/\/earnado.com\/tr\/#website\",\"url\":\"https:\/\/earnado.com\/tr\/\",\"name\":\"Earnado\",\"description\":\"\u0130\u015finizi Kafan\u0131zda De\u011fil \u0130nternette B\u00fcy\u00fct\u00fcn!\",\"potentialAction\":[{\"@type\":\"SearchAction\",\"target\":{\"@type\":\"EntryPoint\",\"urlTemplate\":\"https:\/\/earnado.com\/tr\/?s={search_term_string}\"},\"query-input\":\"required name=search_term_string\"}],\"inLanguage\":\"tr\"},{\"@type\":\"Person\",\"@id\":\"https:\/\/earnado.com\/tr\/#\/schema\/person\/4794ad42bfb8d50b3cd4b540b9bff5b0\",\"name\":\"\u0130lkem Celepo\u011flu\",\"image\":{\"@type\":\"ImageObject\",\"inLanguage\":\"tr\",\"@id\":\"https:\/\/earnado.com\/tr\/#\/schema\/person\/image\/\",\"url\":\"https:\/\/secure.gravatar.com\/avatar\/ef754191fb8e5d99cef1f17ae22f52479be94f87ce55c1bbd0f4aea60da70e3a?s=96&d=mm&r=g\",\"contentUrl\":\"https:\/\/secure.gravatar.com\/avatar\/ef754191fb8e5d99cef1f17ae22f52479be94f87ce55c1bbd0f4aea60da70e3a?s=96&d=mm&r=g\",\"caption\":\"\u0130lkem Celepo\u011flu\"},\"description\":\"Eyl\u00fcl 1996'da Samsun'da do\u011fdum. Halkla \u0130li\u015fkiler ve Tan\u0131t\u0131m b\u00f6l\u00fcm\u00fcnden mezun oldum. Sosyal medya, dijital pazarlama, reklam, marka alan\u0131nda freelance olarak \u00e7al\u0131\u015f\u0131yorum ve hala kendimi geli\u015ftirmeye ve e\u011fitimler almaya devam ediyorum. Hem deneyimleyip hem de \u00f6\u011frenmek temel hedeflerimdendir. Yaz\u0131 yazmay\u0131, okumay\u0131, ara\u015ft\u0131rma yapmay\u0131 severim. Sorumluluk al\u0131p onu ba\u015far\u0131l\u0131 \u015fekilde tamamlamak beni mutlu eden \u015feylerden birisidir.\",\"sameAs\":[\"instagram.com\/dijitalcibaci\",\"https:\/\/www.linkedin.com\/in\/ilkem-celepolu\/\"],\"mainEntityOfPage\":{\"@id\":\"https:\/\/earnado.com\/tr\/author\/ilkemcelepogluu\/\"}}]}<\/script>\n<!-- \/ Yoast SEO plugin. -->","yoast_head_json":{"title":"\u0130lkem Celepo\u011flu, Earnado sitesinin yazar\u0131","robots":{"index":"index","follow":"follow","max-snippet":"max-snippet:-1","max-image-preview":"max-image-preview:large","max-video-preview":"max-video-preview:-1"},"canonical":"https:\/\/earnado.com\/tr\/author\/ilkemcelepogluu\/","og_locale":"tr_TR","og_type":"profile","og_title":"\u0130lkem Celepo\u011flu, Earnado sitesinin yazar\u0131","og_url":"https:\/\/earnado.com\/tr\/author\/ilkemcelepogluu\/","og_site_name":"Earnado","og_image":[{"url":"https:\/\/secure.gravatar.com\/avatar\/9568ff6c1779421295e000a6d516074d?s=500&d=mm&r=g"}],"twitter_card":"summary_large_image","schema":{"@context":"https:\/\/schema.org","@graph":[{"@type":"ProfilePage","@id":"https:\/\/earnado.com\/tr\/author\/ilkemcelepogluu\/","url":"https:\/\/earnado.com\/tr\/author\/ilkemcelepogluu\/","name":"\u0130lkem Celepo\u011flu, Earnado sitesinin yazar\u0131","isPartOf":{"@id":"https:\/\/earnado.com\/tr\/#website"},"inLanguage":"tr","potentialAction":[{"@type":"ReadAction","target":["https:\/\/earnado.com\/tr\/author\/ilkemcelepogluu\/"]}]},{"@type":"WebSite","@id":"https:\/\/earnado.com\/tr\/#website","url":"https:\/\/earnado.com\/tr\/","name":"Earnado","description":"\u0130\u015finizi Kafan\u0131zda De\u011fil \u0130nternette B\u00fcy\u00fct\u00fcn!","potentialAction":[{"@type":"SearchAction","target":{"@type":"EntryPoint","urlTemplate":"https:\/\/earnado.com\/tr\/?s={search_term_string}"},"query-input":"required name=search_term_string"}],"inLanguage":"tr"},{"@type":"Person","@id":"https:\/\/earnado.com\/tr\/#\/schema\/person\/4794ad42bfb8d50b3cd4b540b9bff5b0","name":"\u0130lkem Celepo\u011flu","image":{"@type":"ImageObject","inLanguage":"tr","@id":"https:\/\/earnado.com\/tr\/#\/schema\/person\/image\/","url":"https:\/\/secure.gravatar.com\/avatar\/ef754191fb8e5d99cef1f17ae22f52479be94f87ce55c1bbd0f4aea60da70e3a?s=96&d=mm&r=g","contentUrl":"https:\/\/secure.gravatar.com\/avatar\/ef754191fb8e5d99cef1f17ae22f52479be94f87ce55c1bbd0f4aea60da70e3a?s=96&d=mm&r=g","caption":"\u0130lkem Celepo\u011flu"},"description":"Eyl\u00fcl 1996'da Samsun'da do\u011fdum. Halkla \u0130li\u015fkiler ve Tan\u0131t\u0131m b\u00f6l\u00fcm\u00fcnden mezun oldum. Sosyal medya, dijital pazarlama, reklam, marka alan\u0131nda freelance olarak \u00e7al\u0131\u015f\u0131yorum ve hala kendimi geli\u015ftirmeye ve e\u011fitimler almaya devam ediyorum. Hem deneyimleyip hem de \u00f6\u011frenmek temel hedeflerimdendir. Yaz\u0131 yazmay\u0131, okumay\u0131, ara\u015ft\u0131rma yapmay\u0131 severim. Sorumluluk al\u0131p onu ba\u015far\u0131l\u0131 \u015fekilde tamamlamak beni mutlu eden \u015feylerden birisidir.","sameAs":["instagram.com\/dijitalcibaci","https:\/\/www.linkedin.com\/in\/ilkem-celepolu\/"],"mainEntityOfPage":{"@id":"https:\/\/earnado.com\/tr\/author\/ilkemcelepogluu\/"}}]}},"_links":{"self":[{"href":"https:\/\/earnado.com\/tr\/wp-json\/wp\/v2\/users\/374","targetHints":{"allow":["GET"]}}],"collection":[{"href":"https:\/\/earnado.com\/tr\/wp-json\/wp\/v2\/users"}]}}