{"id":400,"name":"Serhat Ekta\u015f","url":"","description":"Yakla\u015f\u0131k 1 y\u0131ld\u0131r pazarlama ve dijital pazarlama alan\u0131 ile ilgileniyorum. Kariyerimde bu alanda ilerlemeyi d\u00fc\u015f\u00fcn\u00fcyorum.\r\n\r\nAkademik e\u011fitimin yan\u0131 s\u0131ra \u00e7e\u015fitli kurulu\u015flardaki pazarlama alan\u0131nda g\u00f6rev al\u0131yor ve online \u00fczerinden dijital pazarlama \u00fczerine e\u011fitimler al\u0131yorum.","link":"https:\/\/earnado.com\/tr\/author\/serhatektassq\/","slug":"serhatektassq","avatar_urls":{"24":"https:\/\/secure.gravatar.com\/avatar\/5fb1bc9b3d9f5aa8c9a7882be8a8fb7472bfcbb3660620a1efef15b465b58a15?s=24&d=mm&r=g","48":"https:\/\/secure.gravatar.com\/avatar\/5fb1bc9b3d9f5aa8c9a7882be8a8fb7472bfcbb3660620a1efef15b465b58a15?s=48&d=mm&r=g","96":"https:\/\/secure.gravatar.com\/avatar\/5fb1bc9b3d9f5aa8c9a7882be8a8fb7472bfcbb3660620a1efef15b465b58a15?s=96&d=mm&r=g"},"meta":[],"yoast_head":"<!-- This site is optimized with the Yoast SEO plugin v22.7 - https:\/\/yoast.com\/wordpress\/plugins\/seo\/ -->\n<title>Serhat Ekta\u015f, Earnado sitesinin yazar\u0131<\/title>\n<meta name=\"robots\" content=\"index, follow, max-snippet:-1, max-image-preview:large, max-video-preview:-1\" \/>\n<link rel=\"canonical\" href=\"https:\/\/earnado.com\/tr\/author\/serhatektassq\/\" \/>\n<meta property=\"og:locale\" content=\"tr_TR\" \/>\n<meta property=\"og:type\" content=\"profile\" \/>\n<meta property=\"og:title\" content=\"Serhat Ekta\u015f, Earnado sitesinin yazar\u0131\" \/>\n<meta property=\"og:url\" content=\"https:\/\/earnado.com\/tr\/author\/serhatektassq\/\" \/>\n<meta property=\"og:site_name\" content=\"Earnado\" \/>\n<meta property=\"og:image\" content=\"https:\/\/secure.gravatar.com\/avatar\/77dc6c58eb000f721f10a8f1c2d1e8a1?s=500&d=mm&r=g\" \/>\n<meta name=\"twitter:card\" content=\"summary_large_image\" \/>\n<script type=\"application\/ld+json\" class=\"yoast-schema-graph\">{\"@context\":\"https:\/\/schema.org\",\"@graph\":[{\"@type\":\"ProfilePage\",\"@id\":\"https:\/\/earnado.com\/tr\/author\/serhatektassq\/\",\"url\":\"https:\/\/earnado.com\/tr\/author\/serhatektassq\/\",\"name\":\"Serhat Ekta\u015f, Earnado sitesinin yazar\u0131\",\"isPartOf\":{\"@id\":\"https:\/\/earnado.com\/tr\/#website\"},\"inLanguage\":\"tr\",\"potentialAction\":[{\"@type\":\"ReadAction\",\"target\":[\"https:\/\/earnado.com\/tr\/author\/serhatektassq\/\"]}]},{\"@type\":\"WebSite\",\"@id\":\"https:\/\/earnado.com\/tr\/#website\",\"url\":\"https:\/\/earnado.com\/tr\/\",\"name\":\"Earnado\",\"description\":\"\u0130\u015finizi Kafan\u0131zda De\u011fil \u0130nternette B\u00fcy\u00fct\u00fcn!\",\"potentialAction\":[{\"@type\":\"SearchAction\",\"target\":{\"@type\":\"EntryPoint\",\"urlTemplate\":\"https:\/\/earnado.com\/tr\/?s={search_term_string}\"},\"query-input\":\"required name=search_term_string\"}],\"inLanguage\":\"tr\"},{\"@type\":\"Person\",\"@id\":\"https:\/\/earnado.com\/tr\/#\/schema\/person\/e9298f8813a78fe22888e46458d20cf6\",\"name\":\"Serhat Ekta\u015f\",\"image\":{\"@type\":\"ImageObject\",\"inLanguage\":\"tr\",\"@id\":\"https:\/\/earnado.com\/tr\/#\/schema\/person\/image\/\",\"url\":\"https:\/\/secure.gravatar.com\/avatar\/5fb1bc9b3d9f5aa8c9a7882be8a8fb7472bfcbb3660620a1efef15b465b58a15?s=96&d=mm&r=g\",\"contentUrl\":\"https:\/\/secure.gravatar.com\/avatar\/5fb1bc9b3d9f5aa8c9a7882be8a8fb7472bfcbb3660620a1efef15b465b58a15?s=96&d=mm&r=g\",\"caption\":\"Serhat Ekta\u015f\"},\"description\":\"Yakla\u015f\u0131k 1 y\u0131ld\u0131r pazarlama ve dijital pazarlama alan\u0131 ile ilgileniyorum. Kariyerimde bu alanda ilerlemeyi d\u00fc\u015f\u00fcn\u00fcyorum. Akademik e\u011fitimin yan\u0131 s\u0131ra \u00e7e\u015fitli kurulu\u015flardaki pazarlama alan\u0131nda g\u00f6rev al\u0131yor ve online \u00fczerinden dijital pazarlama \u00fczerine e\u011fitimler al\u0131yorum.\",\"sameAs\":[\"https:\/\/www.instagram.com\/98serhat\/?hl=tr\",\"https:\/\/www.linkedin.com\/in\/serhatektas\/\"],\"mainEntityOfPage\":{\"@id\":\"https:\/\/earnado.com\/tr\/author\/serhatektassq\/\"}}]}<\/script>\n<!-- \/ Yoast SEO plugin. -->","yoast_head_json":{"title":"Serhat Ekta\u015f, Earnado sitesinin yazar\u0131","robots":{"index":"index","follow":"follow","max-snippet":"max-snippet:-1","max-image-preview":"max-image-preview:large","max-video-preview":"max-video-preview:-1"},"canonical":"https:\/\/earnado.com\/tr\/author\/serhatektassq\/","og_locale":"tr_TR","og_type":"profile","og_title":"Serhat Ekta\u015f, Earnado sitesinin yazar\u0131","og_url":"https:\/\/earnado.com\/tr\/author\/serhatektassq\/","og_site_name":"Earnado","og_image":[{"url":"https:\/\/secure.gravatar.com\/avatar\/77dc6c58eb000f721f10a8f1c2d1e8a1?s=500&d=mm&r=g"}],"twitter_card":"summary_large_image","schema":{"@context":"https:\/\/schema.org","@graph":[{"@type":"ProfilePage","@id":"https:\/\/earnado.com\/tr\/author\/serhatektassq\/","url":"https:\/\/earnado.com\/tr\/author\/serhatektassq\/","name":"Serhat Ekta\u015f, Earnado sitesinin yazar\u0131","isPartOf":{"@id":"https:\/\/earnado.com\/tr\/#website"},"inLanguage":"tr","potentialAction":[{"@type":"ReadAction","target":["https:\/\/earnado.com\/tr\/author\/serhatektassq\/"]}]},{"@type":"WebSite","@id":"https:\/\/earnado.com\/tr\/#website","url":"https:\/\/earnado.com\/tr\/","name":"Earnado","description":"\u0130\u015finizi Kafan\u0131zda De\u011fil \u0130nternette B\u00fcy\u00fct\u00fcn!","potentialAction":[{"@type":"SearchAction","target":{"@type":"EntryPoint","urlTemplate":"https:\/\/earnado.com\/tr\/?s={search_term_string}"},"query-input":"required name=search_term_string"}],"inLanguage":"tr"},{"@type":"Person","@id":"https:\/\/earnado.com\/tr\/#\/schema\/person\/e9298f8813a78fe22888e46458d20cf6","name":"Serhat Ekta\u015f","image":{"@type":"ImageObject","inLanguage":"tr","@id":"https:\/\/earnado.com\/tr\/#\/schema\/person\/image\/","url":"https:\/\/secure.gravatar.com\/avatar\/5fb1bc9b3d9f5aa8c9a7882be8a8fb7472bfcbb3660620a1efef15b465b58a15?s=96&d=mm&r=g","contentUrl":"https:\/\/secure.gravatar.com\/avatar\/5fb1bc9b3d9f5aa8c9a7882be8a8fb7472bfcbb3660620a1efef15b465b58a15?s=96&d=mm&r=g","caption":"Serhat Ekta\u015f"},"description":"Yakla\u015f\u0131k 1 y\u0131ld\u0131r pazarlama ve dijital pazarlama alan\u0131 ile ilgileniyorum. Kariyerimde bu alanda ilerlemeyi d\u00fc\u015f\u00fcn\u00fcyorum. Akademik e\u011fitimin yan\u0131 s\u0131ra \u00e7e\u015fitli kurulu\u015flardaki pazarlama alan\u0131nda g\u00f6rev al\u0131yor ve online \u00fczerinden dijital pazarlama \u00fczerine e\u011fitimler al\u0131yorum.","sameAs":["https:\/\/www.instagram.com\/98serhat\/?hl=tr","https:\/\/www.linkedin.com\/in\/serhatektas\/"],"mainEntityOfPage":{"@id":"https:\/\/earnado.com\/tr\/author\/serhatektassq\/"}}]}},"_links":{"self":[{"href":"https:\/\/earnado.com\/tr\/wp-json\/wp\/v2\/users\/400","targetHints":{"allow":["GET"]}}],"collection":[{"href":"https:\/\/earnado.com\/tr\/wp-json\/wp\/v2\/users"}]}}